{"id":66956,"date":"2025-10-20T04:20:10","date_gmt":"2025-10-20T04:20:10","guid":{"rendered":"https:\/\/www.europesays.com\/fi\/66956\/"},"modified":"2025-10-20T04:20:10","modified_gmt":"2025-10-20T04:20:10","slug":"vesta-vain-elamaa-ohjelmassa-avoimena-alkoholin-kaytosta","status":"publish","type":"post","link":"https:\/\/www.europesays.com\/fi\/66956\/","title":{"rendered":"Vesta Vain el\u00e4m\u00e4\u00e4 -ohjelmassa: avoimena alkoholin k\u00e4yt\u00f6st\u00e4"},"content":{"rendered":"<p>\n            VAIN EL\u00c4M\u00c4\u00c4. Vesta. ATTE KAJOVA.<br \/>\n            ATTE KAJOVA\n        <\/p>\n<p class=\"subtitle \">Vesta puhuu menestyksen varjopuolista Vain el\u00e4m\u00e4\u00e4 -jaksossaan.<\/p>\n<p class=\"article-content article-content-width !bg-background\">Artisti  avaa el\u00e4m\u00e4\u00e4ns\u00e4 Vain el\u00e4m\u00e4\u00e4 -ohjelmassa. Vestan jakso julkaistiin Ruutu+-palvelussa 17.10. Nelosella se n\u00e4hd\u00e4\u00e4n 24.10.<\/p>\n<p class=\"italic m-italic article-content article-content-width !bg-background\">Video: Vain el\u00e4m\u00e4\u00e4 -ohjelmassa luvassa rajua meininki\u00e4.\u00a0<\/p>\n<p class=\"article-content article-content-width !bg-background\">Vesta kertoo jaksossa el\u00e4v\u00e4ns\u00e4 t\u00e4ll\u00e4 hetkell\u00e4 el\u00e4m\u00e4ns\u00e4 onnellisinta vaihetta. Artisti kuvailee, kuinka h\u00e4n on k\u00e4ynyt my\u00f6s pohjalla el\u00e4m\u00e4ss\u00e4\u00e4n.\u00a0<\/p>\n<p class=\"article-content article-content-width !bg-background\">Lapsuutensa Vesta sai viett\u00e4\u00e4 onnellisena perheens\u00e4 kanssa, johon kuuluu vanhempien lis\u00e4ksi kaksi isosiskoa.<\/p>\n<p class=\"article-content article-content-width !bg-background\">Vesta kuvailee muille artisteille, kuinka h\u00e4nell\u00e4 yhdess\u00e4 vaiheessa el\u00e4m\u00e4\u00e4 oli kuitenkin tullut ero ja yst\u00e4vyyssuhteet olivat menneet solmuun. H\u00e4n oli ollut todella yksin\u00e4inen.\u00a0<\/p>\n<p>        <a itemprop=\"url\" href=\"https:\/\/www.seiska.fi\/katso\/vesta-avautuu-lahisuhdevakivallasta\/1964622\" rel=\"nofollow noopener\" target=\"_blank\"><\/p>\n<p>\nVesta\n<\/p>\n<p class=\"section-date\">\n        <strong class=\"article-section\" data-section=\"katso\"><br \/>\n            katso<br \/>\n        <\/strong><br \/>\n        17.10. 05:15\n    <\/p>\n<p>Vesta avautuu l\u00e4hisuhdev\u00e4kivallasta\n    <\/p>\n<p itemprop=\"description\" class=\"subtitle \">\n    Vesta puhuu vaietusta aiheesta Vain el\u00e4m\u00e4\u00e4 -jaksossaan.\n<\/p>\n<p>        <\/a><\/p>\n<p>Ihanaa, my\u00f6s vaikeaa<\/p>\n<p class=\"article-content article-content-width !bg-background\">Vesta pelmahti julkisuuteen vuonna 2015 ollessaan vasta parikymppinen. Suosio r\u00e4j\u00e4hti k\u00e4siin kolme vuotta my\u00f6hemmin, kun h\u00e4n julkaisi ensimm\u00e4isen albuminsa Lohtulauseita.<\/p>\n<p class=\"article-content article-content-width !bg-background\">Vesta kertoo jaksossa, kuinka ket\u00e4\u00e4n ei voi valmistella tarpeeksi julkisuuteen. Albumin tuoma huomio oli paitsi ihanaa, my\u00f6s vaikeaa.<\/p>\n<p class=\"article-content article-content-width !bg-background\"> \u2013 Kyll\u00e4 ne vuodet meniv\u00e4t juhliessa. Se juhlinta oli tietysti hauskaa, mutta siin\u00e4 peitti my\u00f6s sit\u00e4 pelkoa. Sit\u00e4 pelkoa, mit\u00e4 julkisuus toi mukanaan.<\/p>\n<p>        <a itemprop=\"url\" href=\"https:\/\/www.seiska.fi\/katso\/vakavasti-sairastunut-kaarija-kavi-lahella-kuolemaa-aiti-itki-vieressa\/1924019\" rel=\"nofollow noopener\" target=\"_blank\"><\/p>\n<p>\nK\u00e4\u00e4rij\u00e4\n<\/p>\n<p class=\"section-date\">\n        <strong class=\"article-section\" data-section=\"katso\"><br \/>\n            katso<br \/>\n        <\/strong><br \/>\n        9.9. 05:15\n    <\/p>\n<p>Vakavasti sairastunut K\u00e4\u00e4rij\u00e4 k\u00e4vi l\u00e4hell\u00e4 kuolemaa: &#8221;\u00c4iti itki vieress\u00e4&#8221;\n    <\/p>\n<p itemprop=\"description\" class=\"subtitle \">\n    K\u00e4\u00e4rij\u00e4 kertoo avoimesti terveysongelmistaan Vain el\u00e4m\u00e4\u00e4 -ohjelmassa.\n<\/p>\n<p>        <\/a><\/p>\n<p class=\"article-content article-content-width !bg-background\"> samaistuu Vestan tilanteeseen.<\/p>\n<p class=\"article-content article-content-width !bg-background\"> \u2013 \u00a0Sulla on k\u00e4ynyt sama mik\u00e4 mulla. Jollain tapaa sit\u00e4 turrutti alkoholilla niit\u00e4 tuntemuksia, K\u00e4\u00e4rij\u00e4 kuvailee.<\/p>\n<p class=\"article-content article-content-width !bg-background\">Vesta avaa omia kokemuksiaan.<\/p>\n<p class=\"article-content article-content-width !bg-background\"> \u2013 Mulla oli jotenkin nuoruuden kuolemattomuus. Tunne, ettei mik\u00e4\u00e4n voi hetkauttaa minua. Sitten yht\u00e4kki\u00e4 asiat ovatkin kasautuneet pitk\u00e4lt\u00e4 ajalta. Sitten romahtaa sen painosta. En kest\u00e4k\u00e4\u00e4n. Ei kenenk\u00e4\u00e4n kuulu kest\u00e4\u00e4, Vesta kuvailee.<\/p>\n<p class=\"italic m-italic article-content article-content-width !bg-background\">Vain el\u00e4m\u00e4\u00e4 perjantaisin Nelosella ja Ruudussa.\u00a0<\/p>\n<p>        <a itemprop=\"url\" href=\"https:\/\/www.seiska.fi\/kotimaa\/hs-vain-elamaa-tahdilla-salasuhde-ja-avoliitto\/1948851\" rel=\"nofollow noopener\" target=\"_blank\"><\/p>\n<p>\nVain el\u00e4m\u00e4\u00e4 -pari\n<\/p>\n<p class=\"section-date\">\n        <strong class=\"article-section\" data-section=\"kotimaa\"><br \/>\n            kotimaa<br \/>\n        <\/strong><br \/>\n        2.10. 10:29\n    <\/p>\n<p>HS: Vain el\u00e4m\u00e4\u00e4 -t\u00e4hdill\u00e4 salasuhde ja avoliitto!\n    <\/p>\n<p itemprop=\"description\" class=\"subtitle \">\n    Vain el\u00e4m\u00e4\u00e4 -ohjelmaa t\u00e4hditt\u00e4v\u00e4 Mikki Kauste kommentoi Helsingin Sanomille takavuosien parisuhdettaan.\n<\/p>\n<p>        <\/a><\/p>\n","protected":false},"excerpt":{"rendered":"VAIN EL\u00c4M\u00c4\u00c4. Vesta. ATTE KAJOVA. ATTE KAJOVA Vesta puhuu menestyksen varjopuolista Vain el\u00e4m\u00e4\u00e4 -jaksossaan. Artisti avaa el\u00e4m\u00e4\u00e4ns\u00e4 Vain&hellip;\n","protected":false},"author":2,"featured_media":16281,"comment_status":"","ping_status":"","sticky":false,"template":"","format":"standard","meta":{"footnotes":""},"categories":[133],"tags":[137,33,31,30,3053,4559,5159,15104,47,1758,14383,32,206,156,4914,4965,109],"class_list":{"0":"post-66956","1":"post","2":"type-post","3":"status-publish","4":"format-standard","5":"has-post-thumbnail","7":"category-televisiot","8":"tag-entertainment","9":"tag-fi","10":"tag-finland","11":"tag-finnish","12":"tag-julkisuus","13":"tag-kaarija","14":"tag-laulaja","15":"tag-lohtulauseita","16":"tag-musiikki","17":"tag-nelonen","18":"tag-nelonen-media","19":"tag-suomi","20":"tag-televisiot","21":"tag-tv","22":"tag-vain-elamaa","23":"tag-vesta","24":"tag-viihde"},"share_on_mastodon":{"url":"","error":""},"_links":{"self":[{"href":"https:\/\/www.europesays.com\/fi\/wp-json\/wp\/v2\/posts\/66956","targetHints":{"allow":["GET"]}}],"collection":[{"href":"https:\/\/www.europesays.com\/fi\/wp-json\/wp\/v2\/posts"}],"about":[{"href":"https:\/\/www.europesays.com\/fi\/wp-json\/wp\/v2\/types\/post"}],"author":[{"embeddable":true,"href":"https:\/\/www.europesays.com\/fi\/wp-json\/wp\/v2\/users\/2"}],"replies":[{"embeddable":true,"href":"https:\/\/www.europesays.com\/fi\/wp-json\/wp\/v2\/comments?post=66956"}],"version-history":[{"count":0,"href":"https:\/\/www.europesays.com\/fi\/wp-json\/wp\/v2\/posts\/66956\/revisions"}],"wp:featuredmedia":[{"embeddable":true,"href":"https:\/\/www.europesays.com\/fi\/wp-json\/wp\/v2\/media\/16281"}],"wp:attachment":[{"href":"https:\/\/www.europesays.com\/fi\/wp-json\/wp\/v2\/media?parent=66956"}],"wp:term":[{"taxonomy":"category","embeddable":true,"href":"https:\/\/www.europesays.com\/fi\/wp-json\/wp\/v2\/categories?post=66956"},{"taxonomy":"post_tag","embeddable":true,"href":"https:\/\/www.europesays.com\/fi\/wp-json\/wp\/v2\/tags?post=66956"}],"curies":[{"name":"wp","href":"https:\/\/api.w.org\/{rel}","templated":true}]}}