{"id":66986,"date":"2025-10-20T05:11:13","date_gmt":"2025-10-20T05:11:13","guid":{"rendered":"https:\/\/www.europesays.com\/fi\/66986\/"},"modified":"2025-10-20T05:11:13","modified_gmt":"2025-10-20T05:11:13","slug":"vaikuttava-esikoisromaani-arviossa-joel-hohkon-volodjan-pojat","status":"publish","type":"post","link":"https:\/\/www.europesays.com\/fi\/66986\/","title":{"rendered":"Vaikuttava esikoisromaani \u2013 arviossa Joel Hohkon Volodjan pojat"},"content":{"rendered":"<p class=\"p1\"><b>Joel Hohko<\/b> kirjoittaa lyhyesti ja osuvasti, h\u00e4nen kielens\u00e4 on tarkkaa. Teksti maalaa lukijan silmien eteen kohtauksen ja paikan toisensa j\u00e4lkeen, ja yksityiskohtien tarkka kuvailu viimeistelee l\u00e4sn\u00e4olon kokemuksen. On kuin lukisi tv-k\u00e4sikirjoitusta: jokainen liike on kirjattu, ihmiset ja esineet kuvailtu. Kappaleet ovat hyvin lyhyit\u00e4, ja kokonaisuus on raskaudestaan huolimatta helppolukuinen.<\/p>\n<p class=\"p1\">Raskasta lukemista <a href=\"https:\/\/www.wsoy.fi\/kirjat\/volodjan-pojat\/\" rel=\"nofollow noopener\" target=\"_blank\">Volodjan pojat<\/a> (WSOY, 2025) tosiaankin on. Hohko kirjoittaa sodasta niin raa\u2019asti ja rumasti, ett\u00e4 hetkitt\u00e4in on pakko sulkea silm\u00e4t. T\u00e4st\u00e4 sotaromaanista puuttuvat sankarit: sodan todellisuus on jotakin aivan muuta, ja sit\u00e4 pahuutta kirjailija meille vy\u00f6rytt\u00e4\u00e4.<\/p>\n<p class=\"p1\">On toki my\u00f6s hetkitt\u00e4isi\u00e4 syv\u00e4llisi\u00e4 keskusteluita, hieman tunteita, jonkinlaista hirvitt\u00e4v\u00e4n tilanteen luomaa yhteis\u00f6llisyytt\u00e4kin. Huumoriakin on \u2013 mutta niin v\u00e4h\u00e4n, ett\u00e4 sit\u00e4 tuskin huomaa. Kaiken yll\u00e4 leijuu pahuus.<\/p>\n<p class=\"p1\">Kirjan lopussa olen hyvin vaikuttunut lukemastani.<\/p>\n<p class=\"p1\">Volodjan pojat on ammattisotilaana ty\u00f6skentelev\u00e4n Joel Hohkon esikoisromaani.<\/p>\n<p class=\"p1\" style=\"text-align: right;\">Leena Reikko<\/p>\n<p style=\"text-align: center;\">* *<\/p>\n<p>\u2666\ufe0f\u00a0PIENI TUKI, ISO APU\u00a0\u2666\ufe0f<\/p>\n<p class=\"x_MsoNormal x_ContentPasted0\"><strong>Tilaatko joskus kirjan tai \u00e4\u00e4nikirjan verkosta? L\u00f6yd\u00e4t ostoslinkkej\u00e4 jokaisesta Kulttuuritoimituksen kirjakritiikist\u00e4. Niist\u00e4 tehdyist\u00e4 ostoksista Kulttuuritoimitus saa pienen siivun, joka auttaa yll\u00e4pit\u00e4m\u00e4\u00e4n sivustoa.\u00a0<\/strong><\/p>\n","protected":false},"excerpt":{"rendered":"Joel Hohko kirjoittaa lyhyesti ja osuvasti, h\u00e4nen kielens\u00e4 on tarkkaa. Teksti maalaa lukijan silmien eteen kohtauksen ja paikan&hellip;\n","protected":false},"author":2,"featured_media":66987,"comment_status":"","ping_status":"","sticky":false,"template":"","format":"standard","meta":{"footnotes":""},"categories":[134],"tags":[377,137,33,31,30,15107,378,386,805,32,109,15108],"class_list":{"0":"post-66986","1":"post","2":"type-post","3":"status-publish","4":"format-standard","5":"has-post-thumbnail","7":"category-kirjat","8":"tag-books","9":"tag-entertainment","10":"tag-fi","11":"tag-finland","12":"tag-finnish","13":"tag-joel-hohko","14":"tag-kirjat","15":"tag-romaani","16":"tag-sota","17":"tag-suomi","18":"tag-viihde","19":"tag-volodjan-pojat"},"share_on_mastodon":{"url":"","error":""},"_links":{"self":[{"href":"https:\/\/www.europesays.com\/fi\/wp-json\/wp\/v2\/posts\/66986","targetHints":{"allow":["GET"]}}],"collection":[{"href":"https:\/\/www.europesays.com\/fi\/wp-json\/wp\/v2\/posts"}],"about":[{"href":"https:\/\/www.europesays.com\/fi\/wp-json\/wp\/v2\/types\/post"}],"author":[{"embeddable":true,"href":"https:\/\/www.europesays.com\/fi\/wp-json\/wp\/v2\/users\/2"}],"replies":[{"embeddable":true,"href":"https:\/\/www.europesays.com\/fi\/wp-json\/wp\/v2\/comments?post=66986"}],"version-history":[{"count":0,"href":"https:\/\/www.europesays.com\/fi\/wp-json\/wp\/v2\/posts\/66986\/revisions"}],"wp:featuredmedia":[{"embeddable":true,"href":"https:\/\/www.europesays.com\/fi\/wp-json\/wp\/v2\/media\/66987"}],"wp:attachment":[{"href":"https:\/\/www.europesays.com\/fi\/wp-json\/wp\/v2\/media?parent=66986"}],"wp:term":[{"taxonomy":"category","embeddable":true,"href":"https:\/\/www.europesays.com\/fi\/wp-json\/wp\/v2\/categories?post=66986"},{"taxonomy":"post_tag","embeddable":true,"href":"https:\/\/www.europesays.com\/fi\/wp-json\/wp\/v2\/tags?post=66986"}],"curies":[{"name":"wp","href":"https:\/\/api.w.org\/{rel}","templated":true}]}}