{"id":66990,"date":"2025-10-20T05:14:07","date_gmt":"2025-10-20T05:14:07","guid":{"rendered":"https:\/\/www.europesays.com\/fi\/66990\/"},"modified":"2025-10-20T05:14:07","modified_gmt":"2025-10-20T05:14:07","slug":"jos-ajaa-paansa-kaljuksi-usassa-voi-nahda-ennen-muita-yhden-vuoden-odotetuimmista-elokuvista","status":"publish","type":"post","link":"https:\/\/www.europesays.com\/fi\/66990\/","title":{"rendered":"Jos ajaa p\u00e4\u00e4ns\u00e4 kaljuksi, USA:ssa voi n\u00e4hd\u00e4\u00a0 ennen muita yhden vuoden odotetuimmista elokuvista"},"content":{"rendered":"<p>Emma Stonen ja Yorgos Lanthimosin Bugonia-elokuva saapuu Suomeen lokakuun lopussa.<\/p>\n<p><a href=\"https:\/\/muropaketti.com\/avainsana\/emma-stone\/\" rel=\"nofollow noopener\" target=\"_blank\">Emma Stonen<\/a> t\u00e4hditt\u00e4m\u00e4 ja Yorgos Lanthimosin ohjaama Bugonia-elokuva saapuu teattereihin ensi viikon perjantaina. Los Angelesissa leffasta j\u00e4rjestet\u00e4\u00e4n t\u00e4n\u00e4\u00e4n Culver-teatterissa ennakkon\u00e4yt\u00f6s, johon p\u00e4\u00e4see sis\u00e4lle vain ajamalla p\u00e4\u00e4ns\u00e4 kaljuksi tai olemalla hiukseton jo valmiiksi. <\/p>\n<p>Klanip\u00e4\u00e4teema on napattu suoraan leffasta, jossa Stonen esitt\u00e4m\u00e4n toimitusjohtajan kuontalo ajellaan oikeasti kameran edess\u00e4.<\/p>\n<p>Bugonian virallinen synopsis kertoo seuraavaa:<\/p>\n<p>\u201dKaksi salaliittoihin pakkomielteisesti suhtautuvaa nuorta miest\u00e4 sieppaa suuren yrityksen vaikutusvaltaisen toimitusjohtajan vakuuttuneina siit\u00e4, ett\u00e4 t\u00e4m\u00e4 on avaruusolento, jonka tarkoitus on tuhota Maapallo.\u201d<\/p>\n<p>Stonen lis\u00e4ksi elokuvassa n\u00e4yttelev\u00e4t muun muassa Jesse Plemons, Aidan Delbis, Stavros Halkias ja Alicia Silverstone.<\/p>\n<p>Elokuva sai maailmanensi-iltansa Venetsian elokuvajuhlilla 28. elokuuta. Suomen valkokankaille Bugonia saapuu\u00a031. lokakuuta.<\/p>\n<blockquote class=\"instagram-media\" style=\"background: #FFF; border: 0; border-radius: 3px; box-shadow: 0 0 1px 0 rgba(0,0,0,0.5),0 1px 10px 0 rgba(0,0,0,0.15); margin: 1px; max-width: 540px; min-width: 326px; padding: 0; width: calc(100% - 2px);\" data-instgrm-captioned=\"\" data-instgrm-permalink=\"https:\/\/www.instagram.com\/p\/DP4zrd0Eh-E\/?utm_source=ig_embed&amp;utm_campaign=loading\" data-instgrm-version=\"14\">\n<\/blockquote>\n<p><script async src=\"\/\/www.instagram.com\/embed.js\"><\/script><\/p>\n","protected":false},"excerpt":{"rendered":"Emma Stonen ja Yorgos Lanthimosin Bugonia-elokuva saapuu Suomeen lokakuun lopussa. Emma Stonen t\u00e4hditt\u00e4m\u00e4 ja Yorgos Lanthimosin ohjaama Bugonia-elokuva&hellip;\n","protected":false},"author":2,"featured_media":60602,"comment_status":"","ping_status":"","sticky":false,"template":"","format":"standard","meta":{"footnotes":""},"categories":[131],"tags":[2828,155,2122,137,33,173,31,30,172,32,109,6877],"class_list":{"0":"post-66990","1":"post","2":"type-post","3":"status-publish","4":"format-standard","5":"has-post-thumbnail","7":"category-elokuvat","8":"tag-bugonia","9":"tag-elokuvat","10":"tag-emma-stone","11":"tag-entertainment","12":"tag-fi","13":"tag-film","14":"tag-finland","15":"tag-finnish","16":"tag-movies","17":"tag-suomi","18":"tag-viihde","19":"tag-yorgos-lanthimos"},"share_on_mastodon":{"url":"","error":""},"_links":{"self":[{"href":"https:\/\/www.europesays.com\/fi\/wp-json\/wp\/v2\/posts\/66990","targetHints":{"allow":["GET"]}}],"collection":[{"href":"https:\/\/www.europesays.com\/fi\/wp-json\/wp\/v2\/posts"}],"about":[{"href":"https:\/\/www.europesays.com\/fi\/wp-json\/wp\/v2\/types\/post"}],"author":[{"embeddable":true,"href":"https:\/\/www.europesays.com\/fi\/wp-json\/wp\/v2\/users\/2"}],"replies":[{"embeddable":true,"href":"https:\/\/www.europesays.com\/fi\/wp-json\/wp\/v2\/comments?post=66990"}],"version-history":[{"count":0,"href":"https:\/\/www.europesays.com\/fi\/wp-json\/wp\/v2\/posts\/66990\/revisions"}],"wp:featuredmedia":[{"embeddable":true,"href":"https:\/\/www.europesays.com\/fi\/wp-json\/wp\/v2\/media\/60602"}],"wp:attachment":[{"href":"https:\/\/www.europesays.com\/fi\/wp-json\/wp\/v2\/media?parent=66990"}],"wp:term":[{"taxonomy":"category","embeddable":true,"href":"https:\/\/www.europesays.com\/fi\/wp-json\/wp\/v2\/categories?post=66990"},{"taxonomy":"post_tag","embeddable":true,"href":"https:\/\/www.europesays.com\/fi\/wp-json\/wp\/v2\/tags?post=66990"}],"curies":[{"name":"wp","href":"https:\/\/api.w.org\/{rel}","templated":true}]}}