{"id":66991,"date":"2025-10-20T05:16:13","date_gmt":"2025-10-20T05:16:13","guid":{"rendered":"https:\/\/www.europesays.com\/fi\/66991\/"},"modified":"2025-10-20T05:16:13","modified_gmt":"2025-10-20T05:16:13","slug":"vakava-onnettomuus-vei-painosta-seitseman-kiloa-sakari-makinen-30-treenasi-itsensa-nollasta-takaisin-huippukuntoon-urheilu","status":"publish","type":"post","link":"https:\/\/www.europesays.com\/fi\/66991\/","title":{"rendered":"Vakava onnettomuus vei painosta seitsem\u00e4n kiloa \u2013 Sakari M\u00e4kinen, 30, treenasi itsens\u00e4 nollasta takaisin huippukuntoon | Urheilu"},"content":{"rendered":"<p>Juttu tiivistettyn\u00e4<\/p>\n<ul class=\"aw-1jjocuh iJTSwP yle__article__list yle__article__list--ul\">\n<li class=\"aw-1j7gwms eEeLbO\">Lentopalloilija Sakari M\u00e4kinen joutui vakavaan autokolariin t\u00e4m\u00e4n vuoden loppiaisaattona.<\/li>\n<li class=\"aw-1j7gwms eEeLbO\">Onnettomuus j\u00e4rkytti Akaa-Volleyn yhteis\u00f6\u00e4, ja joukkueen ajatukset olivat pitk\u00e4\u00e4n M\u00e4kisess\u00e4 toipumisen vuoksi.<\/li>\n<li class=\"aw-1j7gwms eEeLbO\">M\u00e4kinen toipui nopeasti ja p\u00e4\u00e4si seuraamaan Suomen cupin finaalia, jossa joukkue voitti historiallisen pokaalin.<\/li>\n<li class=\"aw-1j7gwms eEeLbO\">Akaa-Volley aloittaa kauden 21.10., ja M\u00e4kinen aikoo ottaa suuren roolin joukkueessa. Tavoitteena on taas tuplamestaruus.<\/li>\n<\/ul>\n<p class=\"aw-1gybjub aw-1p7kakr ghpEtB jtovHP yle__article__paragraph\">T\u00e4m\u00e4 on teko\u00e4lyn avulla tuotettu, toimittajan tarkistama tiivistelm\u00e4.<\/p>\n<p class=\"aw-1gybjub aw-1p7kakr ghpEtB jtovHP yle__article__paragraph\"><strong class=\"aw-ak79eh KyCXm yle__article__strong\">AKAA\/TAMPERE.<\/strong> Kun jotain vakavaa tapahtuu, urheilukenttien tulokset menett\u00e4v\u00e4t v\u00e4litt\u00f6m\u00e4sti merkityksens\u00e4.<\/p>\n<p class=\"aw-1gybjub aw-1p7kakr ghpEtB jtovHP yle__article__paragraph\">N\u00e4in tapahtui loppiaisaattona Tampereen ja Akaan v\u00e4lill\u00e4, kun 61 lentopallomaaottelua pelanneen <strong class=\"aw-ak79eh KyCXm yle__article__strong\">Sakari M\u00e4kisen<\/strong> matka harjoituksiin katkesi karmealla tavalla.<\/p>\n<p class=\"aw-1gybjub aw-1p7kakr ghpEtB jtovHP yle__article__paragraph\">M\u00e4kinen joutui nokkakolariin, kun vastaantulija menetti autonsa hallinnan ja t\u00f6rm\u00e4si suoraan M\u00e4kisen auton etupuskuriin.<\/p>\n<p class=\"aw-1gybjub aw-1p7kakr ghpEtB jtovHP yle__article__paragraph\">M\u00e4kinen ehti hieman v\u00e4ist\u00e4\u00e4 ennen t\u00e4lli\u00e4, ja suurin osuma tuli molemmissa autoissa tyhjill\u00e4\u00e4n olleille apukuskien puolille.<\/p>\n<p class=\"aw-1gybjub aw-1p7kakr ghpEtB jtovHP yle__article__paragraph\">Akaa-Volleyn kapteeni ja M\u00e4kisen yst\u00e4v\u00e4 <strong class=\"aw-ak79eh KyCXm yle__article__strong\">Niklas Sepp\u00e4nen<\/strong> oli ensimm\u00e4isten joukossa kolaripaikalla. H\u00e4nell\u00e4 ei juuri ole muistikuvia sinne saapumisesta.<\/p>\n<p class=\"aw-1gybjub aw-1p7kakr ghpEtB jtovHP yle__article__paragraph\">\u2013 Oli shokeeraava kokemus, kun tajusi, ett\u00e4 yst\u00e4v\u00e4 ja pelikaveri on siell\u00e4, Sepp\u00e4nen sanoo.<\/p>\n<p class=\"aw-1gybjub aw-1p7kakr ghpEtB jtovHP yle__article__paragraph\">Kapteenin muistikuvat ovat hatarat my\u00f6s saman illan ottelusta, jossa Akaa kaatoi toisen huippujoukkueen Hurrikaani Loimaan.<\/p>\n<p class=\"aw-1gybjub aw-1p7kakr ghpEtB jtovHP yle__article__paragraph\">Ottelun tuloksella ei ollut merkityst\u00e4. Joukkueen ajatukset olivat M\u00e4kisess\u00e4, jonka toipumisesta joukkue oli pitk\u00e4\u00e4n ep\u00e4tietoisuuden vallassa.<\/p>\n<p>\u201dParane pian Sakke\u201d<\/p>\n<p class=\"aw-1gybjub aw-1p7kakr ghpEtB jtovHP yle__article__paragraph\">Nyt Sakari M\u00e4kinen, 30, valmistautuu uuteen lentopallokauteen ja kertaa viime talven tapahtumia Yle Urheilulle.<\/p>\n<p class=\"aw-1gybjub aw-1p7kakr ghpEtB jtovHP yle__article__paragraph\">Vakava onnettomuus tiivisti Akaa-Volleyn yhteis\u00f6\u00e4. Urheilukenttien tulokset voivat tuntua entist\u00e4 merkityksellisemmilt\u00e4, kun yhdess\u00e4 on koettu vaikeita hetki\u00e4.<\/p>\n<p class=\"aw-1gybjub aw-1p7kakr ghpEtB jtovHP yle__article__paragraph\">Leikkaukseen joutunut M\u00e4kinen makasi viikon sairaalassa, mutta toipui vajaassa kuukaudessa sellaiseen kuntoon, ett\u00e4 kykeni matkustamaan Turkuun katsomaan Suomen cupin finaalia. Loppuottelussa olivat vastakkain Akaa-Volley ja Hurrikaani.<\/p>\n<p class=\"aw-1gybjub aw-1p7kakr ghpEtB jtovHP yle__article__paragraph\">Ennen finaalia noin 300 Akaan kannattajaa nousi yl\u00f6s ja paljasti lakanan, johon oli kirjoitettu \u201dParane pian Sakke #11\u201d.<\/p>\n<p class=\"aw-1gybjub aw-1p7kakr ghpEtB jtovHP yle__article__paragraph\">T\u00e4rkeint\u00e4 M\u00e4kiselle toipumisessa oli puolison ja l\u00e4heisten tuki. Koko Akaan yhteis\u00f6n tuki kuitenkin herkisti kokeneen pelaajan ennenn\u00e4kem\u00e4tt\u00f6m\u00e4ll\u00e4 tavalla.<\/p>\n<p class=\"aw-1gybjub aw-1p7kakr ghpEtB jtovHP yle__article__paragraph\">\u2013 Puhutaan lentopalloa suuremmista asioista. Silloin tuli poikkeuksellinen tunne. Kun koki tuollaisen yhteis\u00f6n tuen, se oli aivan uskomatonta, M\u00e4kinen kiittelee.<\/p>\n<p class=\"aw-1gybjub aw-1p7kakr ghpEtB jtovHP yle__article__paragraph\">Akaan entinen kapteeni, nykyinen toiminnanjohtaja <strong class=\"aw-ak79eh KyCXm yle__article__strong\">Panu Pitk\u00e4nen<\/strong> sanoo, ett\u00e4 koko kev\u00e4t n\u00e4ytti, miten t\u00e4rke\u00e4 yhdist\u00e4v\u00e4 tekij\u00e4 urheilu voi olla yhteis\u00f6lle.<\/p>\n<p class=\"aw-1gybjub aw-1p7kakr ghpEtB jtovHP yle__article__paragraph\">\u2013 Kun \u201dSakke\u201d palasi Kupittaalla yleis\u00f6n eteen, se oli todella liikuttava ja merkitt\u00e4v\u00e4 hetki, kyyneleit\u00e4 ennen ottelua silm\u00e4kulmastaan pyyhkinyt Pitk\u00e4nen sanoo.<\/p>\n<p><img decoding=\"async\" alt=\"Panu Pitk\u00e4nen (kesk.) vastaanottaa kev\u00e4\u00e4ll\u00e4 2024 uransa p\u00e4\u00e4tt\u00e4neess\u00e4 ottelussa hopeamitalia.\" src=\"https:\/\/www.europesays.com\/fi\/wp-content\/uploads\/2025\/10\/39-153650968e8c6f4ac1ba.jpeg\" loading=\"lazy\" class=\"aw-1l9m598 hKVVvP\"\/><\/p>\n<p>Avaa kuvien katselu<\/p>\n<p>Panu Pitk\u00e4nen (kesk.) vastaanottaa kev\u00e4\u00e4ll\u00e4 2024 uransa p\u00e4\u00e4tt\u00e4neess\u00e4 ottelussa hopeamitalia. Seuraavalla kaudella kausi p\u00e4\u00e4ttyi toiminnanjohtajan roolissa tuplamestaruuteen. Kuva: All Over Press<\/p>\n<p class=\"aw-1gybjub aw-1p7kakr ghpEtB jtovHP yle__article__paragraph\">Ilta Kupittaalla p\u00e4\u00e4ttyi viel\u00e4 uusiin kyyneliin, kun Akaa-Volley voitti seurahistoriansa ensimm\u00e4isen pokaalin.<\/p>\n<p class=\"aw-1gybjub aw-1p7kakr ghpEtB jtovHP yle__article__paragraph\">Ep\u00e4tietoisuus ja huoli M\u00e4kisen kunnosta vaihtui muutamassa viikossa historialliseen voittoon. Voitto merkitsi Turussa sinisiin pukeutuneille ihmisille poikkeuksellisen paljon.<\/p>\n<p class=\"aw-1gybjub aw-1p7kakr ghpEtB jtovHP yle__article__paragraph\">\u2013 Katsojat ja pelaajat tuntevat toisensa melkein kaikki ihan nimelt\u00e4. Meill\u00e4 on tosi v\u00e4litt\u00e4v\u00e4 yhteis\u00f6, Pitk\u00e4nen sanoo.<\/p>\n<p>Mentorin roolissa<\/p>\n<p class=\"aw-1gybjub aw-1p7kakr ghpEtB jtovHP yle__article__paragraph\">Kausi p\u00e4\u00e4ttyi lopulta Akaan tuplamestaruuteen. Seuran ensimm\u00e4isen SM-kullan ratkaisseen pallon l\u00f6i kentt\u00e4\u00e4n yhdysvaltalainen <strong class=\"aw-ak79eh KyCXm yle__article__strong\">Spencer Olivier<\/strong>, joka oli hankittu tammikuussa M\u00e4kisen paikkaajaksi.<\/p>\n<p class=\"aw-1gybjub aw-1p7kakr ghpEtB jtovHP yle__article__paragraph\">Toiminnanjohtaja Pitk\u00e4nen muistelee, miten vaikeaa seurassa oli p\u00e4\u00e4valmentaja <strong class=\"aw-ak79eh KyCXm yle__article__strong\">Olli Kunnarin<\/strong> johdolla etsi\u00e4 korvaajaa vakavaan onnettomuuteen joutuneelle M\u00e4kiselle, joka oli heille paitsi pelaaja, my\u00f6s yst\u00e4v\u00e4.<\/p>\n<p class=\"aw-1gybjub aw-1p7kakr ghpEtB jtovHP yle__article__paragraph\">M\u00e4kinen menetti onnettomuuden j\u00e4lkeen painostaan seitsem\u00e4n kiloa ja joutui aloittamaan kuntonsa rakentamisen k\u00e4yt\u00e4nn\u00f6ss\u00e4 nollasta. H\u00e4n oli kuitenkin vahvassa roolissa kent\u00e4n laidalla l\u00e4pi kev\u00e4\u00e4n.<\/p>\n<p><img decoding=\"async\" alt=\"Sakari M\u00e4kinen ja Niklas Sepp\u00e4nen Akaa-Volleyn harjoituksissa.\" src=\"https:\/\/www.europesays.com\/fi\/wp-content\/uploads\/2025\/10\/39-153670468e8f7b56d2b4.jpeg\" loading=\"lazy\" class=\"aw-1l9m598 hKVVvP\"\/><\/p>\n<p>Avaa kuvien katselu<\/p>\n<p>Sakari M\u00e4kinen ja Niklas Sepp\u00e4nen ovat Akaassa t\u00e4rke\u00e4ss\u00e4 roolissa my\u00f6s otteluiden ulkopuolella. Kuva: Jarkko Vuolle \/ Yle<\/p>\n<p class=\"aw-1gybjub aw-1p7kakr ghpEtB jtovHP yle__article__paragraph\">P\u00e4\u00e4valmentaja Kunnari oli jo Sepp\u00e4sen ja M\u00e4kisen hankkiessaan tehnyt ty\u00f6njaon, jossa konkaripelaajat asettivat joukkueen vaatimustason korkealle \u2013 jotta se ei tulisi vain ylh\u00e4\u00e4lt\u00e4 annettuna.<\/p>\n<p class=\"aw-1gybjub aw-1p7kakr ghpEtB jtovHP yle__article__paragraph\">\u2013 V\u00e4hemm\u00e4n tietysti kent\u00e4ll\u00e4 p\u00e4\u00e4si en\u00e4\u00e4 vaikuttamaan, mutta olihan se rooli jo ennen onnettomuutta mentorimainen. Joukkueessa oli paljon nuoria kavereita, joita neuvottiin ja potkittiin eteenp\u00e4in, asetettiin p\u00e4ivitt\u00e4isen tekemisen taso.<\/p>\n<p class=\"aw-1gybjub aw-1p7kakr ghpEtB jtovHP yle__article__paragraph\">Uskomatonta kyll\u00e4, M\u00e4kinen toipui toukokuuhun menness\u00e4 jopa pelikuntoon. Finaaleissa h\u00e4n k\u00e4vi yhden sy\u00f6tt\u00f6vaihdon verran kent\u00e4ll\u00e4. Se oli p\u00e4\u00e4valmentaja Kunnarilta kunnianosoitus M\u00e4kisen kev\u00e4\u00e4n aikana tekem\u00e4lle ty\u00f6lle.<\/p>\n<blockquote class=\"aw-5b7r8f cbYKVf\">\n<p class=\"aw-1gybjub aw-c9wyj2 ghpEtB gvGRkS\">Kun loppukes\u00e4st\u00e4 mentiin naimisiin, tuntui ett\u00e4 ympyr\u00e4 sulkeutui<\/p>\n<p class=\"aw-1gybjub aw-1pgj57y ghpEtB kqsCaW\">Sakari M\u00e4kinen<\/p>\n<\/blockquote>\n<p class=\"aw-1gybjub aw-1p7kakr ghpEtB jtovHP yle__article__paragraph\">Vakavan onnettomuuden aiheuttama pelko, tuska ja ep\u00e4varmuus sek\u00e4 mestaruuksista tuleva onnen euforia ovat vahvoja tunteita. Mutta on olemassa viel\u00e4kin n\u00e4it\u00e4kin suurempi tunne: rakkaus.<\/p>\n<p class=\"aw-1gybjub aw-1p7kakr ghpEtB jtovHP yle__article__paragraph\">\u00c4\u00e4rimm\u00e4isten tunteiden alkuvuoden j\u00e4lkeen Sakari M\u00e4kisest\u00e4 ja <strong class=\"aw-ak79eh KyCXm yle__article__strong\">Liina Kainulaisesta<\/strong> tuli elokuussa aviomies ja vaimo.<\/p>\n<p class=\"aw-1gybjub aw-1p7kakr ghpEtB jtovHP yle__article__paragraph\">H\u00e4it\u00e4 juhlittiin yst\u00e4vien ja l\u00e4heisten kanssa. Se tuntui kaiken vuoden aikana koetun j\u00e4lkeen uskomattomalta.<\/p>\n<p class=\"aw-1gybjub aw-1p7kakr ghpEtB jtovHP yle__article__paragraph\">\u2013 Kun loppukes\u00e4st\u00e4 mentiin naimisiin, tuntui ett\u00e4 ympyr\u00e4 sulkeutui. Pystyi k\u00e4\u00e4nt\u00e4m\u00e4\u00e4n katseet kohti tulevaa, M\u00e4kinen sanoo.<\/p>\n<p>Kohti tulevaa<\/p>\n<p class=\"aw-1gybjub aw-1p7kakr ghpEtB jtovHP yle__article__paragraph\">Tuleva kausi tuo mukanaan perinteisempi\u00e4 urheiluhaasteita. Akaan joukkueen runko muuttui rajusti tuplamestaruuden j\u00e4lkeen.<\/p>\n<p class=\"aw-1gybjub aw-1p7kakr ghpEtB jtovHP yle__article__paragraph\">Suurin osa avauskokoonpanosta jatkaa uraansa kansainv\u00e4lisill\u00e4 kentill\u00e4, ja joukkueen on ottanut komentoonsa viime kaudella TUTO Volleyn yll\u00e4tyspronssille johdattanut <strong class=\"aw-ak79eh KyCXm yle__article__strong\">Jani Niskakangas<\/strong>.<\/p>\n<p class=\"aw-1gybjub aw-1p7kakr ghpEtB jtovHP yle__article__paragraph\">\u2013 Meill\u00e4 on potentiaalinen porukka ja mukava sekoitus kokemusta ja nuoruutta, tuore p\u00e4\u00e4valmentaja sanoo.<\/p>\n<p class=\"aw-1gybjub aw-1p7kakr ghpEtB jtovHP yle__article__paragraph\">Kokemusta tuovat edelleen mentorikaksikko Sepp\u00e4nen ja M\u00e4kinen. Nyt M\u00e4kisen on tarkoitus ottaa j\u00e4lleen isoa roolia my\u00f6s pelikent\u00e4n rajojen sis\u00e4puolella.<\/p>\n<p class=\"aw-1gybjub aw-1p7kakr ghpEtB jtovHP yle__article__paragraph\">M\u00e4kinen, Sepp\u00e4nen, Pitk\u00e4nen ja Niskakangas ilmoittavat yhdest\u00e4 suusta, ett\u00e4 muutoksista huolimatta tavoitteena on uusia tuplamestaruus.<\/p>\n<p class=\"aw-1gybjub aw-1p7kakr ghpEtB jtovHP yle__article__paragraph\">\u2013 Sen verran kovia pelimiehi\u00e4 tuli l\u00e4hteneiden paikalle, ettei me yht\u00e4\u00e4n v\u00e4hemp\u00e4\u00e4 voida l\u00e4hte\u00e4 tavoittelemaan, M\u00e4kinen linjaa.<\/p>\n<p><img decoding=\"async\" alt=\"Sakari M\u00e4kinen istuu kotonaan.\" src=\"https:\/\/www.europesays.com\/fi\/wp-content\/uploads\/2025\/10\/39-153671968e8fa790c911.jpeg\" loading=\"lazy\" class=\"aw-1l9m598 hKVVvP\"\/><\/p>\n<p>Avaa kuvien katselu<\/p>\n<p>Sakari M\u00e4kinen j\u00e4tt\u00e4\u00e4 osan joukkueharjoituksista v\u00e4liin, sill\u00e4 h\u00e4n tekee siviiliss\u00e4 t\u00f6it\u00e4 konsulttina. Kuva: Jarkko Vuolle \/ Yle<\/p>\n<p class=\"aw-1gybjub aw-1p7kakr ghpEtB jtovHP yle__article__paragraph\">30-vuotiaalla M\u00e4kisell\u00e4 l\u00f6ytyy viel\u00e4 paloa lentopalloon, vaikka h\u00e4n pelaakin en\u00e4\u00e4 puoliammattilaisena. Kahden vuoden jatkosopimuksen kev\u00e4\u00e4ll\u00e4 tehnyt M\u00e4kinen ty\u00f6skentelee konsulttina, mutta ei halunnut lopettaa huippu-urheilu-uraansa.<\/p>\n<p class=\"aw-1gybjub aw-1p7kakr ghpEtB jtovHP yle__article__paragraph\">\u2013 Kun joutui pohtimaan, ett\u00e4 mit\u00e4 jos lentopallo loppuisi, huomasi sen kipin\u00e4n viel\u00e4. Selke\u00e4sti tuli tunteita, ett\u00e4 ei miss\u00e4\u00e4n nimess\u00e4 halua lopettaa.<\/p>\n<p class=\"aw-1gybjub aw-1p7kakr ghpEtB jtovHP yle__article__paragraph\">Niklas Sepp\u00e4nen katsoo yst\u00e4v\u00e4ns\u00e4 paluuta kentille hymyss\u00e4 suin.<\/p>\n<p class=\"aw-1gybjub aw-1p7kakr ghpEtB jtovHP yle__article__paragraph\">\u2013J\u00e4lkik\u00e4teen voi sanoa, ett\u00e4 ihan onnellisin mielin viime kautta voi muistella. Tuli tuplamestaruus, ja \u201dSakkekin\u201d tuolla paukuttaa taas palloa el\u00e4m\u00e4ns\u00e4 kunnossa, Sepp\u00e4nen iloitsee.<\/p>\n<p class=\"aw-1gybjub aw-1p7kakr ghpEtB jtovHP yle__article__paragraph\">\u2013 Ihan hyvin se meni.<\/p>\n<p class=\"aw-1gybjub aw-1p7kakr ghpEtB jtovHP yle__article__paragraph\">Lentopallon miesten Mestaruusliiga alkaa maanantaina 20.10. Akaa-Volleyn ensimm\u00e4inen liigaottelu on 25.10. sarjanousija AC Oulua vastaan.<\/p>\n","protected":false},"excerpt":{"rendered":"Juttu tiivistettyn\u00e4 Lentopalloilija Sakari M\u00e4kinen joutui vakavaan autokolariin t\u00e4m\u00e4n vuoden loppiaisaattona. Onnettomuus j\u00e4rkytti Akaa-Volleyn yhteis\u00f6\u00e4, ja joukkueen ajatukset&hellip;\n","protected":false},"author":2,"featured_media":66992,"comment_status":"","ping_status":"","sticky":false,"template":"","format":"standard","meta":{"footnotes":""},"categories":[158],"tags":[33,31,30,9745,10337,990,9748,159,9747,32,160],"class_list":{"0":"post-66991","1":"post","2":"type-post","3":"status-publish","4":"format-standard","5":"has-post-thumbnail","7":"category-urheilu","8":"tag-fi","9":"tag-finland","10":"tag-finnish","11":"tag-lentopallo","12":"tag-lentopallon-mestaruusliiga","13":"tag-liikenneonnettomuudet","14":"tag-miesten-lentopallo","15":"tag-sports","16":"tag-suomen-lentopallo","17":"tag-suomi","18":"tag-urheilu"},"share_on_mastodon":{"url":"","error":""},"_links":{"self":[{"href":"https:\/\/www.europesays.com\/fi\/wp-json\/wp\/v2\/posts\/66991","targetHints":{"allow":["GET"]}}],"collection":[{"href":"https:\/\/www.europesays.com\/fi\/wp-json\/wp\/v2\/posts"}],"about":[{"href":"https:\/\/www.europesays.com\/fi\/wp-json\/wp\/v2\/types\/post"}],"author":[{"embeddable":true,"href":"https:\/\/www.europesays.com\/fi\/wp-json\/wp\/v2\/users\/2"}],"replies":[{"embeddable":true,"href":"https:\/\/www.europesays.com\/fi\/wp-json\/wp\/v2\/comments?post=66991"}],"version-history":[{"count":0,"href":"https:\/\/www.europesays.com\/fi\/wp-json\/wp\/v2\/posts\/66991\/revisions"}],"wp:featuredmedia":[{"embeddable":true,"href":"https:\/\/www.europesays.com\/fi\/wp-json\/wp\/v2\/media\/66992"}],"wp:attachment":[{"href":"https:\/\/www.europesays.com\/fi\/wp-json\/wp\/v2\/media?parent=66991"}],"wp:term":[{"taxonomy":"category","embeddable":true,"href":"https:\/\/www.europesays.com\/fi\/wp-json\/wp\/v2\/categories?post=66991"},{"taxonomy":"post_tag","embeddable":true,"href":"https:\/\/www.europesays.com\/fi\/wp-json\/wp\/v2\/tags?post=66991"}],"curies":[{"name":"wp","href":"https:\/\/api.w.org\/{rel}","templated":true}]}}