{"id":67061,"date":"2025-10-20T06:55:08","date_gmt":"2025-10-20T06:55:08","guid":{"rendered":"https:\/\/www.europesays.com\/fi\/67061\/"},"modified":"2025-10-20T06:55:08","modified_gmt":"2025-10-20T06:55:08","slug":"kuopion-rosebud-laajentaa-kirjakauppaansa-tieto-ja-historia-kiinnostavat-paikallisia-lukijoita-pohjois-savo","status":"publish","type":"post","link":"https:\/\/www.europesays.com\/fi\/67061\/","title":{"rendered":"Kuopion Rosebud laajentaa kirjakauppaansa \u2013 tieto ja historia kiinnostavat paikallisia lukijoita | Pohjois-Savo"},"content":{"rendered":"<p class=\"aw-1gybjub aw-5vja16 ghpEtB kjanFo yle__article__paragraph\">Kuopioon tuotiin lis\u00e4\u00e4 kirjoja ketjun Helsingin liikkeest\u00e4.<\/p>\n<p><img decoding=\"async\" alt=\"Mies seisoo keskell\u00e4 kirjakauppaa.\" src=\"https:\/\/www.europesays.com\/fi\/wp-content\/uploads\/2025\/10\/39-154069168f5c88a24c0e.jpeg\" class=\"aw-1l9m598 hKVVvP\"\/><\/p>\n<p>Avaa kuvien katselu<\/p>\n<p>Kuopion Rosebudin Markku R\u00e4is\u00e4nen kertoo, ett\u00e4 laajennetun kaupan myynti\u00e4 seurataan kaikessa rauhassa. Kuva: Marianne Mattila \/ Yle<\/p>\n<p class=\"aw-1gybjub aw-1p7kakr ghpEtB jtovHP yle__article__paragraph\">Rosebud-kirjakauppa avaa uuden laajennusosan Kuopiossa. Laajennusp\u00e4\u00e4t\u00f6kseen vaikuttaa muun muassa ketjun Helsingin Kaisaniemess\u00e4 sijaitsevan kaupan <a class=\"aw-iao6s4 iHOxEa yle__article__link\" href=\"https:\/\/yle.fi\/a\/74-20097584\" role=\"link\" rel=\"nofollow noopener\" target=\"_blank\">vuokrasopimuksen loppuminen<\/a> vuoden lopussa. Kuopion myym\u00e4l\u00e4\u00e4n on tullut Kaisaniemen Sivullinen-kirjakaupasta kirjoja kuten my\u00f6s muista Helsingin myym\u00e4l\u00f6iden varastoista.<\/p>\n<p class=\"aw-1gybjub aw-1p7kakr ghpEtB jtovHP yle__article__paragraph\">\u2013 Katsotaan, onko Kuopio sen kokoinen kaupunki, ett\u00e4 noin kolmensadan neli\u00f6n kokoinen kirjakauppa pystyy toimimaan, kertoo Kuopion Rosebudin <strong class=\"aw-ak79eh KyCXm yle__article__strong\">Markku R\u00e4is\u00e4nen<\/strong>.<\/p>\n<p class=\"aw-1gybjub aw-1p7kakr ghpEtB jtovHP yle__article__paragraph\">R\u00e4is\u00e4sen mukaan tarkoitus on seurata myynnin kehityst\u00e4 kaikessa rauhassa. Kuopiossa ihmiset ostavat kaunokirjallisuuden lis\u00e4ksi paljon tietokirjoja, el\u00e4m\u00e4kertoja ja paikallisesta historiasta kertovia teoksia.<\/p>\n<p class=\"aw-1gybjub aw-1p7kakr ghpEtB jtovHP yle__article__paragraph\">Laaja valikoima on R\u00e4is\u00e4sen mukaan Rosebudin vahvuus. Esimerkiksi tietokirjoista menev\u00e4t kaupaksi my\u00f6s vanhemmat teokset. Paikallishistoriasta kertovia kirjoja ostetaan my\u00f6s k\u00e4ytettyn\u00e4.<\/p>\n<p class=\"aw-1gybjub aw-1p7kakr ghpEtB jtovHP yle__article__paragraph\">R\u00e4is\u00e4nen kertoo, ett\u00e4 Kuopion historia tulee usein esille keskusteluissa, kun varsinkin vanhemmat asiakkaat kertovat tarinoita Kuopiosta.<\/p>\n<p class=\"aw-1gybjub aw-1p7kakr ghpEtB jtovHP yle__article__paragraph\">Rosebud-ketjuun kuuluu viisi kirjakauppaa Helsingiss\u00e4 ja yksi Kuopiossa. Sivullinen-kirjakaupan uusi sijainti on viel\u00e4 auki.<\/p>\n","protected":false},"excerpt":{"rendered":"Kuopioon tuotiin lis\u00e4\u00e4 kirjoja ketjun Helsingin liikkeest\u00e4. Avaa kuvien katselu Kuopion Rosebudin Markku R\u00e4is\u00e4nen kertoo, ett\u00e4 laajennetun kaupan&hellip;\n","protected":false},"author":2,"featured_media":67062,"comment_status":"","ping_status":"","sticky":false,"template":"","format":"standard","meta":{"footnotes":""},"categories":[134],"tags":[377,137,33,31,30,381,3202,378,1132,1136,32,5405,109,1356],"class_list":{"0":"post-67061","1":"post","2":"type-post","3":"status-publish","4":"format-standard","5":"has-post-thumbnail","7":"category-kirjat","8":"tag-books","9":"tag-entertainment","10":"tag-fi","11":"tag-finland","12":"tag-finnish","13":"tag-kaunokirjallisuus","14":"tag-kirjakaupat","15":"tag-kirjat","16":"tag-kuopio","17":"tag-pohjois-savo","18":"tag-suomi","19":"tag-tietokirjallisuus","20":"tag-viihde","21":"tag-yritykset"},"share_on_mastodon":{"url":"","error":""},"_links":{"self":[{"href":"https:\/\/www.europesays.com\/fi\/wp-json\/wp\/v2\/posts\/67061","targetHints":{"allow":["GET"]}}],"collection":[{"href":"https:\/\/www.europesays.com\/fi\/wp-json\/wp\/v2\/posts"}],"about":[{"href":"https:\/\/www.europesays.com\/fi\/wp-json\/wp\/v2\/types\/post"}],"author":[{"embeddable":true,"href":"https:\/\/www.europesays.com\/fi\/wp-json\/wp\/v2\/users\/2"}],"replies":[{"embeddable":true,"href":"https:\/\/www.europesays.com\/fi\/wp-json\/wp\/v2\/comments?post=67061"}],"version-history":[{"count":0,"href":"https:\/\/www.europesays.com\/fi\/wp-json\/wp\/v2\/posts\/67061\/revisions"}],"wp:featuredmedia":[{"embeddable":true,"href":"https:\/\/www.europesays.com\/fi\/wp-json\/wp\/v2\/media\/67062"}],"wp:attachment":[{"href":"https:\/\/www.europesays.com\/fi\/wp-json\/wp\/v2\/media?parent=67061"}],"wp:term":[{"taxonomy":"category","embeddable":true,"href":"https:\/\/www.europesays.com\/fi\/wp-json\/wp\/v2\/categories?post=67061"},{"taxonomy":"post_tag","embeddable":true,"href":"https:\/\/www.europesays.com\/fi\/wp-json\/wp\/v2\/tags?post=67061"}],"curies":[{"name":"wp","href":"https:\/\/api.w.org\/{rel}","templated":true}]}}