{"id":67092,"date":"2025-10-20T07:30:09","date_gmt":"2025-10-20T07:30:09","guid":{"rendered":"https:\/\/www.europesays.com\/fi\/67092\/"},"modified":"2025-10-20T07:30:09","modified_gmt":"2025-10-20T07:30:09","slug":"tiktokille-rakennettavan-kouvolan-datakeskuksen-paaurakoitsija-vaihtuu-uudeksi-datakeskuksen-toteuttajaksi-yit-kotimaa","status":"publish","type":"post","link":"https:\/\/www.europesays.com\/fi\/67092\/","title":{"rendered":"Tiktokille rakennettavan Kouvolan datakeskuksen p\u00e4\u00e4urakoitsija vaihtuu \u2013 uudeksi datakeskuksen toteuttajaksi YIT | Kotimaa"},"content":{"rendered":"<p class=\"aw-1gybjub aw-5vja16 ghpEtB kjanFo yle__article__paragraph\">Korian taajamaan datakeskusta rakentavan Hyperco oy:n mukaan rakentaminen jatkuu suunnitellusti ja aikataulun mukaan.<\/p>\n<p><img decoding=\"async\" alt=\"Korian datakeskuksen rakennusty\u00f6maa Kouvolassa, kuvassa perustuspilareita, ty\u00f6maa-aitoja, urakoitsijan kylttej\u00e4 ja kaivinkoneita.\" src=\"https:\/\/www.europesays.com\/fi\/wp-content\/uploads\/2025\/10\/39-154018468f241b0b562b.jpeg\" class=\"aw-1l9m598 hKVVvP\"\/><\/p>\n<p>Avaa kuvien katselu<\/p>\n<p>Korian datakeskuksen rakennusty\u00f6maa Kouvolassa 17.lokakuuta 2025. Kuva: Vesa Grekula \/ Yle<\/p>\n<p>10:24\u2022P\u00e4ivitetty 10:28<\/p>\n<p class=\"aw-1gybjub aw-1p7kakr ghpEtB jtovHP yle__article__paragraph\">YIT on uusi Kouvolan datakeskuksen rakentaja.<\/p>\n<p class=\"aw-1gybjub aw-1p7kakr ghpEtB jtovHP yle__article__paragraph\">Rakennuttajayhti\u00f6 Hyperco ja YIT tiedottivat asiasta aamup\u00e4iv\u00e4ll\u00e4. T\u00e4h\u00e4n asti Korialle tulevan datakeskuksen p\u00e4\u00e4urakoitsijana on toiminut ulkomaisesa omistuksesa oleva Exyte.<\/p>\n<p class=\"aw-1gybjub aw-1p7kakr ghpEtB jtovHP yle__article__paragraph\">28 000 neli\u00f6metri\u00e4 suuruisessa rakennushankkeessa YIT vastaa varsinaisen keskusrakennuksen toteuttamisesta, sen toimistoista sek\u00e4 ulkopuolisista tekniikkapihoista ja aluet\u00f6ist\u00e4.<\/p>\n<p class=\"aw-1gybjub aw-1p7kakr ghpEtB jtovHP yle__article__paragraph\">Datakeskusta rakennetaan noin seitsem\u00e4n kilometrin p\u00e4\u00e4ss\u00e4 Kouvolan keskustasta Korian taajamaan. Rakennusty\u00f6t ovat olleet k\u00e4ynniss\u00e4 viime toukokuusta l\u00e4htien.<\/p>\n<p><img decoding=\"async\" alt=\"Tiktokin datakeskukselle varattu tonttialue Kouvolan Korialla.\" src=\"https:\/\/www.europesays.com\/fi\/wp-content\/uploads\/2025\/10\/39-1469359682ddb4bf1b44.jpeg\" loading=\"lazy\" class=\"aw-1l9m598 hKVVvP\"\/><\/p>\n<p>Avaa kuvien katselu<\/p>\n<p>Korian datakeskuksen ty\u00f6maa viime toukokuussa. Horisontissa h\u00e4\u00e4m\u00f6tt\u00e4\u00e4 Kouvolan keskusta, ty\u00f6maan ja kaupungin v\u00e4liss\u00e4 puiden piiloon j\u00e4\u00e4 Kymijoki. Kuva: Antro Valo \/ Yle<\/p>\n<p class=\"aw-1gybjub aw-1p7kakr ghpEtB jtovHP yle__article__paragraph\">Datakeskuksen peruskivi muurattiin syyskuussa, jolloin rakentajat kertoivat ty\u00f6maan olevan edell\u00e4 aikataulusta. Datakeskus on m\u00e4\u00e4r\u00e4 saada k\u00e4ytt\u00f6\u00f6n ensi vuoden lopulla.<\/p>\n<p class=\"aw-1gybjub aw-1p7kakr ghpEtB jtovHP yle__article__paragraph\">Peruskiven muuraustilaisuudessa rakennuttajayhti\u00f6 Hyperco kertoi, ett\u00e4 rakennuksen rungon pystytys alkaa syyskuun lopussa.<\/p>\n<p class=\"aw-1gybjub aw-1p7kakr ghpEtB jtovHP yle__article__paragraph\">\u2013 Kovaa vauhtia edet\u00e4\u00e4n, ett\u00e4 saadaan talveksi katto p\u00e4\u00e4n p\u00e4\u00e4lle ja sis\u00e4ty\u00f6t k\u00e4yntiin. Aikataulusta ollaan viikon verran etuajassa, sanoi Hypercon kehitysjohtaja <strong class=\"aw-ak79eh KyCXm yle__article__strong\">Ari Kurvi<\/strong> Ylen haastattelussa 11. syyskuuta.<\/p>\n<p><img decoding=\"async\" alt=\"Hypercon havainnekuva Kouvolan Korialle rakentuvasta Tiktokin datakeskuksesta.\" src=\"https:\/\/www.europesays.com\/fi\/wp-content\/uploads\/2025\/10\/39-152102068c2b7a504751.jpeg\" loading=\"lazy\" class=\"aw-1l9m598 hKVVvP\"\/><\/p>\n<p>Avaa kuvien katselu<\/p>\n<p>Havainnekuva Korialle tulevasta datakeskuksesta. Kuva: Hyperco<\/p>\n<p class=\"aw-1gybjub aw-1p7kakr ghpEtB jtovHP yle__article__paragraph\">Viime viikon lopulla ty\u00f6maalla oli liikkeell\u00e4 puolenkymment\u00e4 kaivinkonetta. Ty\u00f6maan\u00e4kym\u00e4\u00e4 hallitsivat my\u00f6s useat betonipilarit.<\/p>\n<p class=\"aw-1gybjub aw-1p7kakr ghpEtB jtovHP yle__article__paragraph\">Datakeskuksen p\u00e4\u00e4k\u00e4ytt\u00e4j\u00e4n paljastuminen <a class=\"aw-iao6s4 iHOxEa yle__article__link\" href=\"https:\/\/yle.fi\/a\/74-20160380\" role=\"link\" rel=\"nofollow noopener\" target=\"_blank\">aiheutti kohun<\/a> toukokuussa. Elinkeinoministeri Wille Rydman (ps.) toi esiin huolensa <a class=\"aw-iao6s4 iHOxEa yle__article__link\" href=\"https:\/\/yle.fi\/a\/74-20160436\" role=\"link\" rel=\"nofollow noopener\" target=\"_blank\">Tiktokiin liittyvist\u00e4 tietoturvaongelmista<\/a>. Tiktok kertoi kev\u00e4\u00e4ll\u00e4 tulevansa Korian datakeskuksen p\u00e4\u00e4k\u00e4ytt\u00e4j\u00e4ksi.<\/p>\n<p class=\"aw-1gybjub aw-1p7kakr ghpEtB jtovHP yle__article__paragraph\">Uutinen p\u00e4ivittyy.<\/p>\n","protected":false},"excerpt":{"rendered":"Korian taajamaan datakeskusta rakentavan Hyperco oy:n mukaan rakentaminen jatkuu suunnitellusti ja aikataulun mukaan. Avaa kuvien katselu Korian datakeskuksen&hellip;\n","protected":false},"author":2,"featured_media":67093,"comment_status":"","ping_status":"","sticky":false,"template":"","format":"standard","meta":{"footnotes":""},"categories":[76],"tags":[79,3465,77,33,31,30,15122,71,737,464,1431,402,32,78,1053,2696,15123],"class_list":{"0":"post-67092","1":"post","2":"type-post","3":"status-publish","4":"format-standard","5":"has-post-thumbnail","7":"category-talous","8":"tag-business","9":"tag-datakeskus","10":"tag-economy","11":"tag-fi","12":"tag-finland","13":"tag-finnish","14":"tag-koria","15":"tag-kotimaa","16":"tag-kouvola","17":"tag-kymenlaakso","18":"tag-palvelinkeskukset","19":"tag-rakentaminen-kiinteistot","20":"tag-suomi","21":"tag-talous","22":"tag-teollisuus","23":"tag-tiktok","24":"tag-urakoitsijat"},"share_on_mastodon":{"url":"","error":""},"_links":{"self":[{"href":"https:\/\/www.europesays.com\/fi\/wp-json\/wp\/v2\/posts\/67092","targetHints":{"allow":["GET"]}}],"collection":[{"href":"https:\/\/www.europesays.com\/fi\/wp-json\/wp\/v2\/posts"}],"about":[{"href":"https:\/\/www.europesays.com\/fi\/wp-json\/wp\/v2\/types\/post"}],"author":[{"embeddable":true,"href":"https:\/\/www.europesays.com\/fi\/wp-json\/wp\/v2\/users\/2"}],"replies":[{"embeddable":true,"href":"https:\/\/www.europesays.com\/fi\/wp-json\/wp\/v2\/comments?post=67092"}],"version-history":[{"count":0,"href":"https:\/\/www.europesays.com\/fi\/wp-json\/wp\/v2\/posts\/67092\/revisions"}],"wp:featuredmedia":[{"embeddable":true,"href":"https:\/\/www.europesays.com\/fi\/wp-json\/wp\/v2\/media\/67093"}],"wp:attachment":[{"href":"https:\/\/www.europesays.com\/fi\/wp-json\/wp\/v2\/media?parent=67092"}],"wp:term":[{"taxonomy":"category","embeddable":true,"href":"https:\/\/www.europesays.com\/fi\/wp-json\/wp\/v2\/categories?post=67092"},{"taxonomy":"post_tag","embeddable":true,"href":"https:\/\/www.europesays.com\/fi\/wp-json\/wp\/v2\/tags?post=67092"}],"curies":[{"name":"wp","href":"https:\/\/api.w.org\/{rel}","templated":true}]}}