{"id":67123,"date":"2025-10-20T08:18:07","date_gmt":"2025-10-20T08:18:07","guid":{"rendered":"https:\/\/www.europesays.com\/fi\/67123\/"},"modified":"2025-10-20T08:18:07","modified_gmt":"2025-10-20T08:18:07","slug":"ruotsilta-jattipalkkaus-iltalehti","status":"publish","type":"post","link":"https:\/\/www.europesays.com\/fi\/67123\/","title":{"rendered":"Ruotsilta j\u00e4ttipalkkaus &#8211; Iltalehti"},"content":{"rendered":"<ol>\n<li><a href=\"https:\/\/news.google.com\/rss\/articles\/CBMif0FVX3lxTE9GdUdvSXJIQWJiM09zX3BsQjBtRnI3WFJkcE5lMzE5SjlHV3hmSEU2V3FKdGVXNE1NbkxYMFd6Y19TaHI3aWVnMVF6RU11UG54NktXQlY5VjlCMnI5X012Z3d1ckVzd3FYUUkySGxQaHA4dTJPQUtwR2FGdzFLZDQ?oc=5\" target=\"_blank\" rel=\"nofollow noopener\">Ruotsilta j\u00e4ttipalkkaus<\/a>&nbsp;&nbsp;Iltalehti<\/li>\n<li><a href=\"https:\/\/news.google.com\/rss\/articles\/CBMiYEFVX3lxTE9mNXZTQ1NSZXI2MVNQYkpsNGZqUDU4bE54dm1uM2UxRUtjZmk1VTd0QjY1QU5jSERudkVFRTZObnExUmlZRWpxQUFFOEs4OFRtWWs2NG45ZlMyeHJOZWlWSg?oc=5\" target=\"_blank\" rel=\"nofollow noopener\">Lehti: Ruotsin uusi p\u00e4\u00e4valmentaja on selvill\u00e4<\/a>&nbsp;&nbsp;Ilta-Sanomat<\/li>\n<li><a href=\"https:\/\/news.google.com\/rss\/articles\/CBMiQkFVX3lxTE0tMk00WGhfd3l5QkdRVGI2Tlg4VFpQVDdoVjhhWlVTZTJrQ0tBTEtUczlMODFnODRnTmNFNXQ2eHJGQQ?oc=5\" target=\"_blank\" rel=\"nofollow noopener\">\u201dMiten helvetiss\u00e4 kaikki on mennyt n\u00e4in vihkoon?\u201d \u2013 Ruotsissa kuohuu, kun sen jalkapallon supersukupolvi konttaa<\/a>&nbsp;&nbsp;Yle<\/li>\n<li><a href=\"https:\/\/news.google.com\/rss\/articles\/CBMivwFBVV95cUxNdU9iMU90UHNVa0xBYm9hODJ6M0lHN09SZllsOGcxZmZpU00yTld1Rk1CWHpwNnRtVWdfaXJRTHFOSll1OTUwaUVQMUxaczhmM2xWbnY0SGVZTE9QMXVIWDVEdGlWSmJ0UEFTNGU5MkpzZVRWZV9VYkRsbnlQMXhhN3pnMjdfNnRtenVFYmtzQm1JMDZ4YjhSTnlOUWVKUUtVTVBJWjRjM204VEVqSFI3blU0QVZxVHd3M3hsd2hjTQ?oc=5\" target=\"_blank\" rel=\"nofollow noopener\">Ruotsi neuvottelee ison valmentajanimen kanssa maajoukkuepestist\u00e4<\/a>&nbsp;&nbsp;MSN<\/li>\n<li><a href=\"https:\/\/news.google.com\/rss\/articles\/CBMiSkFVX3lxTE01RFdvTnBybjg1dEtQN3NHVGE1aWJXNlRmd0NtSUJ0MTZ3MURsTjI0Z2tSQV9LZjZmNGVlLWVLR2Nid3NqMWZhNFdB?oc=5\" target=\"_blank\" rel=\"nofollow noopener\">Ruotsi h\u00e4visi Kosovolle jalkapallon MM-karsinnoissa \u2013 &#8221;Olemme t\u00e4ysin unohtaneet, miten maaleja tehd\u00e4\u00e4n&#8221;<\/a>&nbsp;&nbsp;Etel\u00e4-Suomen Sanomat<\/li>\n<\/ol>\n","protected":false},"excerpt":{"rendered":"Ruotsilta j\u00e4ttipalkkaus&nbsp;&nbsp;Iltalehti Lehti: Ruotsin uusi p\u00e4\u00e4valmentaja on selvill\u00e4&nbsp;&nbsp;Ilta-Sanomat \u201dMiten helvetiss\u00e4 kaikki on mennyt n\u00e4in vihkoon?\u201d \u2013 Ruotsissa kuohuu,&hellip;\n","protected":false},"author":2,"featured_media":67124,"comment_status":"","ping_status":"","sticky":false,"template":"","format":"standard","meta":{"footnotes":""},"categories":[158],"tags":[35,33,31,30,43,42,1984,41,159,32,160,161],"class_list":{"0":"post-67123","1":"post","2":"type-post","3":"status-publish","4":"format-standard","5":"has-post-thumbnail","7":"category-urheilu","8":"tag-24h","9":"tag-fi","10":"tag-finland","11":"tag-finnish","12":"tag-jalkapallo","13":"tag-jalkapalloon-perustuvat-lajit","14":"tag-jalkapallopelaajat-miehet","15":"tag-liikunta-ja-urheilu","16":"tag-sports","17":"tag-suomi","18":"tag-urheilu","19":"tag-urheilutapahtumat"},"share_on_mastodon":{"url":"","error":""},"_links":{"self":[{"href":"https:\/\/www.europesays.com\/fi\/wp-json\/wp\/v2\/posts\/67123","targetHints":{"allow":["GET"]}}],"collection":[{"href":"https:\/\/www.europesays.com\/fi\/wp-json\/wp\/v2\/posts"}],"about":[{"href":"https:\/\/www.europesays.com\/fi\/wp-json\/wp\/v2\/types\/post"}],"author":[{"embeddable":true,"href":"https:\/\/www.europesays.com\/fi\/wp-json\/wp\/v2\/users\/2"}],"replies":[{"embeddable":true,"href":"https:\/\/www.europesays.com\/fi\/wp-json\/wp\/v2\/comments?post=67123"}],"version-history":[{"count":0,"href":"https:\/\/www.europesays.com\/fi\/wp-json\/wp\/v2\/posts\/67123\/revisions"}],"wp:featuredmedia":[{"embeddable":true,"href":"https:\/\/www.europesays.com\/fi\/wp-json\/wp\/v2\/media\/67124"}],"wp:attachment":[{"href":"https:\/\/www.europesays.com\/fi\/wp-json\/wp\/v2\/media?parent=67123"}],"wp:term":[{"taxonomy":"category","embeddable":true,"href":"https:\/\/www.europesays.com\/fi\/wp-json\/wp\/v2\/categories?post=67123"},{"taxonomy":"post_tag","embeddable":true,"href":"https:\/\/www.europesays.com\/fi\/wp-json\/wp\/v2\/tags?post=67123"}],"curies":[{"name":"wp","href":"https:\/\/api.w.org\/{rel}","templated":true}]}}