{"id":67125,"date":"2025-10-20T08:19:08","date_gmt":"2025-10-20T08:19:08","guid":{"rendered":"https:\/\/www.europesays.com\/fi\/67125\/"},"modified":"2025-10-20T08:19:08","modified_gmt":"2025-10-20T08:19:08","slug":"meiju-suvaksen-kaytos-suivaannutti-elamani-biisi-katsojia-nyt-puhuu-tuotanto","status":"publish","type":"post","link":"https:\/\/www.europesays.com\/fi\/67125\/","title":{"rendered":"Meiju Suvaksen k\u00e4yt\u00f6s suivaannutti El\u00e4m\u00e4ni biisi -katsojia \u2013 Nyt puhuu tuotanto"},"content":{"rendered":"<p>Meiju Suvas kaivoi puhelimen esiin potpuriesityksen aikana.<\/p>\n<p><img decoding=\"async\" class=\"image image-show image-preview\" src=\"https:\/\/www.europesays.com\/fi\/wp-content\/uploads\/2025\/10\/509d7c0b068fb8e25263315ad48b649ac4d70a59241ac37652b83be2b81bacb3.jpg\" alt=\"\"\/><img decoding=\"async\" class=\"image image-show\" src=\"https:\/\/www.europesays.com\/fi\/wp-content\/uploads\/2025\/10\/1759686488_248_509d7c0b068fb8e25263315ad48b649ac4d70a59241ac37652b83be2b81bacb3.jpg\" alt=\"\"\/><\/p>\n<p>Meiju Suvas vieraili lauantaina El\u00e4m\u00e4ni biisi -ohjelmassa. Pete Anikari<\/p>\n<p class=\"paragraph\">El\u00e4m\u00e4ni biisi -ohjelman viime lauantain jakso her\u00e4tti keskustelua erityisesti yhden vieraan takia.<\/p>\n<p class=\"paragraph\">Laulaja <a href=\"https:\/\/www.iltalehti.fi\/henkilot\/Meiju Suvas\" class=\"article-link-person-page\" rel=\"nofollow noopener\" target=\"_blank\">Meiju Suvas<\/a> kuvasi jakson lopussa n\u00e4hdyn potpuriesityksen aikana puhelimellaan esityst\u00e4 sek\u00e4 juontaja <a href=\"https:\/\/www.iltalehti.fi\/henkilot\/Katja St\u00e5hl\" class=\"article-link-person-page\" rel=\"nofollow noopener\" target=\"_blank\">Katja St\u00e5hlia<\/a>. T\u00e4m\u00e4 sai osan katsojista suivaantumaan.<\/p>\n<p class=\"paragraph\">\u2013 Miksi pit\u00e4\u00e4 omalla puhelimella kuvata, kun on suorassa l\u00e4hetyksess\u00e4 itse vieraana? er\u00e4s k\u00e4ytt\u00e4j\u00e4 kritisoi anonyymiss\u00e4 viestipalvelu Jodelissa.<\/p>\n<p class=\"paragraph\">\u2013 Ei kyll\u00e4 mielest\u00e4ni oikein sovi etikettiin, sama k\u00e4ytt\u00e4j\u00e4 jatkoi.<\/p>\n<p class=\"paragraph\">Iltalehti tavoitti ohjelman vastaavan tuottajan <strong>Samu Reijosen<\/strong> Ylelt\u00e4 kommentoimaan Suvaksen k\u00e4yt\u00f6ksest\u00e4 kirvonnutta kritiikki\u00e4.<\/p>\n<p class=\"paragraph\">\u2013 Meit\u00e4 l\u00e4hinn\u00e4 huvittaa se, ett\u00e4 kun ohjelmalla on noin paljon katsojia, ihmiset kiinnitt\u00e4v\u00e4t eri asioihin huomiota, Reijonen sanoo.<\/p>\n<p class=\"paragraph\">Reijosen mukaan tuotannosta ohjeistetaan vieraita j\u00e4tt\u00e4m\u00e4\u00e4n puhelimet kuvauspaikalta pois, etteiv\u00e4t ne esimerkiksi h\u00e4iritse mikrofoneja.<\/p>\n<p class=\"paragraph\">\u2013 Mutta jos Meiju haluaa potpurista somettaa, h\u00e4n saa sen tehd\u00e4, Reijonen nauraa.<\/p>\n<p class=\"paragraph\">\u2013 Se ei varsinaisen l\u00e4hetyksen aikana aiheuttanut h\u00e4iri\u00f6t\u00e4, Reijonen jatkaa.<\/p>\n<p class=\"paragraph\">Reijonen kertoo, ett\u00e4 ohjaaja huvittui Suvaksen kuvailusta sen verran, ett\u00e4 poimi h\u00e4net l\u00e4hikuviin.<\/p>\n<p class=\"paragraph\">\u2013 En muista, ett\u00e4 aikasemmin kukaan olisi l\u00e4hetyksen aikana ottanut kuvia. Sen verran se her\u00e4tti ohjaamossa huvittuneisuutta, ett\u00e4 ohjaaja reagoi siihen my\u00f6s.<\/p>\n<p class=\"paragraph\">Suvaksen el\u00e4m\u00e4n biisiksi osoittautui Earth, Wind and Fire -yhtyeen kappale Fantasy. Lauantain l\u00e4hetyksen muut vieraat olivat kirjailija <a href=\"https:\/\/www.iltalehti.fi\/henkilot\/Raija Oranen\" class=\"article-link-person-page\" rel=\"nofollow noopener\" target=\"_blank\">Raija Oranen<\/a>, toimittaja <a href=\"https:\/\/www.iltalehti.fi\/henkilot\/Seija Vaaherkumpu\" class=\"article-link-person-page\" rel=\"nofollow noopener\" target=\"_blank\">Seija Vaaherkumpu<\/a>, oopperalaulaja <a href=\"https:\/\/www.iltalehti.fi\/henkilot\/Jaakko Ryh\u00e4nen\" class=\"article-link-person-page\" rel=\"nofollow noopener\" target=\"_blank\">Jaakko Ryh\u00e4nen<\/a> ja n\u00e4yttelij\u00e4 <a href=\"https:\/\/www.iltalehti.fi\/henkilot\/Heikki Kinnunen\" class=\"article-link-person-page\" rel=\"nofollow noopener\" target=\"_blank\">Heikki Kinnunen<\/a>.<\/p>\n<p class=\"paragraph\">El\u00e4m\u00e4ni biisi lauantaisin TV1:ll\u00e4 kello 21 &amp; Areenassa. <a href=\"https:\/\/www.iltalehti.fi\/telkku\" rel=\"nofollow noopener\" target=\"_blank\">Katso kaikki TV-ohjelmat ja l\u00e4hetysajat Telkun TV-oppaasta.<\/a><\/p>\n","protected":false},"excerpt":{"rendered":"Meiju Suvas kaivoi puhelimen esiin potpuriesityksen aikana. Meiju Suvas vieraili lauantaina El\u00e4m\u00e4ni biisi -ohjelmassa. Pete Anikari El\u00e4m\u00e4ni biisi&hellip;\n","protected":false},"author":2,"featured_media":53833,"comment_status":"","ping_status":"","sticky":false,"template":"","format":"standard","meta":{"footnotes":""},"categories":[130],"tags":[35,138,137,33,31,30,763,47,32,397,484,140,109],"class_list":{"0":"post-67125","1":"post","2":"type-post","3":"status-publish","4":"format-standard","5":"has-post-thumbnail","7":"category-viihde","8":"tag-24h","9":"tag-audio","10":"tag-entertainment","11":"tag-fi","12":"tag-finland","13":"tag-finnish","14":"tag-kulttuuri-ja-viihde","15":"tag-musiikki","16":"tag-suomi","17":"tag-taide","18":"tag-taiteellinen-ilmaisu-ja-mediat","19":"tag-tv-ja-elokuvat","20":"tag-viihde"},"share_on_mastodon":{"url":"","error":""},"_links":{"self":[{"href":"https:\/\/www.europesays.com\/fi\/wp-json\/wp\/v2\/posts\/67125","targetHints":{"allow":["GET"]}}],"collection":[{"href":"https:\/\/www.europesays.com\/fi\/wp-json\/wp\/v2\/posts"}],"about":[{"href":"https:\/\/www.europesays.com\/fi\/wp-json\/wp\/v2\/types\/post"}],"author":[{"embeddable":true,"href":"https:\/\/www.europesays.com\/fi\/wp-json\/wp\/v2\/users\/2"}],"replies":[{"embeddable":true,"href":"https:\/\/www.europesays.com\/fi\/wp-json\/wp\/v2\/comments?post=67125"}],"version-history":[{"count":0,"href":"https:\/\/www.europesays.com\/fi\/wp-json\/wp\/v2\/posts\/67125\/revisions"}],"wp:featuredmedia":[{"embeddable":true,"href":"https:\/\/www.europesays.com\/fi\/wp-json\/wp\/v2\/media\/53833"}],"wp:attachment":[{"href":"https:\/\/www.europesays.com\/fi\/wp-json\/wp\/v2\/media?parent=67125"}],"wp:term":[{"taxonomy":"category","embeddable":true,"href":"https:\/\/www.europesays.com\/fi\/wp-json\/wp\/v2\/categories?post=67125"},{"taxonomy":"post_tag","embeddable":true,"href":"https:\/\/www.europesays.com\/fi\/wp-json\/wp\/v2\/tags?post=67125"}],"curies":[{"name":"wp","href":"https:\/\/api.w.org\/{rel}","templated":true}]}}