{"id":67184,"date":"2025-10-20T09:42:09","date_gmt":"2025-10-20T09:42:09","guid":{"rendered":"https:\/\/www.europesays.com\/fi\/67184\/"},"modified":"2025-10-20T09:42:09","modified_gmt":"2025-10-20T09:42:09","slug":"mies-kaytti-teinityttoa-seksuaalisesti-hyvakseen-useasti-yli-kahden-vuoden-ajan-sai-reilut-kaksi-vuotta-vankeutta-kymenlaakso","status":"publish","type":"post","link":"https:\/\/www.europesays.com\/fi\/67184\/","title":{"rendered":"Mies k\u00e4ytti teinitytt\u00f6\u00e4 seksuaalisesti hyv\u00e4kseen useasti yli kahden vuoden ajan \u2013 sai reilut kaksi vuotta vankeutta | Kymenlaakso"},"content":{"rendered":"<p class=\"aw-1gybjub aw-5vja16 ghpEtB kjanFo yle__article__paragraph\">Kymenlaakson k\u00e4r\u00e4j\u00e4oikeus\u00ad tuomitsi nyt 35-vuotiaan miehen kahden vuoden ja nelj\u00e4n kuukauden vankeuteen lapsen t\u00f6rke\u00e4st\u00e4 seksuaalisesta hyv\u00e4ksi\u00adk\u00e4yt\u00f6st\u00e4.<\/p>\n<p><img decoding=\"async\" alt=\"Kouvolan oikeus- ja poliisitalo.\" src=\"https:\/\/www.europesays.com\/fi\/wp-content\/uploads\/2025\/10\/39-151585668b6940e64a65.jpeg\" class=\"aw-1l9m598 hKVVvP\"\/><\/p>\n<p>Avaa kuvien katselu<\/p>\n<p>K\u00e4r\u00e4j\u00e4oikeuden p\u00e4\u00e4t\u00f6ksest\u00e4 voi valittaa hovioikeuteen eli se ei ole lainvoimainen. Arkistokuva. Kuva: Antro Valo \/ Yle<\/p>\n<p class=\"aw-1gybjub aw-1p7kakr ghpEtB jtovHP yle__article__paragraph\">Kymenlaakson k\u00e4r\u00e4j\u00e4oikeus on tuominnut kymenlaaksolaisen miehen t\u00f6rke\u00e4st\u00e4 lapsen seksuaalisesta hyv\u00e4ksik\u00e4yt\u00f6st\u00e4.<\/p>\n<p class=\"aw-1gybjub aw-1p7kakr ghpEtB jtovHP yle__article__paragraph\">Nyt 35-vuotias mies tuomittiin kahden vuoden ja nelj\u00e4n kuukauden ehdottomaan vankeuteen sek\u00e4 maksamaan uhrille psyykkisest\u00e4 tilap\u00e4isest\u00e4 haitasta ja k\u00e4rsimyksest\u00e4 yhteens\u00e4 23\u00a0000 euroa.<\/p>\n<p class=\"aw-1gybjub aw-1p7kakr ghpEtB jtovHP yle__article__paragraph\">Oikeuden mukaan mies k\u00e4ytti tekoaikaan 13\u201315-vuotiasta tytt\u00f6\u00e4 useasti hyv\u00e4kseen noin kahden ja puolen vuoden aikana eli kes\u00e4kuusta 2019 joulukuuhun 2021. Mies oli kosketellut tytt\u00f6\u00e4 sek\u00e4 h\u00e4nen sukuelimi\u00e4\u00e4n ja ty\u00f6nt\u00e4nyt sormia em\u00e4ttimeen.<\/p>\n<p class=\"aw-1gybjub aw-1p7kakr ghpEtB jtovHP yle__article__paragraph\">Lis\u00e4ksi h\u00e4n oli n\u00e4ytt\u00e4nyt tyt\u00f6lle osin v\u00e4kivaltaisia seksivideoita ja vihjaillut pidemm\u00e4lle menev\u00e4st\u00e4 seksuaalisesta toiminnasta, kunhan tytt\u00f6 t\u00e4ytt\u00e4\u00e4 16 vuotta.<\/p>\n<p class=\"aw-1gybjub aw-1p7kakr ghpEtB jtovHP yle__article__paragraph\">Mies oli kielt\u00e4nyt kertomasta koskettelusta kenellek\u00e4\u00e4n.<\/p>\n<p>Oikeudenk\u00e4ynnin viiv\u00e4stymisest\u00e4 hyvityst\u00e4<\/p>\n<p class=\"aw-1gybjub aw-1p7kakr ghpEtB jtovHP yle__article__paragraph\">Todisteina oikeudessa oli uhrin ja tekij\u00e4n v\u00e4lisi\u00e4 viestej\u00e4, suoratoistopalvelun tilitietoja, some-julkaisuja ja esimerkiksi koulukuraattorin kirjauksia ja l\u00e4\u00e4k\u00e4rinlausuntoja.<\/p>\n<p class=\"aw-1gybjub aw-1p7kakr ghpEtB jtovHP yle__article__paragraph\">Mies kiisti syyllisyytens\u00e4.<\/p>\n<p class=\"aw-1gybjub aw-1p7kakr ghpEtB jtovHP yle__article__paragraph\">Koska oikeudenk\u00e4ynti viiv\u00e4styi, mies sai kaksi kuukautta lyhyemm\u00e4n tuomion ja uhri sai valtiolta 1\u00a0500 euroa korvauksia.<\/p>\n<p class=\"aw-1gybjub aw-1p7kakr ghpEtB jtovHP yle__article__paragraph\">K\u00e4r\u00e4j\u00e4oikeuden p\u00e4\u00e4t\u00f6ksest\u00e4 voi valittaa hovioikeuteen eli se ei ole lainvoimainen.<\/p>\n","protected":false},"excerpt":{"rendered":"Kymenlaakson k\u00e4r\u00e4j\u00e4oikeus\u00ad tuomitsi nyt 35-vuotiaan miehen kahden vuoden ja nelj\u00e4n kuukauden vankeuteen lapsen t\u00f6rke\u00e4st\u00e4 seksuaalisesta hyv\u00e4ksi\u00adk\u00e4yt\u00f6st\u00e4. Avaa kuvien&hellip;\n","protected":false},"author":2,"featured_media":67185,"comment_status":"","ping_status":"","sticky":false,"template":"","format":"standard","meta":{"footnotes":""},"categories":[12],"tags":[22,23,26,27,33,31,30,17,71,464,4354,24,25,28,29,15,2098,1915,18,21,581,4353,32,19,20,16,8170],"class_list":{"0":"post-67184","1":"post","2":"type-post","3":"status-publish","4":"format-standard","5":"has-post-thumbnail","7":"category-suomi","8":"tag-breaking-news","9":"tag-breakingnews","10":"tag-featured-news","11":"tag-featurednews","12":"tag-fi","13":"tag-finland","14":"tag-finnish","15":"tag-headlines","16":"tag-kotimaa","17":"tag-kymenlaakso","18":"tag-lasten-seksuaalinen-hyvaksikaytto","19":"tag-latest-news","20":"tag-latestnews","21":"tag-main-news","22":"tag-mainnews","23":"tag-news","24":"tag-oikeudenkaynnit","25":"tag-oikeus","26":"tag-otsikot","27":"tag-paauutiset","28":"tag-rikokset","29":"tag-seksuaalirikokset","30":"tag-suomi","31":"tag-top-stories","32":"tag-topstories","33":"tag-uutiset","34":"tag-vankeus"},"share_on_mastodon":{"url":"","error":""},"_links":{"self":[{"href":"https:\/\/www.europesays.com\/fi\/wp-json\/wp\/v2\/posts\/67184","targetHints":{"allow":["GET"]}}],"collection":[{"href":"https:\/\/www.europesays.com\/fi\/wp-json\/wp\/v2\/posts"}],"about":[{"href":"https:\/\/www.europesays.com\/fi\/wp-json\/wp\/v2\/types\/post"}],"author":[{"embeddable":true,"href":"https:\/\/www.europesays.com\/fi\/wp-json\/wp\/v2\/users\/2"}],"replies":[{"embeddable":true,"href":"https:\/\/www.europesays.com\/fi\/wp-json\/wp\/v2\/comments?post=67184"}],"version-history":[{"count":0,"href":"https:\/\/www.europesays.com\/fi\/wp-json\/wp\/v2\/posts\/67184\/revisions"}],"wp:featuredmedia":[{"embeddable":true,"href":"https:\/\/www.europesays.com\/fi\/wp-json\/wp\/v2\/media\/67185"}],"wp:attachment":[{"href":"https:\/\/www.europesays.com\/fi\/wp-json\/wp\/v2\/media?parent=67184"}],"wp:term":[{"taxonomy":"category","embeddable":true,"href":"https:\/\/www.europesays.com\/fi\/wp-json\/wp\/v2\/categories?post=67184"},{"taxonomy":"post_tag","embeddable":true,"href":"https:\/\/www.europesays.com\/fi\/wp-json\/wp\/v2\/tags?post=67184"}],"curies":[{"name":"wp","href":"https:\/\/api.w.org\/{rel}","templated":true}]}}