{"id":67245,"date":"2025-10-20T10:58:08","date_gmt":"2025-10-20T10:58:08","guid":{"rendered":"https:\/\/www.europesays.com\/fi\/67245\/"},"modified":"2025-10-20T10:58:08","modified_gmt":"2025-10-20T10:58:08","slug":"amazonin-palveluissa-ollut-maailmanlaajuisia-hairioita-ongelmia-muun-muassa-snapchatissa-uutissuomalainen","status":"publish","type":"post","link":"https:\/\/www.europesays.com\/fi\/67245\/","title":{"rendered":"Amazonin palveluissa ollut maailmanlaajuisia h\u00e4iri\u00f6it\u00e4, ongelmia muun muassa Snapchatissa | Uutissuomalainen"},"content":{"rendered":"<p>Teknologiayhti\u00f6 Amazonin palveluissa on ollut maailmanlaajuisia h\u00e4iri\u00f6it\u00e4, yhti\u00f6 kertoo <a href=\"https:\/\/health.aws.amazon.com\/health\/status\" rel=\"nofollow noopener\" target=\"_blank\">sivustollaan<\/a>.<\/p>\n<p>H\u00e4iri\u00f6n vuoksi useat verkkosivut ja palvelut, kuten sosiaalisen median palvelu Snapchat ja kielten opiskeluun tarkoitettu Duolingo, ovat olleet poissa k\u00e4yt\u00f6st\u00e4. Puoli kahdelta iltap\u00e4iv\u00e4ll\u00e4 Suomen aikaa n\u00e4m\u00e4 palvelut n\u00e4yttiv\u00e4t Suomessa toimivan j\u00e4lleen.<\/p>\n<p>Teko\u00e4ly-yhti\u00f6 Perplexityn toimitusjohtajan <a href=\"https:\/\/x.com\/AravSrinivas\/status\/1980172632600506579\" rel=\"nofollow\">mukaan<\/a> ongelmien taustalla on Amazonin pilvipalvelualusta Amazon Web Servicesin h\u00e4iri\u00f6.<\/p>\n","protected":false},"excerpt":{"rendered":"Teknologiayhti\u00f6 Amazonin palveluissa on ollut maailmanlaajuisia h\u00e4iri\u00f6it\u00e4, yhti\u00f6 kertoo sivustollaan. H\u00e4iri\u00f6n vuoksi useat verkkosivut ja palvelut, kuten sosiaalisen&hellip;\n","protected":false},"author":2,"featured_media":64807,"comment_status":"","ping_status":"","sticky":false,"template":"","format":"standard","meta":{"footnotes":""},"categories":[76],"tags":[79,4492,77,33,31,30,148,147,898,32,78,487,149],"class_list":{"0":"post-67245","1":"post","2":"type-post","3":"status-publish","4":"format-standard","5":"has-post-thumbnail","7":"category-talous","8":"tag-business","9":"tag-digimedia","10":"tag-economy","11":"tag-fi","12":"tag-finland","13":"tag-finnish","14":"tag-internet","15":"tag-internet-palvelut","16":"tag-kulutustavarat","17":"tag-suomi","18":"tag-talous","19":"tag-teknologia-yleista","20":"tag-tietojenkasittely-ja-informaatioteknologia"},"share_on_mastodon":{"url":"","error":""},"_links":{"self":[{"href":"https:\/\/www.europesays.com\/fi\/wp-json\/wp\/v2\/posts\/67245","targetHints":{"allow":["GET"]}}],"collection":[{"href":"https:\/\/www.europesays.com\/fi\/wp-json\/wp\/v2\/posts"}],"about":[{"href":"https:\/\/www.europesays.com\/fi\/wp-json\/wp\/v2\/types\/post"}],"author":[{"embeddable":true,"href":"https:\/\/www.europesays.com\/fi\/wp-json\/wp\/v2\/users\/2"}],"replies":[{"embeddable":true,"href":"https:\/\/www.europesays.com\/fi\/wp-json\/wp\/v2\/comments?post=67245"}],"version-history":[{"count":0,"href":"https:\/\/www.europesays.com\/fi\/wp-json\/wp\/v2\/posts\/67245\/revisions"}],"wp:featuredmedia":[{"embeddable":true,"href":"https:\/\/www.europesays.com\/fi\/wp-json\/wp\/v2\/media\/64807"}],"wp:attachment":[{"href":"https:\/\/www.europesays.com\/fi\/wp-json\/wp\/v2\/media?parent=67245"}],"wp:term":[{"taxonomy":"category","embeddable":true,"href":"https:\/\/www.europesays.com\/fi\/wp-json\/wp\/v2\/categories?post=67245"},{"taxonomy":"post_tag","embeddable":true,"href":"https:\/\/www.europesays.com\/fi\/wp-json\/wp\/v2\/tags?post=67245"}],"curies":[{"name":"wp","href":"https:\/\/api.w.org\/{rel}","templated":true}]}}