{"id":67278,"date":"2025-10-20T11:43:09","date_gmt":"2025-10-20T11:43:09","guid":{"rendered":"https:\/\/www.europesays.com\/fi\/67278\/"},"modified":"2025-10-20T11:43:09","modified_gmt":"2025-10-20T11:43:09","slug":"tpsn-perinteinen-maalilaulu-arvostettiin-parhaaksi-maistan-siina-myos-vastustajan-arsyttamiseen-tahtaavan-sivumaun","status":"publish","type":"post","link":"https:\/\/www.europesays.com\/fi\/67278\/","title":{"rendered":"TPS:n perinteinen maalilaulu arvostettiin parhaaksi: \u201dMaistan siin\u00e4 my\u00f6s vastustajan \u00e4rsytt\u00e4miseen t\u00e4ht\u00e4\u00e4v\u00e4n sivumaun\u201d"},"content":{"rendered":"<p>\t\t\t\t\t\t\t\t\t\t\t\t<img loading=\"lazy\" decoding=\"async\" data-del=\"avatar\" src=\"https:\/\/www.europesays.com\/fi\/wp-content\/uploads\/2025\/08\/WhatsApp-Image-2024-10-24-at-14.55.42-150x150.jpg\" class=\"avatar pp-user-avatar avatar-96wp-user-avatar wp-user-avatar-96 photo \" alt=\"Kirjoittajan kuva\" height=\"96\" width=\"96\"\/>\t\t\t<\/p>\n<p>Joel Siltanen<\/p>\n<p>P\u00e4\u00e4toimittaja<br \/>&#13;<br \/>\nAsemapaikka: Helsinki<br \/>&#13;<br \/>\nInstagram\/Threads: @eipasjalkakissa<br \/>&#13;<br \/>\nBluesky: @joelsiltanen.bsky.social<\/p>\n<p>Toissaviikolla kysyimme viikon kysymyksess\u00e4, ett\u00e4 mill\u00e4 miesten liigajoukkueella on paras maalilaulu.<\/p>\n<p>Voittajaksi <a href=\"https:\/\/paakallo.fi\/2025\/10\/viikon-kysymys-milla-liigajoukkueella-on-paras-maalilaulu\/\" rel=\"nofollow noopener\" target=\"_blank\">\u00e4\u00e4nestettiin<\/a> TPS ja sen Erkki Liikasen esitt\u00e4m\u00e4 perinteinen \u201dMaali se on hunajata\u201d 23,6%:n \u00e4\u00e4nisaalilla. Kakkoseksi \u00e4\u00e4nestettiin SPV:n maalilaulu, Khaledin \u201dC\u2019est La Vie\u201d ja se sai 16,4% \u00e4\u00e4nist\u00e4. Kolmanneksi ylsi OLS:n my\u00f6skin hyvin perinteinen Kai Hyttisen \u201dDirlanda\u201d, joka sai 12,7% \u00e4\u00e4ni\u00e4. P\u00e4\u00e4kallo julkaisi aiemmin oman <a href=\"https:\/\/paakallo.fi\/2025\/10\/viikon-top-5-liigan-maalilaulut\/\" rel=\"nofollow noopener\" target=\"_blank\">top5-listauksen maalilauluista<\/a>.<\/p>\n<p>K\u00e4ytt\u00e4j\u00e4 \u201dPulpo\u201d kehui eritoten SPV:n maalilaulua foorumilla.<\/p>\n<p>Tuo SPV:n j\u00e4\u00e4 kyll\u00e4 positiivisella tavalla soimaan p\u00e4\u00e4h\u00e4n. Mukavan raikas kappale ja yhdistyy hyvin Peliveljien nopeaan peliin.<\/p>\n<p>Sen sijaa \u201djippii\u201d kehui voittajaa hyvin perustellen.<\/p>\n<p>Pakko antaa \u00e4\u00e4ni Tepsille, vaikka biisi ei ihan pelkk\u00e4\u00e4 maalijuhlan posaa ookaan. Ainakin itse maistan siin\u00e4 my\u00f6s vastustajan \u00e4rsytt\u00e4miseen t\u00e4ht\u00e4\u00e4v\u00e4n sivumaun. Biisi tuo kuitenkin rentona rallina loistavan kontrastin t\u00e4llaiseen nopeaan lajiin ja kaivautuu helpolla pahaksi korvamadoksi. T\u00e4m\u00e4n jutunkaan \u00e4\u00e4nin\u00e4ytteist\u00e4 en juuri sit\u00e4 kuunnellut, koska muuten se ois soinut p\u00e4\u00e4ss\u00e4 loppuillan. Tai no, mit\u00e4 sit\u00e4 kiertelem\u00e4\u00e4n, soihan se nyt jo. Saakeli\u2026<\/p>\n","protected":false},"excerpt":{"rendered":"Joel Siltanen P\u00e4\u00e4toimittaja&#13; Asemapaikka: Helsinki&#13; Instagram\/Threads: @eipasjalkakissa&#13; Bluesky: @joelsiltanen.bsky.social Toissaviikolla kysyimme viikon kysymyksess\u00e4, ett\u00e4 mill\u00e4 miesten liigajoukkueella on&hellip;\n","protected":false},"author":2,"featured_media":67279,"comment_status":"","ping_status":"","sticky":false,"template":"","format":"standard","meta":{"footnotes":""},"categories":[132],"tags":[137,33,31,30,195,47,32,109],"class_list":{"0":"post-67278","1":"post","2":"type-post","3":"status-publish","4":"format-standard","5":"has-post-thumbnail","7":"category-musiikki","8":"tag-entertainment","9":"tag-fi","10":"tag-finland","11":"tag-finnish","12":"tag-music","13":"tag-musiikki","14":"tag-suomi","15":"tag-viihde"},"share_on_mastodon":{"url":"","error":""},"_links":{"self":[{"href":"https:\/\/www.europesays.com\/fi\/wp-json\/wp\/v2\/posts\/67278","targetHints":{"allow":["GET"]}}],"collection":[{"href":"https:\/\/www.europesays.com\/fi\/wp-json\/wp\/v2\/posts"}],"about":[{"href":"https:\/\/www.europesays.com\/fi\/wp-json\/wp\/v2\/types\/post"}],"author":[{"embeddable":true,"href":"https:\/\/www.europesays.com\/fi\/wp-json\/wp\/v2\/users\/2"}],"replies":[{"embeddable":true,"href":"https:\/\/www.europesays.com\/fi\/wp-json\/wp\/v2\/comments?post=67278"}],"version-history":[{"count":0,"href":"https:\/\/www.europesays.com\/fi\/wp-json\/wp\/v2\/posts\/67278\/revisions"}],"wp:featuredmedia":[{"embeddable":true,"href":"https:\/\/www.europesays.com\/fi\/wp-json\/wp\/v2\/media\/67279"}],"wp:attachment":[{"href":"https:\/\/www.europesays.com\/fi\/wp-json\/wp\/v2\/media?parent=67278"}],"wp:term":[{"taxonomy":"category","embeddable":true,"href":"https:\/\/www.europesays.com\/fi\/wp-json\/wp\/v2\/categories?post=67278"},{"taxonomy":"post_tag","embeddable":true,"href":"https:\/\/www.europesays.com\/fi\/wp-json\/wp\/v2\/tags?post=67278"}],"curies":[{"name":"wp","href":"https:\/\/api.w.org\/{rel}","templated":true}]}}