{"id":67511,"date":"2025-10-20T17:23:07","date_gmt":"2025-10-20T17:23:07","guid":{"rendered":"https:\/\/www.europesays.com\/fi\/67511\/"},"modified":"2025-10-20T17:23:07","modified_gmt":"2025-10-20T17:23:07","slug":"star-wars-fanien-on-turha-itkea-enaa-george-lucasin-peraan-tietenkin-olen-jattanyt-sen-taakseni","status":"publish","type":"post","link":"https:\/\/www.europesays.com\/fi\/67511\/","title":{"rendered":"Star Wars -fanien on turha itke\u00e4 en\u00e4\u00e4 George Lucasin per\u00e4\u00e4n: \u201cTietenkin olen j\u00e4tt\u00e4nyt sen taakseni\u201d"},"content":{"rendered":"<p>Kuva: \u00a9 2012. Twentieth Century Fox\n<\/p>\n<p>Star Warsin is\u00e4n\u00e4 tunnettu George Lucas puuhaa parhaillaan elokuvamuseota.<\/p>\n<p><a href=\"https:\/\/muropaketti.com\/avainsana\/george-lucas\/\" rel=\"nofollow noopener\" target=\"_blank\">George Lucas<\/a> myi Lucasfilmin Disneylle 13 vuotta sitten, eik\u00e4 ole sen j\u00e4lkeen pahemmin osallistunut Star Wars -elokuvien k\u00e4sikirjoitusten suunnitteluun tai luovaan puoleen. Eik\u00e4 h\u00e4nell\u00e4 edelleenk\u00e4\u00e4n ole tarkoitusta palata aloittamansa avaruussaagan pariin, uutisoi <a href=\"https:\/\/comicbookmovie.com\/sci_fi\/star-wars\/george-lucas-says-ive-moved-past-star-wars-after-disney-took-it-over-and-gave-it-their-vision-a224350\" target=\"_blank\" rel=\"noreferrer noopener nofollow\">Comicbook Movie<\/a>.<\/p>\n<p>Nyt 81-vuotias Lucas j\u00e4rjestelee elokuvamaailmalle j\u00e4tt\u00e4m\u00e4\u00e4ns\u00e4 perint\u00f6\u00e4 toisin tavoin. Viime vuodet h\u00e4n on puuhannut uutta elokuvamuseota Los Angelesiin. The Lucas Museum of Narrative Artin odotetaan avaavan ovensa vihdoin vuonna 2026.<\/p>\n<p>\u201dDisney otti sen [Star Warsin] haltuunsa ja antoi sille oman visionsa. Niin siin\u00e4 k\u00e4y. Tietenkin olen j\u00e4tt\u00e4nyt sen taakseni. Minulla on el\u00e4m\u00e4. Rakennan museota. Museon perustaminen on vaikeampaa kuin elokuvien tekeminen\u201d, Lucas kertoo.<\/p>\n<p>Lucasin projekti ei siis ole pelkk\u00e4 Star Wars -museo, vaan nuo elokuvat ovat vain osa h\u00e4nen miljardi dollaria maksaneesta museovisiotaan. H\u00e4nen mukaansa Star Wars kattaa vain yhden osion museon 33:sta galleriasta.<\/p>\n<p>Lucas oli vastuussa kuudesta ensimm\u00e4isest\u00e4 Star Wars -elokuvasta, joista h\u00e4n itse ohjasi nelj\u00e4 (Imperiumin vastaiskun ohjasi Irvin Kershner ja Jedin paluun puolestaan Richard Marquand). Vuonna 2015 julkaistusta The Force Awakens -elokuvasta l\u00e4htien Star Wars -elokuvat ja -tv-sarjat ovat olleet Disneyn luovissa ohjaksissa.<\/p>\n","protected":false},"excerpt":{"rendered":"Kuva: \u00a9 2012. Twentieth Century Fox Star Warsin is\u00e4n\u00e4 tunnettu George Lucas puuhaa parhaillaan elokuvamuseota. George Lucas myi&hellip;\n","protected":false},"author":2,"featured_media":67512,"comment_status":"","ping_status":"","sticky":false,"template":"","format":"standard","meta":{"footnotes":""},"categories":[131],"tags":[298,155,137,33,173,31,30,3516,2238,172,3519,32,109],"class_list":{"0":"post-67511","1":"post","2":"type-post","3":"status-publish","4":"format-standard","5":"has-post-thumbnail","7":"category-elokuvat","8":"tag-disney","9":"tag-elokuvat","10":"tag-entertainment","11":"tag-fi","12":"tag-film","13":"tag-finland","14":"tag-finnish","15":"tag-george-lucas","16":"tag-lucasfilm","17":"tag-movies","18":"tag-star-wars","19":"tag-suomi","20":"tag-viihde"},"share_on_mastodon":{"url":"","error":""},"_links":{"self":[{"href":"https:\/\/www.europesays.com\/fi\/wp-json\/wp\/v2\/posts\/67511","targetHints":{"allow":["GET"]}}],"collection":[{"href":"https:\/\/www.europesays.com\/fi\/wp-json\/wp\/v2\/posts"}],"about":[{"href":"https:\/\/www.europesays.com\/fi\/wp-json\/wp\/v2\/types\/post"}],"author":[{"embeddable":true,"href":"https:\/\/www.europesays.com\/fi\/wp-json\/wp\/v2\/users\/2"}],"replies":[{"embeddable":true,"href":"https:\/\/www.europesays.com\/fi\/wp-json\/wp\/v2\/comments?post=67511"}],"version-history":[{"count":0,"href":"https:\/\/www.europesays.com\/fi\/wp-json\/wp\/v2\/posts\/67511\/revisions"}],"wp:featuredmedia":[{"embeddable":true,"href":"https:\/\/www.europesays.com\/fi\/wp-json\/wp\/v2\/media\/67512"}],"wp:attachment":[{"href":"https:\/\/www.europesays.com\/fi\/wp-json\/wp\/v2\/media?parent=67511"}],"wp:term":[{"taxonomy":"category","embeddable":true,"href":"https:\/\/www.europesays.com\/fi\/wp-json\/wp\/v2\/categories?post=67511"},{"taxonomy":"post_tag","embeddable":true,"href":"https:\/\/www.europesays.com\/fi\/wp-json\/wp\/v2\/tags?post=67511"}],"curies":[{"name":"wp","href":"https:\/\/api.w.org\/{rel}","templated":true}]}}