{"id":67515,"date":"2025-10-20T17:26:09","date_gmt":"2025-10-20T17:26:09","guid":{"rendered":"https:\/\/www.europesays.com\/fi\/67515\/"},"modified":"2025-10-20T17:26:09","modified_gmt":"2025-10-20T17:26:09","slug":"kim-kardashian-shokeerasi-asullaan-seiska","status":"publish","type":"post","link":"https:\/\/www.europesays.com\/fi\/67515\/","title":{"rendered":"Kim Kardashian shokeerasi asullaan | Seiska"},"content":{"rendered":"<p>            All Over Press\n        <\/p>\n<p class=\"subtitle \">Kim n\u00e4ytt\u00e4ytyi viikonloppuna huomiota her\u00e4tt\u00e4v\u00e4ss\u00e4 Maison Margielan luomuksessa.<\/p>\n<p class=\"article-content article-content-width !bg-background\">Seurapiirikaunotar ja yritt\u00e4j\u00e4 , 44, osallistui lauantaina (18.10.) j\u00e4rjestettyyn Academy Museum Galaan, jonka punaisella matolla h\u00e4n esiintyi sangen huomiota her\u00e4tt\u00e4v\u00e4ss\u00e4 tekeleess\u00e4.<\/p>\n<p class=\"font-weight-bold m-font-weight-bold article-content article-content-width !bg-background\">Katso arkistovideo: Pariisin muotiviikkojen s\u00e4v\u00e4ytt\u00e4v\u00e4t asut<\/p>\n<p class=\"article-content article-content-width !bg-background\">Kim oli pukeutunut Maison Margielan syksyn 2025 mallistoon kuuluvaan beigenv\u00e4riseen iltapukuun, jonka katseenkiinnitt\u00e4j\u00e4n\u00e4 toimi koko p\u00e4\u00e4n peitt\u00e4v\u00e4 huppu. Huppua t\u00e4ydensi kerroksellinen, kristallein koristeltu choker-kaulakoru.<\/p>\n<p class=\"article-content article-content-width !bg-background\">Kim jakoi Instagramissa videoklipin, jossa murjaisee vitsin lookistaan tiimins\u00e4 tehdess\u00e4 viimeisi\u00e4 silauksia kokonaisuuteen.<\/p>\n<p class=\"article-content article-content-width !bg-background\">\u2013 Mario, n\u00e4yt\u00e4nk\u00f6 hyv\u00e4lt\u00e4? Meikki? Kim kysyi videolla meikkitaiteilijaltaan .\u00a0<\/p>\n<p class=\"article-content article-content-width !bg-background\">\u2013 Meikkisi n\u00e4ytt\u00e4\u00e4 upealta, kyll\u00e4, t\u00e4m\u00e4 vastasi leikill\u00e4\u00e4n.<\/p>\n<p>        <a itemprop=\"url\" href=\"https:\/\/www.seiska.fi\/ulkomaat\/kim-kardashian-valmistui-uuteen-ammattiin\/1711399\" rel=\"nofollow noopener\" target=\"_blank\"><\/p>\n<p>\nKim Kardashian\n<\/p>\n<p class=\"section-date\">\n        <strong class=\"article-section\" data-section=\"ulkomaat\"><br \/>\n            ulkomaat<br \/>\n        <\/strong><br \/>\n        23.5. 09:34\n    <\/p>\n<p>Kim Kardashian valmistui uuteen ammattiin\n    <\/p>\n<p itemprop=\"description\" class=\"subtitle \">\n    Kim juhli valmistujaisiaan keskiviikkona.\n<\/p>\n<p>        <\/a><\/p>\n<p>&#8221;Tulee mieleen kultti&#8221;<\/p>\n<p class=\"article-content article-content-width !bg-background\">Mielipiteet Kimin asukokonaisuudesta ovat hyvin jakautuneita. Osa on sit\u00e4 mielt\u00e4, ett\u00e4 muotikuningattaren tyylitaju on j\u00e4lleen kerran osoittautunut pett\u00e4m\u00e4tt\u00f6m\u00e4ksi.<\/p>\n<p class=\"article-content article-content-width !bg-background\">\u2013 Tykk\u00e4sin, ett\u00e4 h\u00e4n sitoutui koko lookiin, er\u00e4s kirjoitti <a href=\"https:\/\/www.instagram.com\/p\/DP-a0fcANQL\/\" target=\"_blank\" rel=\"nofollow noopener\">Instagramissa<\/a>.<\/p>\n<p class=\"article-content article-content-width !bg-background\">\u2013 T\u00e4m\u00e4 on oikeasti kiinnostavaa, toinen komppasi.<\/p>\n<p>        <a itemprop=\"url\" href=\"https:\/\/www.seiska.fi\/ulkomaat\/kim-kardashianin-north-tyttaren-12-asu-nostatti-myrskyn\/1911553\" rel=\"nofollow noopener\" target=\"_blank\"><\/p>\n<p>\nKardashianit\n<\/p>\n<p class=\"section-date\">\n        <strong class=\"article-section\" data-section=\"ulkomaat\"><br \/>\n            ulkomaat<br \/>\n        <\/strong><br \/>\n        27.8. 19:00\n    <\/p>\n<p>Kim Kardashianin North-tytt\u00e4ren, 12, asu nostatti myrskyn\n    <\/p>\n<p itemprop=\"description\" class=\"subtitle \">\n    North West n\u00e4ytt\u00e4ytyi uskaliaassa asussa.\n<\/p>\n<p>        <\/a><\/p>\n<p class=\"article-content article-content-width !bg-background\">Kaikki eiv\u00e4t kuitenkaan olleet yht\u00e4 vakuuttuneita Kimin kuteista.<\/p>\n<p class=\"article-content article-content-width !bg-background\">\u2013 H\u00e4n on sitoutunut koko lookiin\u2026 my\u00f6nn\u00e4n sen, mutta t\u00e4m\u00e4 ei ollut h\u00e4nelle paras valinta, kommenteissa pohdiskellaan.<\/p>\n<p class=\"article-content article-content-width !bg-background\">\u2013 En tule koskaan ymm\u00e4rt\u00e4m\u00e4\u00e4n muotia, Kimin seuraaja naureskelee.<\/p>\n<p class=\"article-content article-content-width !bg-background\">\u2013 Olenko ainoa, jolla tulee mieleen kultti? H\u00e4n n\u00e4ytt\u00e4\u00e4 upealta, mutta v\u00e4h\u00e4n kulttimaiselta, yksi vertaa.<\/p>\n<p class=\"article-content article-content-width !bg-background\">\u2013 H\u00e4nen kylkiluunsa murskaantuvat ja h\u00e4n ei voi hengitt\u00e4\u00e4, mik\u00e4 sairas juttu t\u00e4m\u00e4 on, er\u00e4s kauhistelee.<\/p>\n<p class=\"article-content article-content-width !bg-background\">\u2013 Tuo n\u00e4ytt\u00e4\u00e4 ruskealta paperipussilta h\u00e4nen p\u00e4\u00e4ss\u00e4\u00e4n, toinen t\u00e4r\u00e4ytt\u00e4\u00e4.<\/p>\n<p>                <img decoding=\"async\" src=\"https:\/\/www.europesays.com\/fi\/wp-content\/uploads\/2025\/10\/1967376.webp\" width=\"576\" height=\"720\" alt=\"Kimin n\u00e4ytt\u00e4v\u00e4 look ei ollut kaikkien mieleen.\" loading=\"lazy\" \/>            <\/p>\n<p>\n            Kimin n\u00e4ytt\u00e4v\u00e4 look ei ollut kaikkien mieleen.<br \/>\n            All Over Press\n        <\/p>\n<p>P\u00e4\u00e4 piiloon<\/p>\n<p class=\"article-content article-content-width !bg-background\">Kim ei ole koskaan pel\u00e4nnyt astua mukavuusalueensa ulkopuolelle pukeutumisessaan.<\/p>\n<p class=\"article-content article-content-width !bg-background\">Academy Museum Galan asu toi mieleen kokonaisuuden, jossa h\u00e4n n\u00e4ytt\u00e4ytyi vuoden 2021 Met Galassa. Tuolloin Kimill\u00e4 oli yll\u00e4\u00e4n musta, p\u00e4\u00e4st\u00e4 varpaisiin ylt\u00e4v\u00e4 Balenciagan asukokonaisuus, joka peitti sek\u00e4 kasvot ett\u00e4 p\u00e4\u00e4n.<\/p>\n<p>        <a itemprop=\"url\" href=\"https:\/\/www.seiska.fi\/testit-ja-pelit\/kuinka-hyvin-tunnet-kardashianit-tee-testi\/1889918\" rel=\"nofollow noopener\" target=\"_blank\"><\/p>\n<p>\nTee testi!\n<\/p>\n<p class=\"section-date\">\n        <strong class=\"article-section\" data-section=\"testit ja pelit\"><br \/>\n            testit ja pelit<br \/>\n        <\/strong><br \/>\n        9.8. 14:00\n    <\/p>\n<p>Kuinka hyvin tunnet Kardashianit? Tee testi!\n    <\/p>\n<p itemprop=\"description\" class=\"subtitle \">\n    Seiskan testill\u00e4 selvit\u00e4t, kuinka hyvin tunnet tosi-tv:n kuninkaalliset.\n<\/p>\n<p>        <\/a><\/p>\n<p>                <img decoding=\"async\" src=\"https:\/\/www.europesays.com\/fi\/wp-content\/uploads\/2025\/10\/1967390.webp\" width=\"576\" height=\"351\" alt=\"Kim on aiemminkin peitt\u00e4nyt itsens\u00e4 asuihinsa \u2013 kirjaimellisesti.\" loading=\"lazy\" \/>            <\/p>\n<p>\n            Kim on aiemminkin peitt\u00e4nyt itsens\u00e4 asuihinsa \u2013 kirjaimellisesti.<br \/>\n            All Over Press\n        <\/p>\n<p><script async src=\"\/\/www.instagram.com\/embed.js\"><\/script><\/p>\n","protected":false},"excerpt":{"rendered":"All Over Press Kim n\u00e4ytt\u00e4ytyi viikonloppuna huomiota her\u00e4tt\u00e4v\u00e4ss\u00e4 Maison Margielan luomuksessa. Seurapiirikaunotar ja yritt\u00e4j\u00e4 , 44, osallistui lauantaina&hellip;\n","protected":false},"author":2,"featured_media":67516,"comment_status":"","ping_status":"","sticky":false,"template":"","format":"standard","meta":{"footnotes":""},"categories":[130],"tags":[2639,137,33,31,30,412,15165,106,32,13454,2677,109],"class_list":{"0":"post-67515","1":"post","2":"type-post","3":"status-publish","4":"format-standard","5":"has-post-thumbnail","7":"category-viihde","8":"tag-asu","9":"tag-entertainment","10":"tag-fi","11":"tag-finland","12":"tag-finnish","13":"tag-kim-kardashian","14":"tag-maison-margiela","15":"tag-muoti","16":"tag-suomi","17":"tag-tunnistamaton","18":"tag-tyyli","19":"tag-viihde"},"share_on_mastodon":{"url":"","error":""},"_links":{"self":[{"href":"https:\/\/www.europesays.com\/fi\/wp-json\/wp\/v2\/posts\/67515","targetHints":{"allow":["GET"]}}],"collection":[{"href":"https:\/\/www.europesays.com\/fi\/wp-json\/wp\/v2\/posts"}],"about":[{"href":"https:\/\/www.europesays.com\/fi\/wp-json\/wp\/v2\/types\/post"}],"author":[{"embeddable":true,"href":"https:\/\/www.europesays.com\/fi\/wp-json\/wp\/v2\/users\/2"}],"replies":[{"embeddable":true,"href":"https:\/\/www.europesays.com\/fi\/wp-json\/wp\/v2\/comments?post=67515"}],"version-history":[{"count":0,"href":"https:\/\/www.europesays.com\/fi\/wp-json\/wp\/v2\/posts\/67515\/revisions"}],"wp:featuredmedia":[{"embeddable":true,"href":"https:\/\/www.europesays.com\/fi\/wp-json\/wp\/v2\/media\/67516"}],"wp:attachment":[{"href":"https:\/\/www.europesays.com\/fi\/wp-json\/wp\/v2\/media?parent=67515"}],"wp:term":[{"taxonomy":"category","embeddable":true,"href":"https:\/\/www.europesays.com\/fi\/wp-json\/wp\/v2\/categories?post=67515"},{"taxonomy":"post_tag","embeddable":true,"href":"https:\/\/www.europesays.com\/fi\/wp-json\/wp\/v2\/tags?post=67515"}],"curies":[{"name":"wp","href":"https:\/\/api.w.org\/{rel}","templated":true}]}}