{"id":67517,"date":"2025-10-20T17:29:10","date_gmt":"2025-10-20T17:29:10","guid":{"rendered":"https:\/\/www.europesays.com\/fi\/67517\/"},"modified":"2025-10-20T17:29:10","modified_gmt":"2025-10-20T17:29:10","slug":"argentiina-solmi-20-miljardin-dollarin-valuutanvaihtosopimuksen-yhdysvaltojen-kanssa-uutisia-lyhyesti","status":"publish","type":"post","link":"https:\/\/www.europesays.com\/fi\/67517\/","title":{"rendered":"Argentiina solmi 20 miljardin dollarin valuutanvaihtosopimuksen Yhdysvaltojen kanssa | Uutisia lyhyesti"},"content":{"rendered":"<p class=\"aw-1gybjub aw-1p7kakr ghpEtB jtovHP yle__article__paragraph\">Argentiina virallisti maanantaina Yhdysvaltojen kanssa valuutanvaihtosopimuksen, jonka arvo on jopa 20 miljardia dollaria. Sopimuksen tarkoituksena on \u201dedist\u00e4\u00e4 maan taloudellista vakautta\u201d, kertoi Argentiinan keskuspankki.<\/p>\n<p class=\"aw-1gybjub aw-1p7kakr ghpEtB jtovHP yle__article__paragraph\">Sopimus on osa Yhdysvaltojen presidentin <strong class=\"aw-ak79eh KyCXm yle__article__strong\">Donald Trumpin<\/strong> hallinnon tarjoamaa taloudellista tukea Etel\u00e4-Amerikan toiseksi suurimmalle taloudelle.<\/p>\n<p class=\"aw-1gybjub aw-1p7kakr ghpEtB jtovHP yle__article__paragraph\">Trump on Argentiinan presidentin <strong class=\"aw-ak79eh KyCXm yle__article__strong\">Javier Milein<\/strong> vahva tukija, ja Milei on kovien paineiden alla ennen lokakuun 26. p\u00e4iv\u00e4n v\u00e4livaaleja.<\/p>\n<p class=\"aw-1gybjub aw-1p7kakr ghpEtB jtovHP yle__article__paragraph\">L\u00e4hde: AFP<\/p>\n","protected":false},"excerpt":{"rendered":"Argentiina virallisti maanantaina Yhdysvaltojen kanssa valuutanvaihtosopimuksen, jonka arvo on jopa 20 miljardia dollaria. Sopimuksen tarkoituksena on \u201dedist\u00e4\u00e4 maan&hellip;\n","protected":false},"author":2,"featured_media":74,"comment_status":"","ping_status":"","sticky":false,"template":"","format":"standard","meta":{"footnotes":""},"categories":[76],"tags":[3218,79,77,33,31,30,32,78,56,619],"class_list":{"0":"post-67517","1":"post","2":"type-post","3":"status-publish","4":"format-standard","5":"has-post-thumbnail","7":"category-talous","8":"tag-argentiina","9":"tag-business","10":"tag-economy","11":"tag-fi","12":"tag-finland","13":"tag-finnish","14":"tag-suomi","15":"tag-talous","16":"tag-ulkomaat","17":"tag-yhdysvallat"},"share_on_mastodon":{"url":"","error":""},"_links":{"self":[{"href":"https:\/\/www.europesays.com\/fi\/wp-json\/wp\/v2\/posts\/67517","targetHints":{"allow":["GET"]}}],"collection":[{"href":"https:\/\/www.europesays.com\/fi\/wp-json\/wp\/v2\/posts"}],"about":[{"href":"https:\/\/www.europesays.com\/fi\/wp-json\/wp\/v2\/types\/post"}],"author":[{"embeddable":true,"href":"https:\/\/www.europesays.com\/fi\/wp-json\/wp\/v2\/users\/2"}],"replies":[{"embeddable":true,"href":"https:\/\/www.europesays.com\/fi\/wp-json\/wp\/v2\/comments?post=67517"}],"version-history":[{"count":0,"href":"https:\/\/www.europesays.com\/fi\/wp-json\/wp\/v2\/posts\/67517\/revisions"}],"wp:featuredmedia":[{"embeddable":true,"href":"https:\/\/www.europesays.com\/fi\/wp-json\/wp\/v2\/media\/74"}],"wp:attachment":[{"href":"https:\/\/www.europesays.com\/fi\/wp-json\/wp\/v2\/media?parent=67517"}],"wp:term":[{"taxonomy":"category","embeddable":true,"href":"https:\/\/www.europesays.com\/fi\/wp-json\/wp\/v2\/categories?post=67517"},{"taxonomy":"post_tag","embeddable":true,"href":"https:\/\/www.europesays.com\/fi\/wp-json\/wp\/v2\/tags?post=67517"}],"curies":[{"name":"wp","href":"https:\/\/api.w.org\/{rel}","templated":true}]}}