{"id":67519,"date":"2025-10-20T17:31:09","date_gmt":"2025-10-20T17:31:09","guid":{"rendered":"https:\/\/www.europesays.com\/fi\/67519\/"},"modified":"2025-10-20T17:31:09","modified_gmt":"2025-10-20T17:31:09","slug":"hirvea-hyvaksikaytto-paljastui-kun-tytto-halusi-pelastaa-pikkusiskonsa","status":"publish","type":"post","link":"https:\/\/www.europesays.com\/fi\/67519\/","title":{"rendered":"Hirve\u00e4 hyv\u00e4ksik\u00e4ytt\u00f6 paljastui, kun tytt\u00f6 halusi pelastaa pikkusiskonsa"},"content":{"rendered":"<p>Seksuaalinen hyv\u00e4ksik\u00e4ytt\u00f6 jatkui noin 2,5 vuotta. Is\u00e4puoli kielsi tytt\u00f6\u00e4 kertomasta tapahtumista kenellek\u00e4\u00e4n.<\/p>\n<p><img decoding=\"async\" class=\"image image-show image-preview\" src=\"https:\/\/www.europesays.com\/fi\/wp-content\/uploads\/2025\/10\/655d03742e6d910ec20aa80084cca094b121b1210bf18a65ab52f5c1f9c6bcc8.jpg\" alt=\"\"\/><img decoding=\"async\" class=\"image image-show\" src=\"https:\/\/www.europesays.com\/fi\/wp-content\/uploads\/2025\/10\/1759941911_991_655d03742e6d910ec20aa80084cca094b121b1210bf18a65ab52f5c1f9c6bcc8.jpg\" alt=\"\"\/><\/p>\n<p>Kymenlaakson k\u00e4r\u00e4j\u00e4oikeuden ratkaisu ei ole viel\u00e4 lainvoimainen. Kari Finer<\/p>\n<p class=\"paragraph\">Kymenlaaksolaismies hyv\u00e4ksik\u00e4ytti teini-ik\u00e4ist\u00e4 tyt\u00e4rpuoltaan noin kahden ja puolen vuoden ajan.<\/p>\n<p class=\"paragraph\">Nyt 35-vuotias mies on tuomittu yli kahdeksi vuodeksi vankeuteen t\u00f6rke\u00e4st\u00e4 lapsen seksuaalisesta hyv\u00e4ksik\u00e4yt\u00f6st\u00e4.<\/p>\n<p class=\"paragraph\">Seksuaaliv\u00e4kivalta alkoi vuonna 2019, uhrin ollessa vasta 13-vuotias. Is\u00e4puoli muun muassa kosketteli tytt\u00f6\u00e4, n\u00e4ytti t\u00e4lle pornografista materiaalia ja kirjoitti r\u00e4ike\u00e4n seksuaalisia viestej\u00e4.<\/p>\n<p class=\"paragraph\">H\u00e4n muun muassa kertoi olevansa ihastunut tytt\u00f6\u00f6n ja vihjaili, ett\u00e4 teot vakavoituvat tyt\u00f6n t\u00e4ytetty\u00e4 16 vuotta.<\/p>\n<p class=\"paragraph\">Is\u00e4puoli kielsi tytt\u00f6\u00e4 kertomasta tapahtumista kenellek\u00e4\u00e4n.<\/p>\n<p class=\"paragraph\">Lapsi vaikenikin kokemastaan pitk\u00e4ksi aikaa.<\/p>\n<p>N\u00e4in hyv\u00e4ksik\u00e4ytt\u00f6 paljastui<\/p>\n<p class=\"paragraph\">Kodin tapahtumat paljastuivat alkuvuonna 2022.<\/p>\n<p class=\"paragraph\">Tytt\u00f6 alkoi kiinnitt\u00e4\u00e4 huomiota pikkusiskoonsa \u2013 tai pikemminkin siihen, miten is\u00e4puoli t\u00e4t\u00e4 kohteli.<\/p>\n<p class=\"paragraph\">Is\u00e4puoli oli alkanut huomioida pikkusiskoa entist\u00e4 enemm\u00e4n: ottanut h\u00e4net mukaan menoihinsa ja tarjonnut autokyytej\u00e4. Se tuntui tyt\u00f6st\u00e4 tutulta.<\/p>\n<p class=\"paragraph\">Pikkusisko oli samanik\u00e4inen kuin h\u00e4n hyv\u00e4ksik\u00e4yt\u00f6n alkaessa, pian t\u00e4ytt\u00e4m\u00e4ss\u00e4 13 vuotta. Tytt\u00f6 ajatteli, ett\u00e4 h\u00e4nen on kerrottava tapahtumista, jottei is\u00e4puoli tekisi vastaavaa pikkusiskolle.<\/p>\n<p class=\"paragraph\">Tytt\u00f6 kirjoitti tapahtumat kahdelle paperiarkille. Niit\u00e4 k\u00e4ytettiin todisteena, kun hyv\u00e4ksik\u00e4ytt\u00f6syytett\u00e4 viimein k\u00e4siteltiin k\u00e4r\u00e4j\u00e4oikeudessa vuosien kuluttua.<\/p>\n<p class=\"paragraph\">Viiv\u00e4stynyt rikosprosessi on aiheuttanut perheelle suunnattomasti k\u00e4rsimyst\u00e4, my\u00f6s murentanut uskoa yhteiskuntaan. Iltalehti on kertonut tapauksesta aiemmin <a href=\"https:\/\/www.iltalehti.fi\/kotimaa\/f09693b1-aff8-4467-abba-aed82f987741\" rel=\"nofollow noopener\" target=\"_blank\">t\u00e4ss\u00e4 jutussa<\/a>.<\/p>\n<p>Oikeudenk\u00e4ynti viiv\u00e4styi<\/p>\n<p>Iltalehti haastatteli uhrin \u00e4iti\u00e4 rikosprosessin viiv\u00e4styksest\u00e4 vuosi sitten marraskuussa. Viiv\u00e4stynyt oikeudenk\u00e4ynti aiheutti perheelle suurta tuskaa. jarmo sipil\u00e4<\/p>\n<p class=\"paragraph\">Syytteit\u00e4 k\u00e4siteltiin Kymenlaakson k\u00e4r\u00e4j\u00e4oikeudessa vasta t\u00e4n\u00e4 syksyn\u00e4, eli yli kolme ja puoli vuotta rikosilmoituksen tekemisest\u00e4.<\/p>\n<p class=\"paragraph\">Tapahtumia arvioitiin tekoaikaisen seksuaalirikoslains\u00e4\u00e4d\u00e4nn\u00f6n mukaan. Nykylaissa is\u00e4puolen teot katsottaisiin lapsenraiskauksiksi.<\/p>\n<p class=\"paragraph\">Kymenlaakson k\u00e4r\u00e4j\u00e4oikeus tuomitsi is\u00e4puolen kahdeksi vuodeksi ja nelj\u00e4ksi kuukaudeksi vankeuteen. Rangaistus aleni kahdella kuukaudella oikeudenk\u00e4ynnin viiv\u00e4stymisen vuoksi.<\/p>\n<p class=\"paragraph\">Samasta syyst\u00e4 valtion on korvattava hyv\u00e4ksik\u00e4yt\u00f6n uhrille 1\u00a0500 euroa.<\/p>\n<p class=\"paragraph\">Miehen on korvattava uhrille 11\u00a0000 euroa tilap\u00e4isest\u00e4 haitasta ja 12\u00a0000 euroa k\u00e4rsimyksest\u00e4. Lis\u00e4ksi h\u00e4nen tulee korvata valtiolle oikeudenk\u00e4yntikuluja yli 26\u00a0000 euroa.<\/p>\n<p class=\"paragraph\">Tuomio ei ole lainvoimainen.<\/p>\n<p class=\"paragraph\">Iltalehti ei julkaise tuomitun nime\u00e4 uhrin henkil\u00f6llisyyden suojelemiseksi.<\/p>\n","protected":false},"excerpt":{"rendered":"Seksuaalinen hyv\u00e4ksik\u00e4ytt\u00f6 jatkui noin 2,5 vuotta. Is\u00e4puoli kielsi tytt\u00f6\u00e4 kertomasta tapahtumista kenellek\u00e4\u00e4n. Kymenlaakson k\u00e4r\u00e4j\u00e4oikeuden ratkaisu ei ole viel\u00e4&hellip;\n","protected":false},"author":2,"featured_media":56362,"comment_status":"","ping_status":"","sticky":false,"template":"","format":"standard","meta":{"footnotes":""},"categories":[12],"tags":[35,22,23,26,27,33,31,30,17,101,99,100,24,25,28,29,15,18,21,98,38,32,19,20,16],"class_list":{"0":"post-67519","1":"post","2":"type-post","3":"status-publish","4":"format-standard","5":"has-post-thumbnail","7":"category-suomi","8":"tag-24h","9":"tag-breaking-news","10":"tag-breakingnews","11":"tag-featured-news","12":"tag-featurednews","13":"tag-fi","14":"tag-finland","15":"tag-finnish","16":"tag-headlines","17":"tag-ihmissuhteet","18":"tag-lapset","19":"tag-lapset-ja-nuoret","20":"tag-latest-news","21":"tag-latestnews","22":"tag-main-news","23":"tag-mainnews","24":"tag-news","25":"tag-otsikot","26":"tag-paauutiset","27":"tag-perhe","28":"tag-rikos","29":"tag-suomi","30":"tag-top-stories","31":"tag-topstories","32":"tag-uutiset"},"share_on_mastodon":{"url":"","error":""},"_links":{"self":[{"href":"https:\/\/www.europesays.com\/fi\/wp-json\/wp\/v2\/posts\/67519","targetHints":{"allow":["GET"]}}],"collection":[{"href":"https:\/\/www.europesays.com\/fi\/wp-json\/wp\/v2\/posts"}],"about":[{"href":"https:\/\/www.europesays.com\/fi\/wp-json\/wp\/v2\/types\/post"}],"author":[{"embeddable":true,"href":"https:\/\/www.europesays.com\/fi\/wp-json\/wp\/v2\/users\/2"}],"replies":[{"embeddable":true,"href":"https:\/\/www.europesays.com\/fi\/wp-json\/wp\/v2\/comments?post=67519"}],"version-history":[{"count":0,"href":"https:\/\/www.europesays.com\/fi\/wp-json\/wp\/v2\/posts\/67519\/revisions"}],"wp:featuredmedia":[{"embeddable":true,"href":"https:\/\/www.europesays.com\/fi\/wp-json\/wp\/v2\/media\/56362"}],"wp:attachment":[{"href":"https:\/\/www.europesays.com\/fi\/wp-json\/wp\/v2\/media?parent=67519"}],"wp:term":[{"taxonomy":"category","embeddable":true,"href":"https:\/\/www.europesays.com\/fi\/wp-json\/wp\/v2\/categories?post=67519"},{"taxonomy":"post_tag","embeddable":true,"href":"https:\/\/www.europesays.com\/fi\/wp-json\/wp\/v2\/tags?post=67519"}],"curies":[{"name":"wp","href":"https:\/\/api.w.org\/{rel}","templated":true}]}}