{"id":67524,"date":"2025-10-20T17:44:08","date_gmt":"2025-10-20T17:44:08","guid":{"rendered":"https:\/\/www.europesays.com\/fi\/67524\/"},"modified":"2025-10-20T17:44:08","modified_gmt":"2025-10-20T17:44:08","slug":"mikael-gabrielin-triana-rakas-repaisi-rohkeassa-asussa","status":"publish","type":"post","link":"https:\/\/www.europesays.com\/fi\/67524\/","title":{"rendered":"Mikael Gabrielin Triana-rakas rep\u00e4isi rohkeassa asussa"},"content":{"rendered":"<p>            Roni Rekomaa\n        <\/p>\n<p class=\"subtitle \">Triana viittaa hekumallisella vaatetuksellaan kuningatar Marie Antoinetteen.<\/p>\n<p class=\"article-content article-content-width !bg-background\">R\u00e4pp\u00e4ri  puoliso , 43, ihastuttaa koristeellisella korsettiasullaan.<\/p>\n<p class=\"font-weight-bold m-font-weight-bold article-content article-content-width !bg-background\">Arkistovideolla Mikael Gabriel golfkilpailussa:<\/p>\n<p class=\"article-content article-content-width !bg-background\">Norjalainen Triana julkaisi maanantaina (20.10.) suositulle Instagram-sivulleen kuvasarjan taannoisista juhlista, joihin h\u00e4n oli osallistunut. Rokokoo-henkiset vaatteet, kauniit kermakakut, pitsit ja viuhkat tuovatkin oitis mieleen Ranskan kuningattarena muistettavan .<\/p>\n<p>        <a itemprop=\"url\" href=\"https:\/\/www.seiska.fi\/kotimaa\/harvinainen-yhteiskuva-mikael-gabriel-ja-triana-rakas-hempeilevat\/1633931\" rel=\"nofollow noopener\" target=\"_blank\"><\/p>\n<p>\nMikael ja Triana\n<\/p>\n<p class=\"section-date\">\n        <strong class=\"article-section\" data-section=\"kotimaa\"><br \/>\n            kotimaa<br \/>\n        <\/strong><br \/>\n        6.3. 10:33\n    <\/p>\n<p>Harvinainen yhteiskuva \u2013 Mikael Gabriel ja Triana-rakas hempeilev\u00e4t\n    <\/p>\n<p itemprop=\"description\" class=\"subtitle \">\n    Kaksikko pusuttelee harvinaisessa otoksessa.\n<\/p>\n<p>        <\/a><\/p>\n<p class=\"article-content article-content-width !bg-background\">Triana onkin viitannut Antoinetteen kuvatekstiss\u00e4\u00e4n, jossa h\u00e4n kertoo seurueen sy\u00f6neen juhlissa kakkua (Yes, we ate cake).<\/p>\n<p class=\"article-content article-content-width !bg-background\">Myytin mukaan Marie Antoinette olisi kehottanut n\u00e4lk\u00e4\u00e4 n\u00e4kev\u00e4\u00e4 kansaansa sy\u00f6m\u00e4\u00e4n leiv\u00e4n sijasta kakkua.<\/p>\n<p class=\"article-content article-content-width !bg-background\">Triana kehuu p\u00e4ivityksess\u00e4 yst\u00e4v\u00e4ns\u00e4 j\u00e4rjest\u00e4mi\u00e4 kekkereit\u00e4, jotka olivat h\u00e4nen mukaansa t\u00e4ynn\u00e4 kauneutta.<\/p>\n<p>Rinnat piiloon<\/p>\n<p class=\"article-content article-content-width !bg-background\">Ensimm\u00e4isess\u00e4 valokuvassa Triana nojautuu ovenpieleen valtavaa viuhkaansa l\u00f6yhytellen. Valkoinen r\u00f6yhel\u00f6mekko on valahtanut rinnan kohdalta, joten kaunotar on joutunut peitt\u00e4m\u00e4\u00e4n avunsa valkoisella syd\u00e4n-emojilla.<\/p>\n<p>        <a itemprop=\"url\" href=\"https:\/\/www.seiska.fi\/kotimaa\/mikael-gabriel-esitti-huolen-lapsestaan\/1711481\" rel=\"nofollow noopener\" target=\"_blank\"><\/p>\n<p>\nMikael Gabriel\n<\/p>\n<p class=\"section-date\">\n        <strong class=\"article-section\" data-section=\"kotimaa\"><br \/>\n            kotimaa<br \/>\n        <\/strong><br \/>\n        23.5. 11:35\n    <\/p>\n<p>Mikael Gabriel esitti huolen lapsestaan\n    <\/p>\n<p itemprop=\"description\" class=\"subtitle \">\n    R\u00e4pp\u00e4ri on huolissaan muun muassa koulujen turvallisuustilanteesta.\n<\/p>\n<p>        <\/a><\/p>\n<p class=\"article-content article-content-width !bg-background\">My\u00f6s toisessa kuvassa Triana esittelee n\u00e4ytt\u00e4v\u00e4\u00e4 pukuaan. Otoksessa poseeraa my\u00f6s Trianan yst\u00e4v\u00e4, jonka rintavarustus on jouduttu niin ik\u00e4\u00e4n peitt\u00e4m\u00e4\u00e4n emojilla Instagramin tiukkojen vaatimusten vuoksi.<\/p>\n<p class=\"article-content article-content-width !bg-background\">My\u00f6s kauniit tarjoilut ovat p\u00e4\u00e4sseet kuviin. Kynttil\u00f6in koristeltu p\u00f6yt\u00e4 notkuu kakkuja ja leivoksia, joten vieraat ovat todellakin saaneet ainakin vatsansa t\u00e4yteen.<\/p>\n<p>        <a itemprop=\"url\" href=\"https:\/\/www.seiska.fi\/ulkomaat\/triana-iglesias-jakoi-uutiset\/1619994\" rel=\"nofollow noopener\" target=\"_blank\"><\/p>\n<p>\nTriana Iglesias\n<\/p>\n<p class=\"section-date\">\n        <strong class=\"article-section\" data-section=\"ulkomaat\"><br \/>\n            ulkomaat<br \/>\n        <\/strong><br \/>\n        20.2. 18:30\n    <\/p>\n<p>Triana Iglesias jakoi uutiset\n    <\/p>\n<p itemprop=\"description\" class=\"subtitle \">\n    Mikael Gabrielin puoliso kertoo uusista kuvioistaan.\n<\/p>\n<p>        <\/a><\/p>\n<p class=\"article-content article-content-width !bg-background\">Mikael Gabriel ja Triana ovat seurustelleet jo 10 vuotta ja onpa pariskunta ehtinyt jo kihloihinkin. Heill\u00e4 on my\u00f6s yhteinen lapsi, kohta 5 vuotta t\u00e4ytt\u00e4v\u00e4 -tyt\u00e4r.<\/p>\n","protected":false},"excerpt":{"rendered":"Roni Rekomaa Triana viittaa hekumallisella vaatetuksellaan kuningatar Marie Antoinetteen. R\u00e4pp\u00e4ri puoliso , 43, ihastuttaa koristeellisella korsettiasullaan. Arkistovideolla Mikael&hellip;\n","protected":false},"author":2,"featured_media":67525,"comment_status":"","ping_status":"","sticky":false,"template":"","format":"standard","meta":{"footnotes":""},"categories":[136],"tags":[407,137,33,31,30,408,15168,15167,106,15169,32,15170,109],"class_list":{"0":"post-67524","1":"post","2":"type-post","3":"status-publish","4":"format-standard","5":"has-post-thumbnail","7":"category-julkkikset","8":"tag-celebrities","9":"tag-entertainment","10":"tag-fi","11":"tag-finland","12":"tag-finnish","13":"tag-julkkikset","14":"tag-marie-antoinette","15":"tag-mikael-gabriel","16":"tag-muoti","17":"tag-rohkea-asuvalinta","18":"tag-suomi","19":"tag-triana-iglesias","20":"tag-viihde"},"share_on_mastodon":{"url":"","error":""},"_links":{"self":[{"href":"https:\/\/www.europesays.com\/fi\/wp-json\/wp\/v2\/posts\/67524","targetHints":{"allow":["GET"]}}],"collection":[{"href":"https:\/\/www.europesays.com\/fi\/wp-json\/wp\/v2\/posts"}],"about":[{"href":"https:\/\/www.europesays.com\/fi\/wp-json\/wp\/v2\/types\/post"}],"author":[{"embeddable":true,"href":"https:\/\/www.europesays.com\/fi\/wp-json\/wp\/v2\/users\/2"}],"replies":[{"embeddable":true,"href":"https:\/\/www.europesays.com\/fi\/wp-json\/wp\/v2\/comments?post=67524"}],"version-history":[{"count":0,"href":"https:\/\/www.europesays.com\/fi\/wp-json\/wp\/v2\/posts\/67524\/revisions"}],"wp:featuredmedia":[{"embeddable":true,"href":"https:\/\/www.europesays.com\/fi\/wp-json\/wp\/v2\/media\/67525"}],"wp:attachment":[{"href":"https:\/\/www.europesays.com\/fi\/wp-json\/wp\/v2\/media?parent=67524"}],"wp:term":[{"taxonomy":"category","embeddable":true,"href":"https:\/\/www.europesays.com\/fi\/wp-json\/wp\/v2\/categories?post=67524"},{"taxonomy":"post_tag","embeddable":true,"href":"https:\/\/www.europesays.com\/fi\/wp-json\/wp\/v2\/tags?post=67524"}],"curies":[{"name":"wp","href":"https:\/\/api.w.org\/{rel}","templated":true}]}}