{"id":67526,"date":"2025-10-20T17:49:07","date_gmt":"2025-10-20T17:49:07","guid":{"rendered":"https:\/\/www.europesays.com\/fi\/67526\/"},"modified":"2025-10-20T17:49:07","modified_gmt":"2025-10-20T17:49:07","slug":"uutta-tim-burton-sarjaa-on-odotettu-jo-yli-vuosi-life-in-the-line-julkaistaan-vihdoin-talla-viikolla","status":"publish","type":"post","link":"https:\/\/www.europesays.com\/fi\/67526\/","title":{"rendered":"Uutta Tim Burton -sarjaa on odotettu jo yli vuosi &#8211; Life in the Line julkaistaan vihdoin t\u00e4ll\u00e4 viikolla"},"content":{"rendered":"<p>Tim Burton Neiti Peregrinen koti eriskummallisille nuorille -elokuvan (2016) kuvauksissa \u00a9 2016 Twentieth Century Fox Film Corporation<\/p>\n<p>Neliosainen Tim Burton -dokumenttu tulee tarjolle torstaina.<\/p>\n<p>Wood Entertainment on julkaissut trailerin jo kes\u00e4n 2024 Tribecan leffafestareilla maailmanensi-iltansa saaneesta neliosaisesta <a href=\"https:\/\/muropaketti.com\/avainsana\/tim-burton\/\" rel=\"nofollow noopener\" target=\"_blank\">Tim Burton<\/a>: Life in the Line -dokumentista, joka julkaistaan dokkarin omalla nettialustalla t\u00e4m\u00e4n viikon torstaina 23. lokakuuta.<\/p>\n<p>Dokumentin on ohjannut Tara Wood, joka on tuttu muun muassa elokuvantekij\u00f6ist\u00e4 kertovista 21 Years: Richard Linklater -ja QT8: The First Eight -dokkareista.<\/p>\n<p>Life in the Line k\u00e4y Burtonin koko uran l\u00e4pi l\u00e4hinn\u00e4 arkistomateriaalin ja puhuvien p\u00e4iden avulla.<\/p>\n<p>Dokumentissa n\u00e4hd\u00e4\u00e4n muun muassa Johnny Depp, Winona Ryder, Helena Bonham Carter, Michael Keaton, Danny Elfman, Jenna Ortega, Christoph Waltz, Mia Wasikowska ja monia muita. <\/p>\n<p>Life in the Linen voi katsoa <a href=\"https:\/\/timburtonlifeintheline.com\/\" rel=\"nofollow noopener\" target=\"_blank\">TimBurtonLifeintheLine.com<\/a> -sivustolta. <\/p>\n<p>Kaikki nelj\u00e4 jaksoa sis\u00e4lt\u00e4v\u00e4 vuokraversio kustantaa 24,99 dollaria ja sen katsomiseen on aikaa viisi p\u00e4iv\u00e4\u00e4.  Sarjan voi ostaa itselleen 39,99 dollarilla. Tarjolla on my\u00f6s bonusmateriaalilla varustettu premium-versio, jonka saa omakseen 74,99 taalalla. Se sis\u00e4lt\u00e4\u00e4 usemman tunnin verran extroja.<\/p>\n","protected":false},"excerpt":{"rendered":"Tim Burton Neiti Peregrinen koti eriskummallisille nuorille -elokuvan (2016) kuvauksissa \u00a9 2016 Twentieth Century Fox Film Corporation Neliosainen&hellip;\n","protected":false},"author":2,"featured_media":67527,"comment_status":"","ping_status":"","sticky":false,"template":"","format":"standard","meta":{"footnotes":""},"categories":[131],"tags":[155,137,33,173,31,30,172,32,849,15171,109],"class_list":{"0":"post-67526","1":"post","2":"type-post","3":"status-publish","4":"format-standard","5":"has-post-thumbnail","7":"category-elokuvat","8":"tag-elokuvat","9":"tag-entertainment","10":"tag-fi","11":"tag-film","12":"tag-finland","13":"tag-finnish","14":"tag-movies","15":"tag-suomi","16":"tag-tim-burton","17":"tag-tribeca","18":"tag-viihde"},"share_on_mastodon":{"url":"","error":""},"_links":{"self":[{"href":"https:\/\/www.europesays.com\/fi\/wp-json\/wp\/v2\/posts\/67526","targetHints":{"allow":["GET"]}}],"collection":[{"href":"https:\/\/www.europesays.com\/fi\/wp-json\/wp\/v2\/posts"}],"about":[{"href":"https:\/\/www.europesays.com\/fi\/wp-json\/wp\/v2\/types\/post"}],"author":[{"embeddable":true,"href":"https:\/\/www.europesays.com\/fi\/wp-json\/wp\/v2\/users\/2"}],"replies":[{"embeddable":true,"href":"https:\/\/www.europesays.com\/fi\/wp-json\/wp\/v2\/comments?post=67526"}],"version-history":[{"count":0,"href":"https:\/\/www.europesays.com\/fi\/wp-json\/wp\/v2\/posts\/67526\/revisions"}],"wp:featuredmedia":[{"embeddable":true,"href":"https:\/\/www.europesays.com\/fi\/wp-json\/wp\/v2\/media\/67527"}],"wp:attachment":[{"href":"https:\/\/www.europesays.com\/fi\/wp-json\/wp\/v2\/media?parent=67526"}],"wp:term":[{"taxonomy":"category","embeddable":true,"href":"https:\/\/www.europesays.com\/fi\/wp-json\/wp\/v2\/categories?post=67526"},{"taxonomy":"post_tag","embeddable":true,"href":"https:\/\/www.europesays.com\/fi\/wp-json\/wp\/v2\/tags?post=67526"}],"curies":[{"name":"wp","href":"https:\/\/api.w.org\/{rel}","templated":true}]}}