{"id":67543,"date":"2025-10-20T18:15:09","date_gmt":"2025-10-20T18:15:09","guid":{"rendered":"https:\/\/www.europesays.com\/fi\/67543\/"},"modified":"2025-10-20T18:15:09","modified_gmt":"2025-10-20T18:15:09","slug":"spider-man-ei-saa-naytella-tata-ikonista-agenttia","status":"publish","type":"post","link":"https:\/\/www.europesays.com\/fi\/67543\/","title":{"rendered":"Spider-Man ei saa n\u00e4ytell\u00e4 t\u00e4t\u00e4 ikonista agenttia"},"content":{"rendered":"<p>Uusi huhu levi\u00e4\u00e4 Hollywoodissa. Sen mukaan Marvel on kielt\u00e4nyt n\u00e4yttelij\u00e4\u00e4ns\u00e4 l\u00e4htem\u00e4\u00e4n er\u00e4\u00e4seen toiseen elokuvasarjaan.<\/p>\n<p>Marvel ja Sony haluavat pit\u00e4\u00e4 Spider-Manin n\u00e4yttelij\u00e4n <strong>Tom Hollandin <\/strong>itsell\u00e4\u00e4n.<\/p>\n<p>Lue my\u00f6s: <a href=\"https:\/\/www.episodi.fi\/uutiset\/spider-man-fanit-joutuvat-katsomaan-daredevilin-kakkoskauden\/\" title=\"Spider-Man-fanit joutuvat katsomaan Daredevilin kakkoskauden\" class=\"underline-custom !font-montserrat !font-bold !underline-offset-4 !decoration-4 !decoration-episodi-blue !text-md\" rel=\"nofollow noopener\" target=\"_blank\">Spider-Man-fanit joutuvat katsomaan Daredevilin kakkoskauden<\/a><\/p>\n<p>Lue my\u00f6s: <a href=\"https:\/\/www.episodi.fi\/uutiset\/kirsten-dunst-voisi-palata-hamahakkikuvioihin-meista-voisi-tulla-isa-ja-aiti\/\" title=\"Kirsten Dunst voisi palata h\u00e4m\u00e4h\u00e4kkikuvioihin \u2013 \u201dMeist\u00e4 voisi tulla is\u00e4 ja \u00e4iti\u201d\" class=\"underline-custom !font-montserrat !font-bold !underline-offset-4 !decoration-4 !decoration-episodi-blue !text-md\" rel=\"nofollow noopener\" target=\"_blank\">Kirsten Dunst voisi palata h\u00e4m\u00e4h\u00e4kkikuvioihin \u2013 \u201dMeist\u00e4 voisi tulla is\u00e4 ja \u00e4iti\u201d<\/a><\/p>\n<p>\u2013 Tom ei saa esitt\u00e4\u00e4 kahta supersankaria, joten niin ei tule k\u00e4ym\u00e4\u00e4n, er\u00e4s Hollywoodin sis\u00e4piiril\u00e4inen sanoo.<\/p>\n<p>Hollandilta on siis kielletty 007:n rooli. H\u00e4n ei saa lupaa olla James Bond.<\/p>\n<p>Marvelilla kesti ikuisuuden saada Sonyn omistama Spider-Man elokuviinsa, joten on selv\u00e4\u00e4, etteiv\u00e4t he halua menett\u00e4\u00e4 t\u00e4hte\u00e4\u00e4n. On my\u00f6s ep\u00e4selv\u00e4\u00e4, kumman studion sopimuksessa on klausaali, joka est\u00e4\u00e4 Hollandin agenttihaaveet.<\/p>\n<p><strong>Denis Villeneuve<\/strong> aikoo tehd\u00e4 uuden Bondin heti Dyyni 3:n j\u00e4lkeen.<\/p>\n<p>L\u00e4hde: <a href=\"https:\/\/www.denofgeek.com\/movies\/marvel-tom-holland-james-bond\/\" target=\"_blank\" rel=\"noreferrer noopener nofollow\">Den of Geek<\/a><\/p>\n<p>Lue my\u00f6s: <a href=\"https:\/\/www.episodi.fi\/uutiskirje\/?uutiskirjemainos=tekstilinkkimainos\" title=\"Tilaa Episodin uutiskirje ja voit voittaa leffalippuja! Nappaa tv-vinkit suoraan s\u00e4hk\u00f6postiin t\u00e4st\u00e4.\" class=\"underline-custom !font-montserrat !font-bold !underline-offset-4 !decoration-4 !decoration-episodi-blue !text-md\" rel=\"nofollow noopener\" target=\"_blank\">Tilaa Episodin uutiskirje ja voit voittaa leffalippuja! Nappaa katseluvinkit suoraan s\u00e4hk\u00f6postiin t\u00e4st\u00e4.<\/a><\/p>\n","protected":false},"excerpt":{"rendered":"Uusi huhu levi\u00e4\u00e4 Hollywoodissa. Sen mukaan Marvel on kielt\u00e4nyt n\u00e4yttelij\u00e4\u00e4ns\u00e4 l\u00e4htem\u00e4\u00e4n er\u00e4\u00e4seen toiseen elokuvasarjaan. Marvel ja Sony haluavat&hellip;\n","protected":false},"author":2,"featured_media":67544,"comment_status":"","ping_status":"","sticky":false,"template":"","format":"standard","meta":{"footnotes":""},"categories":[131],"tags":[3015,155,137,33,173,31,30,1971,172,4626,32,7927,109],"class_list":{"0":"post-67543","1":"post","2":"type-post","3":"status-publish","4":"format-standard","5":"has-post-thumbnail","7":"category-elokuvat","8":"tag-denis-villeneuve","9":"tag-elokuvat","10":"tag-entertainment","11":"tag-fi","12":"tag-film","13":"tag-finland","14":"tag-finnish","15":"tag-james-bond","16":"tag-movies","17":"tag-spider-man","18":"tag-suomi","19":"tag-tom-holland","20":"tag-viihde"},"share_on_mastodon":{"url":"","error":""},"_links":{"self":[{"href":"https:\/\/www.europesays.com\/fi\/wp-json\/wp\/v2\/posts\/67543","targetHints":{"allow":["GET"]}}],"collection":[{"href":"https:\/\/www.europesays.com\/fi\/wp-json\/wp\/v2\/posts"}],"about":[{"href":"https:\/\/www.europesays.com\/fi\/wp-json\/wp\/v2\/types\/post"}],"author":[{"embeddable":true,"href":"https:\/\/www.europesays.com\/fi\/wp-json\/wp\/v2\/users\/2"}],"replies":[{"embeddable":true,"href":"https:\/\/www.europesays.com\/fi\/wp-json\/wp\/v2\/comments?post=67543"}],"version-history":[{"count":0,"href":"https:\/\/www.europesays.com\/fi\/wp-json\/wp\/v2\/posts\/67543\/revisions"}],"wp:featuredmedia":[{"embeddable":true,"href":"https:\/\/www.europesays.com\/fi\/wp-json\/wp\/v2\/media\/67544"}],"wp:attachment":[{"href":"https:\/\/www.europesays.com\/fi\/wp-json\/wp\/v2\/media?parent=67543"}],"wp:term":[{"taxonomy":"category","embeddable":true,"href":"https:\/\/www.europesays.com\/fi\/wp-json\/wp\/v2\/categories?post=67543"},{"taxonomy":"post_tag","embeddable":true,"href":"https:\/\/www.europesays.com\/fi\/wp-json\/wp\/v2\/tags?post=67543"}],"curies":[{"name":"wp","href":"https:\/\/api.w.org\/{rel}","templated":true}]}}