{"id":67551,"date":"2025-10-20T18:22:08","date_gmt":"2025-10-20T18:22:08","guid":{"rendered":"https:\/\/www.europesays.com\/fi\/67551\/"},"modified":"2025-10-20T18:22:08","modified_gmt":"2025-10-20T18:22:08","slug":"suomessa-lusinut-sotarikollinen-kuoli","status":"publish","type":"post","link":"https:\/\/www.europesays.com\/fi\/67551\/","title":{"rendered":"Suomessa lusinut sotarikollinen kuoli"},"content":{"rendered":"<p>Neboj\u0161a Pavkovi\u0107 suoritti vankeustuomiotaan Suomessa Kylm\u00e4kosken vankilassa. <\/p>\n<p><img decoding=\"async\" class=\"image image-show image-preview\" src=\"https:\/\/www.europesays.com\/fi\/wp-content\/uploads\/2025\/10\/a2fecb5298d49ffeb74ba4416e30823b47ff92326d796699022dcebbc1efaeb8.jpg\" alt=\"\"\/><img decoding=\"async\" class=\"image image-show\" src=\"https:\/\/www.europesays.com\/fi\/wp-content\/uploads\/2025\/10\/1760984528_639_a2fecb5298d49ffeb74ba4416e30823b47ff92326d796699022dcebbc1efaeb8.jpg\" alt=\"\"\/><\/p>\n<p>Sotarikoksista tuomittu serbikenraali Neboj\u0161a Pavkovi\u0107 istui Kylm\u00e4kosken vankilassa vuodesta 2014. H\u00e4net vapautettiin ennenaikaisesti syyskuussa 2025.  EPA \/ AOP<\/p>\n<p class=\"paragraph\">Entinen Jugoslavian armeijan komentaja, sotarikoksista tuomittu <strong>Neboj\u0161a Pavkovi\u0107<\/strong>, 79, on kuollut. Asiasta kertoo Serbian presidentinkansia ja muun muassa uutistoimisto AFP.<\/p>\n<p class=\"paragraph\">Albaaneja vastaan tehdyist\u00e4 sotarikoksista tuomittu Pavkovi\u0107 suoritti vankeusrangaistustaan Suomessa Kylm\u00e4koskella. H\u00e4net vapautettiin ennenaikaisesti syyskuun lopulla. Serbian hallitus pyysi Pavkovi\u0107in vapautusta terveyssyihin vedoten.<\/p>\n<p class=\"paragraph\">Serbimedian mukaan Pavkovi\u0107 kuljetettiin vapauttamisensa j\u00e4lkeen Serbian hallituksen koneella Belgradiin ja sielt\u00e4 ambulanssilla sotilassairaalaan.<\/p>\n<p>Suomessa vuodesta 2014 alkaen<\/p>\n<p class=\"paragraph\">Jugoslavian armeijan kenraali Pavkovi\u0107 johti serbijoukkoja 1998\u20131999 k\u00e4ydyss\u00e4 Kosovon sodassa. H\u00e4n antautui vuonna 2005 YK:n perustamalle Jugoslavia-tuomioistuimelle, joka katsoi kenraalin syyllistyneen raakoihin sotarikoksiin, muun muassa karkotuksiin, pakkosiirtoihin, siviilien vainoamiseen ja murhiin.<\/p>\n<p class=\"paragraph\">Pavkovi\u0107 tuomittiin vuonna 2009 Haagissa sotarikoksista ja rikoksista ihmisyytt\u00e4 vastaan 22 vuoden vankeusrangaistukseen.<\/p>\n<p class=\"paragraph\">Tuomio vahvistettiin vuonna 2014, ja Pavkovi\u0107  siirrettiin Suomeen. <a href=\"https:\/\/www.hs.fi\/paivanlehti\/05032017\/art-2000005114198.html\" target=\"_blank\" rel=\"noopener nofollow\">Helsingin Sanomat<\/a> kertoi vuonna 2017, ett\u00e4 Pavkovi\u0107in ja my\u00f6hemmin toisen kenraalin <strong>Radivoje Mileti\u0107in<\/strong> siirt\u00e4minen Suomeen yritettiin pit\u00e4\u00e4 salassa.<\/p>\n<p class=\"paragraph\">Ihmisoikeusj\u00e4rjest\u00f6jen mukaan Serbian hallitus on v\u00e4h\u00e4tellyt Pavkovi\u0107in tekemi\u00e4 rikoksia Kosovon albaaneja kohtaan. <a href=\"https:\/\/suomenkuvalehti.fi\/paajutut\/sotarikoksista-tuomittu-serbikenraali-on-istunut-yli-kymmenen-vuotta-vankilassa-suomessa\/?shared=1335380-602728a2-4\" target=\"_blank\" rel=\"noopener nofollow\">Suomen Kuvalehden<\/a> mukaan Pavkovi\u0107 on Kylm\u00e4koskelta antamissaan haastatteluissaan pit\u00e4nyt tuomiotaan ep\u00e4oikeudenmukaisena ja puhunut halventavasti albaaneista.<\/p>\n<p class=\"paragraph\">Kosovo itsen\u00e4istyi Serbiasta vuonna 2008, mutta Serbia ei tunnusta sen itsen\u00e4isyytt\u00e4 viel\u00e4k\u00e4\u00e4n.<\/p>\n","protected":false},"excerpt":{"rendered":"Neboj\u0161a Pavkovi\u0107 suoritti vankeustuomiotaan Suomessa Kylm\u00e4kosken vankilassa. Sotarikoksista tuomittu serbikenraali Neboj\u0161a Pavkovi\u0107 istui Kylm\u00e4kosken vankilassa vuodesta 2014. H\u00e4net&hellip;\n","protected":false},"author":2,"featured_media":67552,"comment_status":"","ping_status":"","sticky":false,"template":"","format":"standard","meta":{"footnotes":""},"categories":[14],"tags":[35,22,23,26,27,33,31,30,17,53,24,25,803,28,29,15,977,18,21,1726,38,32,19,20,56,16,59,60,61],"class_list":{"0":"post-67551","1":"post","2":"type-post","3":"status-publish","4":"format-standard","5":"has-post-thumbnail","7":"category-ulkomaat","8":"tag-24h","9":"tag-breaking-news","10":"tag-breakingnews","11":"tag-featured-news","12":"tag-featurednews","13":"tag-fi","14":"tag-finland","15":"tag-finnish","16":"tag-headlines","17":"tag-laki-oikeus-ja-rikos","18":"tag-latest-news","19":"tag-latestnews","20":"tag-levottomuudet-ja-sodat","21":"tag-main-news","22":"tag-mainnews","23":"tag-news","24":"tag-oikeusistuimet","25":"tag-otsikot","26":"tag-paauutiset","27":"tag-rangaistukset","28":"tag-rikos","29":"tag-suomi","30":"tag-top-stories","31":"tag-topstories","32":"tag-ulkomaat","33":"tag-uutiset","34":"tag-world","35":"tag-world-news","36":"tag-worldnews"},"share_on_mastodon":{"url":"","error":""},"_links":{"self":[{"href":"https:\/\/www.europesays.com\/fi\/wp-json\/wp\/v2\/posts\/67551","targetHints":{"allow":["GET"]}}],"collection":[{"href":"https:\/\/www.europesays.com\/fi\/wp-json\/wp\/v2\/posts"}],"about":[{"href":"https:\/\/www.europesays.com\/fi\/wp-json\/wp\/v2\/types\/post"}],"author":[{"embeddable":true,"href":"https:\/\/www.europesays.com\/fi\/wp-json\/wp\/v2\/users\/2"}],"replies":[{"embeddable":true,"href":"https:\/\/www.europesays.com\/fi\/wp-json\/wp\/v2\/comments?post=67551"}],"version-history":[{"count":0,"href":"https:\/\/www.europesays.com\/fi\/wp-json\/wp\/v2\/posts\/67551\/revisions"}],"wp:featuredmedia":[{"embeddable":true,"href":"https:\/\/www.europesays.com\/fi\/wp-json\/wp\/v2\/media\/67552"}],"wp:attachment":[{"href":"https:\/\/www.europesays.com\/fi\/wp-json\/wp\/v2\/media?parent=67551"}],"wp:term":[{"taxonomy":"category","embeddable":true,"href":"https:\/\/www.europesays.com\/fi\/wp-json\/wp\/v2\/categories?post=67551"},{"taxonomy":"post_tag","embeddable":true,"href":"https:\/\/www.europesays.com\/fi\/wp-json\/wp\/v2\/tags?post=67551"}],"curies":[{"name":"wp","href":"https:\/\/api.w.org\/{rel}","templated":true}]}}