{"id":67556,"date":"2025-10-20T18:36:10","date_gmt":"2025-10-20T18:36:10","guid":{"rendered":"https:\/\/www.europesays.com\/fi\/67556\/"},"modified":"2025-10-20T18:36:10","modified_gmt":"2025-10-20T18:36:10","slug":"susanna-ruotsalainen-katosi-julkisuudesta-tallaista-hanen-elamansa-on-nyt","status":"publish","type":"post","link":"https:\/\/www.europesays.com\/fi\/67556\/","title":{"rendered":"Susanna Ruotsalainen katosi julkisuudesta \u2013 T\u00e4llaista h\u00e4nen el\u00e4m\u00e4ns\u00e4 on nyt"},"content":{"rendered":"<p>Harvoin julkisuudessa n\u00e4hty Susanna Ruotsalainen kertoo Iltalehdelle nykykuulumisiaan.<\/p>\n<p class=\"paragraph\">Tv:st\u00e4 tuttu toimitusjohtaja ja kuolleen <strong>Matti Nyk\u00e4sen<\/strong> ex-kihlattu <strong>Susanna Taskinen<\/strong> (ent. Ruotsalainen), 51, saapuu <strong>Miina \u00c4kkijyrk\u00e4n<\/strong> taiden\u00e4yttelyn avajaisiin tyylikk\u00e4\u00e4ss\u00e4 mustassa housupuvussa. H\u00e4nen asuunsa kuuluvat my\u00f6s kultainen laukku ja koruja.<\/p>\n<p class=\"paragraph\">Susanna kertoo Iltalehdelle k\u00e4yneens\u00e4 hiljattain aviomiehens\u00e4 kanssa Kanadassa rentoutumassa ja viett\u00e4m\u00e4ss\u00e4 kaksivuotish\u00e4\u00e4p\u00e4iv\u00e4\u00e4.<\/p>\n<p class=\"paragraph\">\u2013 H\u00e4nen tytt\u00e4rens\u00e4 asuu siell\u00e4 kanadalaisen miehens\u00e4 kanssa, joten k\u00e4vimme samalla heit\u00e4 moikkaamassa. K\u00e4vin my\u00f6s Niagaran putouksilla, Susanna sanoo.<\/p>\n<p class=\"paragraph\">\u2013 P\u00e4\u00e4sin tekem\u00e4\u00e4n irtioton, kun en ole oikein nelj\u00e4\u00e4n vuoteen pit\u00e4nyt lomaa. Se oli v\u00e4h\u00e4n outoa. Rakastan tehd\u00e4 t\u00f6it\u00e4 ja olen koko el\u00e4m\u00e4ni ollut ty\u00f6narkomaani, joten minun oli vaikea vain olla. Mutta p\u00e4\u00e4tin, etten oikeasti tekisi siell\u00e4 t\u00f6it\u00e4. Joinain p\u00e4ivin\u00e4 kuitenkin tein, mutta se oli sellaista opettelua, h\u00e4n jatkaa.<\/p>\n<p class=\"paragraph\">Susanna kertoo nauttivansa avioliitostaan t\u00e4ysin rinnoin.<\/p>\n<p class=\"paragraph\">\u2013 Luulisi, kun vanhalla i\u00e4ll\u00e4 menee naimisiin, ett\u00e4 t\u00e4ss\u00e4 on varmasti se oikea tyyppi. El\u00e4m\u00e4ss\u00e4 on jo n\u00e4hnyt aika paljon, niin ei tarvitse en\u00e4\u00e4 ajatella mit\u00e4\u00e4n. Eli kaikki, jotka miettiv\u00e4t vanhemmalla i\u00e4ll\u00e4 naimisiinmenoa, niin minusta se on hieno asia. Sit\u00e4 on jotenkin valmis siihen, h\u00e4n tuumaa.<\/p>\n<p class=\"paragraph\">Susannasta tuntuu ensimm\u00e4ist\u00e4 kertaa el\u00e4m\u00e4ss\u00e4\u00e4n, ett\u00e4 toinen puolisko on h\u00e4nelle oikeasti tuki ja turva, johon voi tarpeen vaatiessa nojata.<\/p>\n<p class=\"paragraph\">\u2013 Koen sen olevan aivan mahtava asia, ett\u00e4 pystyy luottamaan h\u00e4neen ja oikeasti miettim\u00e4\u00e4n tulevaisuutta. Ei ole sit\u00e4 ep\u00e4varmuutta, Susanna kertoo.<\/p>\n<p class=\"paragraph\">\u2013 Kuten talon rakentamisessa, kun perusta on vahva, sen p\u00e4\u00e4lle voi rakentaa. Minulla on t\u00e4llainen tilanne ensimm\u00e4ist\u00e4 kertaa el\u00e4m\u00e4ss\u00e4ni parisuhteessa, ja se on ihan mahtavaa, h\u00e4n tunnelmoi.<\/p>\n<p>Susannalla on tilaisuudessa yll\u00e4\u00e4n musta hosuupuku, jossa on kultainen vy\u00f6. ATTE KAJOVA<\/p>\n<p>Arkeen muutos<\/p>\n<p class=\"paragraph\">Susannan mukaan parin arkeen kuuluu perusarjen ja t\u00f6iden lis\u00e4ksi matkustelua sek\u00e4 golfaamista. Erityisesti h\u00e4nen miehens\u00e4 rakastaa lajia, ja pari on suunnitellut talveen golfreissua.<\/p>\n<p class=\"paragraph\">Arjessa on kuitenkin yksi asia, johon Susanna haluaa tehd\u00e4 muutoksen.<\/p>\n<p class=\"paragraph\">\u2013 Teen niin paljon t\u00f6it\u00e4, ett\u00e4 t\u00e4ss\u00e4 tulevina vuosina minun pit\u00e4isi petrata siihen, ett\u00e4 tekisin niit\u00e4 v\u00e4hemm\u00e4n. Jotta minulla olisi enemm\u00e4n aikaa parisuhteeseen, h\u00e4n my\u00f6nt\u00e4\u00e4.<\/p>\n<p class=\"paragraph\">Heid\u00e4n arkeensa kuuluu my\u00f6s huumori, ja Susannan mukaan h\u00e4nen miehens\u00e4 on eritt\u00e4in hauska. Susanna pit\u00e4\u00e4kin huumorintajua yhten\u00e4 t\u00e4rkeimmist\u00e4 asioista parisuhteessa.<\/p>\n<p class=\"paragraph\">\u2013 H\u00e4n on bisnesmies, mutta yritt\u00e4j\u00e4, ja osaa olla hirve\u00e4n hauska ja vitsik\u00e4s kotona. En viitsi menn\u00e4 yksityiskohtiin, mutta h\u00e4n saa minut nauramaan. En osaa pukea sit\u00e4 [huumoria] sanoiksi, mutta se toimii minuun, Susanna kuvailee.<\/p>\n<p>Tulevaisuus<\/p>\n<p class=\"paragraph\">Susanna ty\u00f6skentelee sis\u00e4tilojen akustiikkatuotteiden valmistajana, kehitt\u00e4j\u00e4n\u00e4 ja markkinoijana. Yritystoimintaa on my\u00f6s Suomessa, mutta p\u00e4\u00e4osin firman markkinat ovat ulkomailla, esimerkiksi L\u00e4hi-Id\u00e4ss\u00e4, Intiassa ja Belgiassa.<\/p>\n<p>Susanna haluaisi l\u00e4hivuosina tehd\u00e4 v\u00e4hemm\u00e4n t\u00f6it\u00e4, jotta h\u00e4nell\u00e4 j\u00e4isi enemm\u00e4n aikaa parisuhteelleen. ATTE KAJOVA<\/p>\n<p class=\"paragraph\">Ty\u00f6ns\u00e4 kautta Susanna on huomannut, miten suomalainen ty\u00f6kulttuuri eroaa esimerkiksi intialaisten ja arabien ty\u00f6kulttuurista.<\/p>\n<p class=\"paragraph\">\u2013 Alkuun oli opettelemista, kun sielt\u00e4 tuli kiireellisi\u00e4 viestej\u00e4 ja meh\u00e4n aina vastasimme hirve\u00e4n kiireell\u00e4 kaikkeen. Sitten totuus alkoi paljastua, ettei ikin\u00e4 ollut kiire. Se on vain heill\u00e4 tapana, ett\u00e4 halutaan painostaa.<\/p>\n<p class=\"paragraph\">\u2013 Sitten meill\u00e4 Suomessa osataan organisoitua esimerkiksi projektisivustolla, kun taas noissa maissa on niin paljon ihmisi\u00e4, ett\u00e4 siell\u00e4 on aika paljon vaihtuvuutta ty\u00f6ntekij\u00f6iss\u00e4kin. Se on v\u00e4h\u00e4n haasteellista, kun rakennusty\u00f6mailla porukka vaihtuu. T\u00e4\u00e4ll\u00e4 Suomessa olemme niin organisoituja, ett\u00e4 meid\u00e4n on vaikea ymm\u00e4rt\u00e4\u00e4, miten asiat voivat v\u00e4lill\u00e4 menn\u00e4 niin sekaisin ty\u00f6maalla.<\/p>\n<p class=\"paragraph\">Seuraavaksi Susannalla olisi edess\u00e4\u00e4n ty\u00f6matka Dubaihin ja Intiaan. Reissu alkaa vajaan kuukauden p\u00e4\u00e4st\u00e4, mutta h\u00e4n j\u00e4nnitt\u00e4\u00e4 jo nyt tulevaa Suomeen paluuta.<\/p>\n<p class=\"paragraph\">\u2013 Minulla on se ongelma, ett\u00e4 jokaisen Intian-reissun j\u00e4lkeen olen ollut letkuissa, kun aina on tullut jokin p\u00f6p\u00f6. Mutta seh\u00e4n on hirve\u00e4n yleist\u00e4. Nyt meinaan alkaa vet\u00e4\u00e4 jotain droppeja hyviss\u00e4 ajoin ennen reissua.<\/p>\n<p class=\"paragraph\">Susanna on n\u00e4hty aikoinaan esimerkiksi Diili- ja Viidakon t\u00e4ht\u00f6set -ohjelmissa. H\u00e4nt\u00e4 ei ole kuitenkaan kutsuttu pitk\u00e4\u00e4n aikaan ohjelmiin, mutta h\u00e4n ei pid\u00e4 sit\u00e4 huonona asiana.<\/p>\n<p class=\"paragraph\">\u2013 En oikeasti edes tykk\u00e4\u00e4 olla esill\u00e4. En en\u00e4\u00e4 l\u00e4htisi mihink\u00e4\u00e4n ohjelmiin, se on n\u00e4hty. Minua ei en\u00e4\u00e4 kiinnosta olla esill\u00e4, vaikka varmaan on mielenkiintoisia realityohjelmia.<\/p>\n<p class=\"paragraph\">\u2013 Tykk\u00e4\u00e4n olla ihan n\u00e4in vain. Enk\u00e4 ymm\u00e4rr\u00e4, miksi minua edes kysytt\u00e4isiin ohjelmiin, koska en koe olevani en\u00e4\u00e4 julkisuuden henkil\u00f6 tai kiinnostava ihminen. On olemassa paljon mielenkiintoisempia ja ajankohtaisempia ihmisi\u00e4, jotka osallistuvat n\u00e4ihin ohjelmiin. Minulle riitt\u00e4\u00e4, ett\u00e4 olen kiinnostava yst\u00e4villeni, aviomiehelleni ja perheelleni, h\u00e4n lis\u00e4\u00e4 lopuksi.<\/p>\n","protected":false},"excerpt":{"rendered":"Harvoin julkisuudessa n\u00e4hty Susanna Ruotsalainen kertoo Iltalehdelle nykykuulumisiaan. Tv:st\u00e4 tuttu toimitusjohtaja ja kuolleen Matti Nyk\u00e4sen ex-kihlattu Susanna Taskinen&hellip;\n","protected":false},"author":2,"featured_media":67557,"comment_status":"","ping_status":"","sticky":false,"template":"","format":"standard","meta":{"footnotes":""},"categories":[136],"tags":[35,1075,1074,407,137,33,31,30,408,32,2140,139,109],"class_list":{"0":"post-67556","1":"post","2":"type-post","3":"status-publish","4":"format-standard","5":"has-post-thumbnail","7":"category-julkkikset","8":"tag-24h","9":"tag-avioliitto","10":"tag-avioliitto-ja-parisuhde","11":"tag-celebrities","12":"tag-entertainment","13":"tag-fi","14":"tag-finland","15":"tag-finnish","16":"tag-julkkikset","17":"tag-suomi","18":"tag-tosi-tv-ohjelmat","19":"tag-tv-ohjelmat","20":"tag-viihde"},"share_on_mastodon":{"url":"","error":""},"_links":{"self":[{"href":"https:\/\/www.europesays.com\/fi\/wp-json\/wp\/v2\/posts\/67556","targetHints":{"allow":["GET"]}}],"collection":[{"href":"https:\/\/www.europesays.com\/fi\/wp-json\/wp\/v2\/posts"}],"about":[{"href":"https:\/\/www.europesays.com\/fi\/wp-json\/wp\/v2\/types\/post"}],"author":[{"embeddable":true,"href":"https:\/\/www.europesays.com\/fi\/wp-json\/wp\/v2\/users\/2"}],"replies":[{"embeddable":true,"href":"https:\/\/www.europesays.com\/fi\/wp-json\/wp\/v2\/comments?post=67556"}],"version-history":[{"count":0,"href":"https:\/\/www.europesays.com\/fi\/wp-json\/wp\/v2\/posts\/67556\/revisions"}],"wp:featuredmedia":[{"embeddable":true,"href":"https:\/\/www.europesays.com\/fi\/wp-json\/wp\/v2\/media\/67557"}],"wp:attachment":[{"href":"https:\/\/www.europesays.com\/fi\/wp-json\/wp\/v2\/media?parent=67556"}],"wp:term":[{"taxonomy":"category","embeddable":true,"href":"https:\/\/www.europesays.com\/fi\/wp-json\/wp\/v2\/categories?post=67556"},{"taxonomy":"post_tag","embeddable":true,"href":"https:\/\/www.europesays.com\/fi\/wp-json\/wp\/v2\/tags?post=67556"}],"curies":[{"name":"wp","href":"https:\/\/api.w.org\/{rel}","templated":true}]}}