{"id":67559,"date":"2025-10-20T18:43:08","date_gmt":"2025-10-20T18:43:08","guid":{"rendered":"https:\/\/www.europesays.com\/fi\/67559\/"},"modified":"2025-10-20T18:43:08","modified_gmt":"2025-10-20T18:43:08","slug":"kommentti-lauri-markkasta-on-huhuttu-nyt-perati-19-nba-joukkueeseen-herkullisten-juorujen-takana-karu-nakyma-urheilu","status":"publish","type":"post","link":"https:\/\/www.europesays.com\/fi\/67559\/","title":{"rendered":"Kommentti: Lauri Markkasta on huhuttu nyt per\u00e4ti 19 NBA-joukkueeseen \u2013 herkullisten juorujen takana karu n\u00e4kym\u00e4 | Urheilu"},"content":{"rendered":"<p class=\"aw-1gybjub aw-1p7kakr ghpEtB jtovHP yle__article__paragraph\">Kutkuttava v\u00e4ite Lauri Markkasesta. Hurjia huhuja Lauri Markkasesta. Tulikuuma huhu Lauri Markkasesta. Iso v\u00e4ite Lauri Markkasesta.<\/p>\n<p class=\"aw-1gybjub aw-1p7kakr ghpEtB jtovHP yle__article__paragraph\">Kaupataanko <strong class=\"aw-ak79eh KyCXm yle__article__strong\">Lauri Markkanen<\/strong> uuteen NBA-seuraan? T\u00e4m\u00e4 on t\u00e4ll\u00e4 viikolla alkavan NBA-kauden kuumin suomalaiskysymys.<\/p>\n<p class=\"aw-1gybjub aw-1p7kakr ghpEtB jtovHP yle__article__paragraph\">Markkasen tilanteesta kertovat edell\u00e4 luetellut suomalaisten iltap\u00e4iv\u00e4lehtien revittelem\u00e4t otsikot amerikkalaismedioiden spekulaatioista lokakuussa.<\/p>\n<p class=\"aw-1gybjub aw-1p7kakr ghpEtB jtovHP yle__article__paragraph\">Tilanteesta kertoo my\u00f6s pidempi Ylen tekem\u00e4 seuranta. T\u00e4m\u00e4n vuoden aikana Markkasta on spekuloitu, huhuttu ja juoruttu erilaisissa amerikkalaismedioissa ja -podcasteissa suurimpaan osaan NBA-seuroista.<\/p>\n<p class=\"aw-1gybjub aw-1p7kakr ghpEtB jtovHP yle__article__paragraph\">Markkasta on viety jopa 19 eri NBA-joukkueeseen, kun sarjassa on 30 joukkuetta.<\/p>\n<p class=\"aw-1gybjub aw-1p7kakr ghpEtB jtovHP yle__article__paragraph\">Valtavan huhumyllyn tausta on selke\u00e4 ristiriita.<\/p>\n<p class=\"aw-1gybjub aw-1p7kakr ghpEtB jtovHP yle__article__paragraph\">Utah Jazzin odotetaan j\u00e4lleen kuuluvan liigan pohjasakkaan, kun taas 28-vuotias Markkanen on koripalloilijana parhaassa i\u00e4ss\u00e4\u00e4n.<\/p>\n<p class=\"aw-1gybjub aw-1p7kakr ghpEtB jtovHP yle__article__paragraph\">Utah lienee vasta parin vuoden p\u00e4\u00e4st\u00e4 valmis kamppailemaan paikasta NBA-pudotuspeleihin, kun Markkanen on taas kiusallisen tilaston ykk\u00f6nen. Markkasella on nykypelaajista eniten NBA-pelej\u00e4 ilman yht\u00e4k\u00e4\u00e4n pudotuspeliottelua.<\/p>\n<p>Toimittajien puheissakin ristiriitaa<\/p>\n<p class=\"aw-1gybjub aw-1p7kakr ghpEtB jtovHP yle__article__paragraph\">Mik\u00e4 on totuus amerikkalaisjuorujen ja suomalaisten kohuotsikoiden takana? Jatkaako Markkanen piakkoin uraansa jossain muualla kuin Utahissa?<\/p>\n<p class=\"aw-1gybjub aw-1p7kakr ghpEtB jtovHP yle__article__paragraph\">Vastauksissa on mielenkiintoinen ristiriita Yhdysvaltojen tunnetuimpien NBA-toimittajien ja Utah Jazzia tarkasti seuraavien toimittajien kesken.<\/p>\n<p class=\"aw-1gybjub aw-1p7kakr ghpEtB jtovHP yle__article__paragraph\">Esimerkiksi The Ringerin <strong class=\"aw-ak79eh KyCXm yle__article__strong\">Zach Lowe<\/strong><a class=\"aw-iao6s4 iHOxEa yle__article__link\" href=\"https:\/\/yle.fi\/a\/74-20184039\" role=\"link\" rel=\"nofollow noopener\" target=\"_blank\"> puhui kuukausi sitten<\/a>, kuinka ei voisi kuvitella Markkasen j\u00e4\u00e4v\u00e4n vuodeksi Utahiin.<\/p>\n<p class=\"aw-1gybjub aw-1p7kakr ghpEtB jtovHP yle__article__paragraph\">Valtakunnallisista medioista my\u00f6s Sports Illustratedin NBA-toimittaja <strong class=\"aw-ak79eh KyCXm yle__article__strong\">Chris Mannix<\/strong> <a class=\"aw-iao6s4 iHOxEa yle__article__link\" href=\"https:\/\/www.si.com\/nba\/jazz\/news\/utah-jazz-may-have-shifted-stance-lauri-markkanen-trade\" role=\"link\" rel=\"nofollow noopener\" target=\"_blank\">v\u00e4itti<\/a>, ett\u00e4 Utah Jazz on eritt\u00e4in valmis kauppaamaan Markkasen.<\/p>\n<p><img decoding=\"async\" alt=\"Lauri Markkanen seurasi siviilivaatteet p\u00e4\u00e4ll\u00e4\u00e4n, kun Jazz h\u00e4visi harjoitusottelussa Spursille. \" src=\"https:\/\/www.europesays.com\/fi\/wp-content\/uploads\/2025\/10\/39-153689068e9f5e7f2651.jpeg\" loading=\"lazy\" class=\"aw-1l9m598 hKVVvP\"\/><\/p>\n<p>Avaa kuvien katselu<\/p>\n<p>Lauri Markkanen seurasi siviilivaatteissa Utahin t\u00e4m\u00e4n kauden ensimm\u00e4isi\u00e4 treenipelej\u00e4, sill\u00e4 Markkanen kuntoutti utahilaismedian mukaan EM-kisoissa saamaansa rannevammaansa. Kuva: Scott Wachter-Imagn Images\/AOP<\/p>\n<p class=\"aw-1gybjub aw-1p7kakr ghpEtB jtovHP yle__article__paragraph\">Utah Jazzia tarkasti seuraavat toimittajat, Salt Lake Tribunen <strong class=\"aw-ak79eh KyCXm yle__article__strong\">Andy<\/strong> <strong class=\"aw-ak79eh KyCXm yle__article__strong\">Larsen<\/strong> ja KSL Sportsin <strong class=\"aw-ak79eh KyCXm yle__article__strong\">Ben Anderson<\/strong> ovat olleet puolestaan eri mielt\u00e4 valtakunnallisten NBA-sis\u00e4piiritoimittajien kanssa.<\/p>\n<p class=\"aw-1gybjub aw-1p7kakr ghpEtB jtovHP yle__article__paragraph\">Anderson <a class=\"aw-iao6s4 iHOxEa yle__article__link\" href=\"https:\/\/kslsports.com\/nba\/utah-jazz\/jazz-mailbag-markkanen-trade-2\/560612\" role=\"link\" rel=\"nofollow noopener\" target=\"_blank\">kertoi <\/a>saaneensa tiedon \u201dJazzin kanssa l\u00e4heiselt\u00e4 henkil\u00f6lt\u00e4\u201d tiedon, ett\u00e4 seura ei ole kauppaamassa Markkasta.<\/p>\n<p>Vasta ensi kes\u00e4n\u00e4 kaupaksi?<\/p>\n<p class=\"aw-1gybjub aw-1p7kakr ghpEtB jtovHP yle__article__paragraph\">Vaikka NBA:ssa voi tapahtua peliliikkeit\u00e4 nopeastikin, Andersonin mukaan t\u00e4ll\u00e4 hetkell\u00e4 Utahin kannattajien ei tarvitse mietti\u00e4 kauppahuhuja.<\/p>\n<p class=\"aw-1gybjub aw-1p7kakr ghpEtB jtovHP yle__article__paragraph\">Larsen <a class=\"aw-iao6s4 iHOxEa yle__article__link\" href=\"https:\/\/yle.fi\/a\/74-20177412\" role=\"link\" rel=\"nofollow noopener\" target=\"_blank\">puolestaan totesi jo ennen EM-kisoja elokuun puoliv\u00e4liss\u00e4 Ylelle<\/a>, ett\u00e4 Markkasen kauppaaminen on todenn\u00e4k\u00f6isemp\u00e4\u00e4 vasta helmikuun alussa NBA:n kauppatakarajalla, kuin t\u00e4m\u00e4n vuoden puolella NBA-kauden alussa.<\/p>\n<p class=\"aw-1gybjub aw-1p7kakr ghpEtB jtovHP yle__article__paragraph\">Nyt lokakuussa Larsen <a class=\"aw-iao6s4 iHOxEa yle__article__link\" href=\"https:\/\/thejnotes.com\/jazz-reporter-boldly-predicts-when-they-will-trade-lauri-markkanen\" role=\"link\" rel=\"nofollow noopener\" target=\"_blank\">oli jopa sit\u00e4 mielt\u00e4<\/a>, ett\u00e4 Markkanen saatetaan kaupata pois Utahista vasta ensi kes\u00e4n\u00e4.<\/p>\n<p><img decoding=\"async\" alt=\"Lauri Markkanen pettyneen\u00e4 koripallon EM-v\u00e4lier\u00e4ss\u00e4.\" src=\"https:\/\/www.europesays.com\/fi\/wp-content\/uploads\/2025\/10\/39-152205868c454a9e609e.jpeg\" loading=\"lazy\" class=\"aw-1l9m598 hKVVvP\"\/><\/p>\n<p>Avaa kuvien katselu<\/p>\n<p>Andy Larsen huomautti jo ennen EM-kisoja, ett\u00e4 hyvill\u00e4 EM-otteilla on tuskin merkityst\u00e4 Lauri Markkasen kauppaamiseen NBA:ssa. Kuva: Tomi H\u00e4nninen<\/p>\n<p class=\"aw-1gybjub aw-1p7kakr ghpEtB jtovHP yle__article__paragraph\">Larsen uskoi Ylen haastattelussa, ett\u00e4 muut NBA-joukkueet haluavat ensiksi n\u00e4hd\u00e4 maksimisopimuksella pelaavalta Markkaselta yht\u00e4 tehokkaita otteita kuin ensimm\u00e4isell\u00e4 Utah-kaudellaan 2022\u20132023. Silloin Markkanen teki l\u00e4pimurtonsa NBA:n eliittiin ja h\u00e4net valittiin t\u00e4hdist\u00f6peliin.<\/p>\n<p class=\"aw-1gybjub aw-1p7kakr ghpEtB jtovHP yle__article__paragraph\">P\u00e4\u00e4st\u00e4\u00e4n j\u00e4lleen yhteen mielenkiintoiseen ristiriitaan.<\/p>\n<p>Ristiriita Markkasen monipuolisuudessa<\/p>\n<p class=\"aw-1gybjub aw-1p7kakr ghpEtB jtovHP yle__article__paragraph\">Markkanen sopii k\u00e4yt\u00e4nn\u00f6ss\u00e4 kaikkiin NBA-joukkueisiin. H\u00e4n ei tarvitse itse palloa ollakseen tehokas korintekij\u00e4. 213-senttiseksi monipuolista Markkasta on parhaimmillaan vaikea pys\u00e4ytt\u00e4\u00e4. Siksi Markkanen on my\u00f6s arvokas pelaaja.<\/p>\n<p class=\"aw-1gybjub aw-1p7kakr ghpEtB jtovHP yle__article__paragraph\">T\u00e4ss\u00e4 on my\u00f6s perimm\u00e4inen syy, miksi Markkasen ymp\u00e4rill\u00e4 kauppahuhut vellovat kovina ja miksi h\u00e4nt\u00e4 on ehditty t\u00e4n\u00e4 vuonna juoruta suurimpaan osaan NBA-seuroista.<\/p>\n<p class=\"aw-1gybjub aw-1p7kakr ghpEtB jtovHP yle__article__paragraph\">Toisaalta Markkasen erottaa ter\u00e4vimmist\u00e4 k\u00e4rjest\u00e4 yksi asia. Markkasella on huomattavasti rajoittuneemmat kyvyt luoda itse korintekotilanteita pallon kanssa. Siksi Markkanen onkin menestyv\u00e4lle NBA-joukkueelle hyv\u00e4 vaihtoehto kakkos- tai kolmost\u00e4hdeksi.<\/p>\n<p class=\"aw-1gybjub aw-1p7kakr ghpEtB jtovHP yle__article__paragraph\">Markkasella on kuitenkin t\u00e4ll\u00e4 hetkell\u00e4 iso sopimus. Viime vuonna solmitusta 238 miljoonan maksimisopimuksesta on j\u00e4ljell\u00e4 195 miljoonaa dollaria ja nelj\u00e4 vuotta. <strong class=\"aw-ak79eh KyCXm yle__article__strong\">Zach Lowea<\/strong> siteeraten kaikki rakastavat Markkasta, mutta eiv\u00e4t h\u00e4nen sopimustaan.<\/p>\n<p class=\"aw-1gybjub aw-1p7kakr ghpEtB jtovHP yle__article__paragraph\">Larsen<a class=\"aw-iao6s4 iHOxEa yle__article__link\" href=\"https:\/\/www.sltrib.com\/sports\/jazz\/2025\/10\/10\/lauri-markkanens-status-with-utah\/\" role=\"link\" rel=\"nofollow noopener\" target=\"_blank\"> muistutti viime viikolla Salt Lake Tribunessa<\/a>, ett\u00e4 kaikista sis\u00e4piiritoimittajien huhuista huolimatta Utah ei ole p\u00e4\u00e4ssyt l\u00e4hellek\u00e4\u00e4n maalia Markkasen kauppaamisessa.<\/p>\n<p><img decoding=\"async\" alt=\"Lauri Markkanen NBA-harjoituspeliss\u00e4 Dallasia vastaan, Dereck Lively yritt\u00e4\u00e4 pys\u00e4ytt\u00e4\u00e4.\" src=\"https:\/\/www.europesays.com\/fi\/wp-content\/uploads\/2025\/10\/39-154110568f640956e32e.jpeg\" loading=\"lazy\" class=\"aw-1l9m598 hKVVvP\"\/><\/p>\n<p>Avaa kuvien katselu<\/p>\n<p>Lauri Markkanen NBA-harjoituspeliss\u00e4 Dallasia vastaan, Dereck Lively yritt\u00e4\u00e4 pys\u00e4ytt\u00e4\u00e4. Kuva: LEHTIKUVA \/ ALEX GOODLETT<\/p>\n<p class=\"aw-1gybjub aw-1p7kakr ghpEtB jtovHP yle__article__paragraph\">Jazz on pyyt\u00e4nyt sen verran paljon varausvuoroja tai laadukkaita nuoria pelaajia vastineeksi Markkasesta, ett\u00e4 kaupat eiv\u00e4t ole menneet maaliin.<\/p>\n<p class=\"aw-1gybjub aw-1p7kakr ghpEtB jtovHP yle__article__paragraph\">Toisin sanoen Utah on pyyt\u00e4nyt suomalaist\u00e4hdest\u00e4 kovaa hintaa. Markkanen ei ole my\u00f6sk\u00e4\u00e4n ollut viel\u00e4 sopimuksensa arvoinen muille joukkueille. <a class=\"aw-iao6s4 iHOxEa yle__article__link\" href=\"https:\/\/www.basketball-reference.com\/contracts\/players.html\" role=\"link\" rel=\"nofollow noopener\" target=\"_blank\">Markkasen sopimuksen kokonaisarvo on nyt koko NBA:ssa 15. arvokkain<\/a>.<\/p>\n<p>Mihin Markkanen voidaan edes kaupata?<\/p>\n<p class=\"aw-1gybjub aw-1p7kakr ghpEtB jtovHP yle__article__paragraph\">Andy Larsenin perkaus Markkasen tulevista mahdollisista seuroista kertoo my\u00f6s omaa karua kielt\u00e4\u00e4n. Jazz-toimittaja avaa viiden paljon spekulaatioissa olleen seuran mahdollisuuksia hankkia Markkanen.<\/p>\n<p class=\"aw-1gybjub aw-1p7kakr ghpEtB jtovHP yle__article__paragraph\">San Antonio Spursin, Golden State Warriorsin ja Miami Heatin kohdalla t\u00f6rm\u00e4t\u00e4\u00e4n joko ongelmiin saada Markkasen palkkaa sopimaan joukkueen nykykokoonpanoon tai edell\u00e4 kuvailtuun ongelmaan Jazzin toiveesta saada riitt\u00e4v\u00e4sti varausvuoroja ja heille kiinnostavia nuoria pelaajia.<\/p>\n<p class=\"aw-1gybjub aw-1p7kakr ghpEtB jtovHP yle__article__paragraph\">Sacramento Kings saattaisi olla nuorten pelaajien ja varausvuorojen kannalta mahdollinen kohde. Eniten spekuloitu kohde on kuitenkin ollut Detroit Pistons.<\/p>\n<p><img decoding=\"async\" alt=\"Lauri Markkanen kamppailee Anthony Davisia vastaan.\" src=\"https:\/\/www.europesays.com\/fi\/wp-content\/uploads\/2025\/10\/39-154110768f64096164a9.jpeg\" loading=\"lazy\" class=\"aw-1l9m598 hKVVvP\"\/><\/p>\n<p>Avaa kuvien katselu<\/p>\n<p>Lauri Markkanen kamppaili ennen t\u00e4m\u00e4n kauden alkua harjoituspeliss\u00e4 Dallasia vastaan. Markkasta kuvassa puolustava Anthony Davis on esimerkki toisaalta NBA:n arvaamattomuudesta. Davis l\u00e4hti Los Angeles Lakersista Dallasiin viime talvena, kun Luka Doncic kaupattiin todella yll\u00e4tt\u00e4v\u00e4sti Dallasista Lakersiin. Kuva: Lehtikuva<\/p>\n<p class=\"aw-1gybjub aw-1p7kakr ghpEtB jtovHP yle__article__paragraph\">Detroit tarvitsisi Markkasen pelipaikoille kohennusta kokoonpanoonsa, jotta voisi kamppailla it\u00e4isen konferenssin k\u00e4rkisijoista. Palkkojen kannalta Detroista l\u00f6ytyy my\u00f6s sopivia palasia Markkasen hankintaan.<\/p>\n<p class=\"aw-1gybjub aw-1p7kakr ghpEtB jtovHP yle__article__paragraph\">Detroitin kynnyskysymys Larsenin mukaan suoraan sanoen on, miten kovaksi Pistons arvioi Markkasen.<\/p>\n<p class=\"aw-1gybjub aw-1p7kakr ghpEtB jtovHP yle__article__paragraph\">Detroitille kyseess\u00e4 olisi viimeinen suuri palanen joukkueeseensa. Onko Markkanen paras pelaaja, jonka he voivat saada? Larsenin arvion mukaan n\u00e4in voi olla.<\/p>\n<p>Markkaselle olennainen apu puuttuu<\/p>\n<p class=\"aw-1gybjub aw-1p7kakr ghpEtB jtovHP yle__article__paragraph\">Yksi mielenkiintoinen asia on my\u00f6s se, miten Markkanen pystyy ylip\u00e4\u00e4t\u00e4ns\u00e4 NBA:n surkeimpiin joukkueisiin kuuluvassa Utahissa n\u00e4ytt\u00e4m\u00e4\u00e4n arvonsa.<\/p>\n<p class=\"aw-1gybjub aw-1p7kakr ghpEtB jtovHP yle__article__paragraph\">Kun Markkanen nousi NBA:n eliittitasolle edellisen kerran Utahissa, h\u00e4nell\u00e4 oli apunaan pelintekij\u00e4 <strong class=\"aw-ak79eh KyCXm yle__article__strong\">Mike<\/strong> <strong class=\"aw-ak79eh KyCXm yle__article__strong\">Conley<\/strong>. Markkanen pystyi loistamaan kokeneen pelintekij\u00e4n sy\u00f6t\u00f6ist\u00e4. H\u00e4n pystyi tekem\u00e4\u00e4n koreja itselleen ominaisesti liikkeist\u00e4 pallottomana pelaajana.<\/p>\n<p class=\"aw-1gybjub aw-1p7kakr ghpEtB jtovHP yle__article__paragraph\">Nyt Conleyn kaltaista apua ei ole tarjolla. Toisen vuoden NBA-pelaaja <strong class=\"aw-ak79eh KyCXm yle__article__strong\">Isiah Collier<\/strong> ja kolmannen vuoden NBA-pelaaja <strong class=\"aw-ak79eh KyCXm yle__article__strong\">Keyonte George<\/strong> eiv\u00e4t ole toistaiseksi n\u00e4hdyn perusteella kasvamassa Conleyn saappaisiin.<\/p>\n<p class=\"aw-1gybjub aw-1p7kakr ghpEtB jtovHP yle__article__paragraph\">Utahin tarve p\u00e4\u00e4st\u00e4 varaamaan tulevaisuuden toivoja ensi kes\u00e4n\u00e4kin mahdollisimman hyvilt\u00e4 sijoilta ei ole my\u00f6sk\u00e4\u00e4n kadonnut viel\u00e4 mihink\u00e4\u00e4n. On siis olemassa relevantti riski, ett\u00e4 Markkasen tulevastakin NBA-kaudesta tulee karmeaa tarpomista.<\/p>\n<p>Onko Lauri Markkanen k\u00e4rsinyt vain huonosta tuurista NBA-urallaan? Kyll\u00e4 on, vastaa Andy Larsen.<\/p>\n","protected":false},"excerpt":{"rendered":"Kutkuttava v\u00e4ite Lauri Markkasesta. Hurjia huhuja Lauri Markkasesta. Tulikuuma huhu Lauri Markkasesta. Iso v\u00e4ite Lauri Markkasesta. Kaupataanko Lauri&hellip;\n","protected":false},"author":2,"featured_media":67560,"comment_status":"","ping_status":"","sticky":false,"template":"","format":"standard","meta":{"footnotes":""},"categories":[158],"tags":[33,31,30,1702,1905,3825,159,32,160,3826],"class_list":{"0":"post-67559","1":"post","2":"type-post","3":"status-publish","4":"format-standard","5":"has-post-thumbnail","7":"category-urheilu","8":"tag-fi","9":"tag-finland","10":"tag-finnish","11":"tag-koripallo","12":"tag-lauri-markkanen","13":"tag-nba","14":"tag-sports","15":"tag-suomi","16":"tag-urheilu","17":"tag-utah-jazz"},"share_on_mastodon":{"url":"","error":""},"_links":{"self":[{"href":"https:\/\/www.europesays.com\/fi\/wp-json\/wp\/v2\/posts\/67559","targetHints":{"allow":["GET"]}}],"collection":[{"href":"https:\/\/www.europesays.com\/fi\/wp-json\/wp\/v2\/posts"}],"about":[{"href":"https:\/\/www.europesays.com\/fi\/wp-json\/wp\/v2\/types\/post"}],"author":[{"embeddable":true,"href":"https:\/\/www.europesays.com\/fi\/wp-json\/wp\/v2\/users\/2"}],"replies":[{"embeddable":true,"href":"https:\/\/www.europesays.com\/fi\/wp-json\/wp\/v2\/comments?post=67559"}],"version-history":[{"count":0,"href":"https:\/\/www.europesays.com\/fi\/wp-json\/wp\/v2\/posts\/67559\/revisions"}],"wp:featuredmedia":[{"embeddable":true,"href":"https:\/\/www.europesays.com\/fi\/wp-json\/wp\/v2\/media\/67560"}],"wp:attachment":[{"href":"https:\/\/www.europesays.com\/fi\/wp-json\/wp\/v2\/media?parent=67559"}],"wp:term":[{"taxonomy":"category","embeddable":true,"href":"https:\/\/www.europesays.com\/fi\/wp-json\/wp\/v2\/categories?post=67559"},{"taxonomy":"post_tag","embeddable":true,"href":"https:\/\/www.europesays.com\/fi\/wp-json\/wp\/v2\/tags?post=67559"}],"curies":[{"name":"wp","href":"https:\/\/api.w.org\/{rel}","templated":true}]}}