{"id":67563,"date":"2025-10-20T18:47:10","date_gmt":"2025-10-20T18:47:10","guid":{"rendered":"https:\/\/www.europesays.com\/fi\/67563\/"},"modified":"2025-10-20T18:47:10","modified_gmt":"2025-10-20T18:47:10","slug":"outo-kaanne-trumpin-kannatuksessa","status":"publish","type":"post","link":"https:\/\/www.europesays.com\/fi\/67563\/","title":{"rendered":"Outo k\u00e4\u00e4nne Trumpin kannatuksessa"},"content":{"rendered":"<p>Trump menett\u00e4\u00e4 kannatusta merkitt\u00e4v\u00e4ss\u00e4 \u00e4\u00e4nest\u00e4j\u00e4ryhm\u00e4ss\u00e4, yhdysvaltalainen Newsweek kertoo.<\/p>\n<p><img decoding=\"async\" class=\"image image-show image-preview\" src=\"https:\/\/www.europesays.com\/fi\/wp-content\/uploads\/2025\/10\/c5c2f66a21632300405804cdbb92693aaeb9448a17da19f4ca09f1fa509a24c6.jpg\" alt=\"\"\/><img decoding=\"async\" class=\"image image-show\" src=\"https:\/\/www.europesays.com\/fi\/wp-content\/uploads\/2025\/10\/1760986030_161_c5c2f66a21632300405804cdbb92693aaeb9448a17da19f4ca09f1fa509a24c6.jpg\" alt=\"\"\/><\/p>\n<p>Yhdysvaltain presidentti Donald Trump on menett\u00e4nyt kannatusta h\u00e4nelle t\u00e4rke\u00e4ss\u00e4 \u00e4\u00e4nest\u00e4j\u00e4ryhm\u00e4ss\u00e4.  ZumaWire \/ MVPHOTOS<\/p>\n<p class=\"paragraph\">Yhdysvaltain presidentti <a href=\"https:\/\/www.iltalehti.fi\/henkilot\/Donald Trump\" class=\"article-link-person-page\" rel=\"nofollow noopener\" target=\"_blank\">Donald Trump<\/a> menett\u00e4\u00e4 parhaillaan kannatusta t\u00e4rke\u00e4ss\u00e4 \u00e4\u00e4nest\u00e4j\u00e4ryhm\u00e4ss\u00e4, yhdysvaltalainen <a href=\"https:\/\/www.newsweek.com\/trump-support-among-men-eroding-10895664\" target=\"_blank\" rel=\"noopener nofollow\">Newsweek<\/a> kertoo.<\/p>\n<p class=\"paragraph\">Tuoreen YouGov\/Economist-ryhm\u00e4n toteuttaman mielipidemittauksen mukaan Trumpin kannatus on laskenut miesten keskuudessa viimeisten kolmen kuukauden aikana.<\/p>\n<p class=\"paragraph\">Newsweek kuvailee kannatuksen laskua hitaaksi, mutta tasaiseksi.<\/p>\n<p class=\"paragraph\">Elokuussa Trumpin hyv\u00e4ksyi 45 prosenttia miehist\u00e4. Samaan aikaan 51 prosenttia miehist\u00e4 ilmoitti, etteiv\u00e4t he hyv\u00e4ksy Trumpia.<\/p>\n<p class=\"paragraph\">Syyskuussa Trumpin hyv\u00e4ksyi 44 prosenttia miehist\u00e4 ja jo 53 prosenttia ilmoitti, etteiv\u00e4t he hyv\u00e4ksy Trumpia.<\/p>\n<p class=\"paragraph\">Lokakuussa en\u00e4\u00e4 42 prosenttia ilmoitti hyv\u00e4ksyv\u00e4ns\u00e4 Trumpin ja 53 prosenttia sanoi, etteiv\u00e4t he hyv\u00e4ksy Yhdysvaltain presidentti\u00e4.<\/p>\n<p class=\"paragraph\">Viel\u00e4 vuonna 2024 miespuolisista \u00e4\u00e4nest\u00e4jist\u00e4 55 prosenttia tuki Trumpia.<\/p>\n<p>Ep\u00e4onnistunut talouspolitiikka<\/p>\n<p class=\"paragraph\">Websterin yliopiston apulaisprofessorin <strong>William Hallin<\/strong> mukaan kannatuksen heikkeneminen vaikuttaa linkittyv\u00e4n talouteen liittyv\u00e4\u00e4n tyytym\u00e4tt\u00f6myyteen.<\/p>\n<p class=\"paragraph\">Hallin mukaan moni mies \u201dkeskittyy yh\u00e4 negatiivisemmin toimivaan ja ep\u00e4onnistuneeseen talouspolitiikkaan, mukaan lukien politiikkaan, joka on johtanut kasvavasta inflaatiosta, tiukemmista ty\u00f6markkinoista ja ep\u00e4vakaammasta taloudesta johtuviin korkeampiin elinkustannuksiin\u201d.<\/p>\n<p class=\"paragraph\">Inflaatio nousi Yhdysvalloissa elokuussa <a href=\"https:\/\/www.spglobal.com\/marketintelligence\/en\/mi\/research-analysis\/us-consumer-price-inflation-rose-to-2.9-in-august-with-survey-data-hinting-at-more-price-rises-to-come-sep25.html\" target=\"_blank\" rel=\"noopener nofollow\">2,9 prosenttiin<\/a>, mik\u00e4 on korkein lukema sitten tammikuun.<\/p>\n<p class=\"paragraph\">Ty\u00f6tt\u00f6myys nousi elokuussa puolestaan <a href=\"https:\/\/www.bls.gov\/news.release\/pdf\/empsit.pdf\" target=\"_blank\" rel=\"noopener nofollow\">4,3 prosenttiin<\/a>, mik\u00e4 l\u00e4hentelee korkeinta lukemaa nelj\u00e4\u00e4n vuoteen.<\/p>\n<p class=\"paragraph\">Kuluttajien luottamus sukelsi lokakuussa alhaisimmalle tasolle viiteen kuukauteen inflaation ja heikentyneen ty\u00f6tilanteen vuoksi.<\/p>\n<p>\u201dTuntuva lasku\u201d<\/p>\n<p class=\"paragraph\">Tilannetta ei my\u00f6sk\u00e4\u00e4n helpota Yhdysvaltain <a href=\"https:\/\/www.iltalehti.fi\/ulkomaat\/0f0f728a-bb55-4ca9-919d-76a1bd4ecd63\" rel=\"nofollow noopener\" target=\"_blank\">hallinnon sulku<\/a>, joka on pian kest\u00e4nyt kolme viikkoa.<\/p>\n<p class=\"paragraph\">Sulku johtuu siit\u00e4, ettei Yhdysvaltain senaatissa ole p\u00e4\u00e4sty yhteisymm\u00e4rrykseen rahoituksesta.<\/p>\n<p class=\"paragraph\">Sulun vuoksi yli 750 000 liittovaltion ty\u00f6ntekij\u00e4\u00e4 <a href=\"https:\/\/eu.usatoday.com\/story\/news\/politics\/2025\/10\/20\/federal-government-shutdown-day-20-october-20-2025\/86790417007\/\" target=\"_blank\" rel=\"noopener nofollow\">on lomautettu<\/a>.<\/p>\n<p class=\"paragraph\">Trumpin hallinto on pyrkinyt painostamaan demokraatteja sopuun muun muassa <a href=\"https:\/\/www.theguardian.com\/us-news\/2025\/oct\/17\/trump-freeze-infrastructure-funding\" target=\"_blank\" rel=\"noopener nofollow\">j\u00e4\u00e4dytt\u00e4m\u00e4ll\u00e4<\/a> liikenne- ja energiaprojekteihin tarkoitettuja varoja demokraattien johtamissa kaupungeissa ja osavaltioissa.<\/p>\n<p class=\"paragraph\">Miehist\u00e4 54 prosenttia ei hyv\u00e4ksy tapaa, jolla Trump on hoitanut hallinnon sulun. 40 prosenttia miehist\u00e4 ilmoittaa syytt\u00e4v\u00e4ns\u00e4 eniten Trumpia sek\u00e4 t\u00e4m\u00e4n edustamaa republikaanipuoluetta tilanteesta.<\/p>\n<p class=\"paragraph\">Mielipidemittaus osoittaa miesten suhtautuvan aiempaa pessimistisemmin talouteen. Optimistisuus n\u00e4ytt\u00e4\u00e4 v\u00e4hentyneen elokuusta l\u00e4htien.<\/p>\n<p class=\"paragraph\">Hallin mukaan trendeill\u00e4 voi olla poliittisia seurauksia.<\/p>\n<p class=\"paragraph\">\u2013 N\u00e4m\u00e4 nykyiset negatiiviset trendit ovat mahdollisesti selv\u00e4 merkki siit\u00e4, ett\u00e4 luottamus ja tuki h\u00e4nen johtajuudelleen ovat jatkuvasti heikentyneet.<\/p>\n<p class=\"paragraph\">Hall varoitti, ett\u00e4 jos trendeihin ei puututa, seurauksena \u201dvoisi hyvin olla tuntuva kannatuksen lasku ei vain presidentti Donald Trumpin johdolle ja h\u00e4nen hallinnolleen vaan my\u00f6s koko republikaanipuolueelle\u201d.<\/p>\n<p>Skeptiset naiset<\/p>\n<p class=\"paragraph\">Trumpin kannatus on sen sijaan lis\u00e4\u00e4ntynyt perinteisesti h\u00e4nen johtajuuteensa skeptisemmin suhtautuvien naisten keskuudessa.<\/p>\n<p class=\"paragraph\">Viel\u00e4 syyskuussa Trumpin hyv\u00e4ksyi 33 prosenttia naisista. 61 prosenttia ilmoitti taas, etteiv\u00e4t he hyv\u00e4ksy Trumpia.<\/p>\n<p class=\"paragraph\">Lokakuuhun menness\u00e4 jo 38 prosenttia naisista ilmoitti hyv\u00e4ksyv\u00e4ns\u00e4 Trumpin ja 56 prosenttia ilmoitti, etteiv\u00e4t he hyv\u00e4ksy Trumpia.<\/p>\n","protected":false},"excerpt":{"rendered":"Trump menett\u00e4\u00e4 kannatusta merkitt\u00e4v\u00e4ss\u00e4 \u00e4\u00e4nest\u00e4j\u00e4ryhm\u00e4ss\u00e4, yhdysvaltalainen Newsweek kertoo. Yhdysvaltain presidentti Donald Trump on menett\u00e4nyt kannatusta h\u00e4nelle t\u00e4rke\u00e4ss\u00e4 \u00e4\u00e4nest\u00e4j\u00e4ryhm\u00e4ss\u00e4.&hellip;\n","protected":false},"author":2,"featured_media":67564,"comment_status":"","ping_status":"","sticky":false,"template":"","format":"standard","meta":{"footnotes":""},"categories":[76],"tags":[35,79,77,33,31,30,142,637,144,32,78,143,145],"class_list":{"0":"post-67563","1":"post","2":"type-post","3":"status-publish","4":"format-standard","5":"has-post-thumbnail","7":"category-talous","8":"tag-24h","9":"tag-business","10":"tag-economy","11":"tag-fi","12":"tag-finland","13":"tag-finnish","14":"tag-poliitikot","15":"tag-politiikka","16":"tag-presidentti","17":"tag-suomi","18":"tag-talous","19":"tag-yhdysvaltain-politiikka","20":"tag-yhdysvaltalaiset-poliittiset-puolueet"},"share_on_mastodon":{"url":"","error":""},"_links":{"self":[{"href":"https:\/\/www.europesays.com\/fi\/wp-json\/wp\/v2\/posts\/67563","targetHints":{"allow":["GET"]}}],"collection":[{"href":"https:\/\/www.europesays.com\/fi\/wp-json\/wp\/v2\/posts"}],"about":[{"href":"https:\/\/www.europesays.com\/fi\/wp-json\/wp\/v2\/types\/post"}],"author":[{"embeddable":true,"href":"https:\/\/www.europesays.com\/fi\/wp-json\/wp\/v2\/users\/2"}],"replies":[{"embeddable":true,"href":"https:\/\/www.europesays.com\/fi\/wp-json\/wp\/v2\/comments?post=67563"}],"version-history":[{"count":0,"href":"https:\/\/www.europesays.com\/fi\/wp-json\/wp\/v2\/posts\/67563\/revisions"}],"wp:featuredmedia":[{"embeddable":true,"href":"https:\/\/www.europesays.com\/fi\/wp-json\/wp\/v2\/media\/67564"}],"wp:attachment":[{"href":"https:\/\/www.europesays.com\/fi\/wp-json\/wp\/v2\/media?parent=67563"}],"wp:term":[{"taxonomy":"category","embeddable":true,"href":"https:\/\/www.europesays.com\/fi\/wp-json\/wp\/v2\/categories?post=67563"},{"taxonomy":"post_tag","embeddable":true,"href":"https:\/\/www.europesays.com\/fi\/wp-json\/wp\/v2\/tags?post=67563"}],"curies":[{"name":"wp","href":"https:\/\/api.w.org\/{rel}","templated":true}]}}