{"id":67565,"date":"2025-10-20T18:48:10","date_gmt":"2025-10-20T18:48:10","guid":{"rendered":"https:\/\/www.europesays.com\/fi\/67565\/"},"modified":"2025-10-20T18:48:10","modified_gmt":"2025-10-20T18:48:10","slug":"yhdysvaltojen-neuvottelijat-ja-varapresidentti-vance-israeliin-vahvistamaan-gazan-aselepoa","status":"publish","type":"post","link":"https:\/\/www.europesays.com\/fi\/67565\/","title":{"rendered":"Yhdysvaltojen neuvottelijat ja varapresidentti Vance Israeliin vahvistamaan Gazan aselepoa"},"content":{"rendered":"<p>Israelin p\u00e4\u00e4ministerin Benjamin Netanjahun mukaan Israelin asevoimat vastasi Hamasin v\u00e4itettyyn aseleposopimuksen rikkomiseen kylv\u00e4m\u00e4ll\u00e4 Gazaan 153 tonnia pommeja.<\/p>\n<p class=\"article-body mb-nof-24 px-nof-16\">Yhdysvaltain L\u00e4hi-id\u00e4n-erityisl\u00e4hettil\u00e4s <a class=\"article-personlink\" href=\"https:\/\/www.satakunnankansa.fi\/haku\/?query=Steve%20Witkoff\" rel=\"nofollow noopener\" target=\"_blank\">Steve Witkoff<\/a> ja presidentti <a class=\"article-personlink\" href=\"https:\/\/www.satakunnankansa.fi\/haku\/?query=Donald%20Trumpin\" rel=\"nofollow noopener\" target=\"_blank\">Donald Trumpin<\/a> v\u00e4vy, neuvonantaja <a class=\"article-personlink\" href=\"https:\/\/www.satakunnankansa.fi\/haku\/?query=Jared%20Kushner\" rel=\"nofollow noopener\" target=\"_blank\">Jared Kushner<\/a> paikkailivat maanantaina Gazan repeilem\u00e4\u00e4n pyrkiv\u00e4\u00e4 aselepoa tapaamalla Israelin p\u00e4\u00e4ministerin <a class=\"article-personlink\" href=\"https:\/\/www.satakunnankansa.fi\/haku\/?query=Benjamin%20Netanjahun\" rel=\"nofollow noopener\" target=\"_blank\">Benjamin Netanjahun<\/a> Israelissa.<\/p>\n<p class=\"article-body mb-nof-24 px-nof-16\">P\u00e4\u00e4ministerin kanslian mukaan kolmikko keskusteli \u201dajankohtaisista aiheista ja aselevon tilanteesta\u201d.<\/p>\n<p class=\"article-body mb-nof-24 px-nof-16\">Tiistaina Witkoffin ja Kushnerin tueksi oli m\u00e4\u00e4r\u00e4 saapua viel\u00e4 Yhdysvaltojen varapresidentin <a class=\"article-personlink\" href=\"https:\/\/www.satakunnankansa.fi\/haku\/?query=J.%20D.%20Vancen\" rel=\"nofollow noopener\" target=\"_blank\">J. D. Vancen<\/a>, joka h\u00e4nkin tapaa Netanjahun.<\/p>\n<p class=\"article-body mb-nof-24 px-nof-16\">\u201dKeskustelemme kahdesta asiasta: kohtaamistamme turvallisuushaasteista ja edess\u00e4mme olevista diplomaattisista mahdollisuuksista\u201d, Netanjahu kertoi Israelin parlamentissa.<\/p>\n<p class=\"article-body mb-nof-24 px-nof-16\">Israel teki iskuja Gazaan sunnuntaina sen j\u00e4lkeen, kun se oli syytt\u00e4nyt \u00e4\u00e4rij\u00e4rjest\u00f6 Hamasia aseleposopimuksen rikkomisesta. Gazan v\u00e4est\u00f6nsuojeluviraston mukaan Israelin ilmaiskuissa kuoli sunnuntaina l\u00e4hes 50 ihmist\u00e4 eri puolilla Gazan kaistaa.<\/p>\n<p class=\"article-body mb-nof-24 px-nof-16\">Trump sanoi iskujen j\u00e4lkeen, ett\u00e4 aselepo on edelleen voimassa. My\u00f6s Israelin asevoimat sanoi sunnuntaina jatkavansa aseleposopimuksen t\u00e4yt\u00e4nt\u00f6\u00f6npanoa.<\/p>\n<p class=\"article-body mb-nof-24 px-nof-16\">Netanjahu kertoi parlamentissa Israelin joukkojen kylv\u00e4neen 153 tonnia pommeja Gazaan vastaukseksi \u00e4\u00e4rij\u00e4rjest\u00f6 Hamasin iskusta, jossa kuoli kaksi israelilaissotilasta. Hamas kiisti tehneens\u00e4 iskun.<\/p>\n<p>Israel avasi rajanylityspaikan<\/p>\n<p class=\"article-body mb-nof-24 px-nof-16\">Israelin asevoimat kertoi maanantaina avaavansa Kerem Shalomin rajanylityspaikan uudelleen avustuskuljetuksia varten. Sen sijaan Rafahin rajanylityspaikka pysyy toistaiseksi suljettuna.<\/p>\n<p class=\"article-body mb-nof-24 px-nof-16\">Hamasin oli niin ik\u00e4\u00e4n m\u00e4\u00e4r\u00e4 maanantaina luovuttaa Israelille yhden israelilaispanttivangin j\u00e4\u00e4nn\u00f6kset.<\/p>\n<p class=\"article-body mb-nof-24 px-nof-16\">Hamasin delegaation sek\u00e4 Egyptin ja Qatarin viranomaisten oli tarkoitus tavata maanantaina Kairossa ja keskustella Gazan aselevon jatkosta, kertoi uutistoimisto <a class=\"article-genericlink\" href=\"https:\/\/www.reuters.com\/world\/middle-east\/mediators-step-up-diplomacy-after-gaza-truce-shaken-2025-10-20\/\" rel=\"nofollow noopener\" target=\"_blank\">Reuters<\/a>.<\/p>\n<p class=\"article-body mb-nof-24 px-nof-16\">Aseleposopimuksen ensimm\u00e4inen vaihe astui voimaan reilu viikko sitten. Israel ja Hamas ovat syytt\u00e4neet toisiaan sopimuksen rikkomisesta.<\/p>\n","protected":false},"excerpt":{"rendered":"Israelin p\u00e4\u00e4ministerin Benjamin Netanjahun mukaan Israelin asevoimat vastasi Hamasin v\u00e4itettyyn aseleposopimuksen rikkomiseen kylv\u00e4m\u00e4ll\u00e4 Gazaan 153 tonnia pommeja. Yhdysvaltain&hellip;\n","protected":false},"author":2,"featured_media":67566,"comment_status":"","ping_status":"","sticky":false,"template":"","format":"standard","meta":{"footnotes":""},"categories":[14],"tags":[22,23,26,27,33,31,30,17,24,25,28,29,15,18,21,80,32,19,20,56,16,59,60,61],"class_list":{"0":"post-67565","1":"post","2":"type-post","3":"status-publish","4":"format-standard","5":"has-post-thumbnail","7":"category-ulkomaat","8":"tag-breaking-news","9":"tag-breakingnews","10":"tag-featured-news","11":"tag-featurednews","12":"tag-fi","13":"tag-finland","14":"tag-finnish","15":"tag-headlines","16":"tag-latest-news","17":"tag-latestnews","18":"tag-main-news","19":"tag-mainnews","20":"tag-news","21":"tag-otsikot","22":"tag-paauutiset","23":"tag-satakunnan-kansa","24":"tag-suomi","25":"tag-top-stories","26":"tag-topstories","27":"tag-ulkomaat","28":"tag-uutiset","29":"tag-world","30":"tag-world-news","31":"tag-worldnews"},"share_on_mastodon":{"url":"","error":""},"_links":{"self":[{"href":"https:\/\/www.europesays.com\/fi\/wp-json\/wp\/v2\/posts\/67565","targetHints":{"allow":["GET"]}}],"collection":[{"href":"https:\/\/www.europesays.com\/fi\/wp-json\/wp\/v2\/posts"}],"about":[{"href":"https:\/\/www.europesays.com\/fi\/wp-json\/wp\/v2\/types\/post"}],"author":[{"embeddable":true,"href":"https:\/\/www.europesays.com\/fi\/wp-json\/wp\/v2\/users\/2"}],"replies":[{"embeddable":true,"href":"https:\/\/www.europesays.com\/fi\/wp-json\/wp\/v2\/comments?post=67565"}],"version-history":[{"count":0,"href":"https:\/\/www.europesays.com\/fi\/wp-json\/wp\/v2\/posts\/67565\/revisions"}],"wp:featuredmedia":[{"embeddable":true,"href":"https:\/\/www.europesays.com\/fi\/wp-json\/wp\/v2\/media\/67566"}],"wp:attachment":[{"href":"https:\/\/www.europesays.com\/fi\/wp-json\/wp\/v2\/media?parent=67565"}],"wp:term":[{"taxonomy":"category","embeddable":true,"href":"https:\/\/www.europesays.com\/fi\/wp-json\/wp\/v2\/categories?post=67565"},{"taxonomy":"post_tag","embeddable":true,"href":"https:\/\/www.europesays.com\/fi\/wp-json\/wp\/v2\/tags?post=67565"}],"curies":[{"name":"wp","href":"https:\/\/api.w.org\/{rel}","templated":true}]}}