{"id":67578,"date":"2025-10-20T19:14:18","date_gmt":"2025-10-20T19:14:18","guid":{"rendered":"https:\/\/www.europesays.com\/fi\/67578\/"},"modified":"2025-10-20T19:14:18","modified_gmt":"2025-10-20T19:14:18","slug":"kansanedustaja-vaatii-pakottava-kontrolli-kriminalisoitava","status":"publish","type":"post","link":"https:\/\/www.europesays.com\/fi\/67578\/","title":{"rendered":"Kansanedustaja vaatii: Pakottava kontrolli kriminalisoitava"},"content":{"rendered":"<p>Vihreiden kansanedustaja Inka Hopsu j\u00e4tt\u00e4\u00e4 lakialoitteen pakottavan kontrollin kriminalisoinnista. <\/p>\n<p><img decoding=\"async\" class=\"image image-show image-preview\" src=\"https:\/\/www.europesays.com\/fi\/wp-content\/uploads\/2025\/10\/130b74aa05d18fb2ae2adf8acfaaee433143341e23b269117e5b1dc29eee2b01.jpg\" alt=\"\"\/><img decoding=\"async\" class=\"image image-show\" src=\"https:\/\/www.europesays.com\/fi\/wp-content\/uploads\/2025\/10\/1760987657_272_130b74aa05d18fb2ae2adf8acfaaee433143341e23b269117e5b1dc29eee2b01.jpg\" alt=\"\"\/><\/p>\n<p>Vihreiden kansanedustaja Inka Hopsu vaatii pakottavaa kontrollia eli toisen ihmisen j\u00e4rjestelm\u00e4llist\u00e4 hallintaa, erist\u00e4mist\u00e4, pelottelua ja valvontaa, kriminalisoitavaksi. Satu Mali<\/p>\n<p class=\"paragraph\">Kansanedustaja Hopsun mukaan pakottava kontrolli on Suomessa huonommin tunnistettu l\u00e4hisuhdev\u00e4kivallan muoto, jossa uhria alistetaan j\u00e4rjestelm\u00e4llisesti.<\/p>\n<p class=\"paragraph\">\u2013\u2009On selv\u00e4\u00e4, ett\u00e4 pakottava kontrolli eli toisen ihmisen j\u00e4rjestelm\u00e4llinen hallinta, erist\u00e4minen, pelottelu ja valvonta, on vakava henkisen v\u00e4kivallan muoto. Suomessa pakottavaa kontrollia ei ole erikseen kriminalisoitu, mik\u00e4 j\u00e4tt\u00e4\u00e4 monia uhreja ilman suojaa, apua ja oikeutta. Pakottavaa kontrollia ilmenee esimerkiksi avioliitoissa, ik\u00e4\u00e4ntyneiden vanhempien ja lasten suhteissa, tiiviiss\u00e4 yhteis\u00f6iss\u00e4, laitoksissa ja ihmiskaupassa, Hopsu toteaa.<\/p>\n<p class=\"paragraph\">Hopsun mukaan yhdenvertaisuusvaltuutettu sek\u00e4 monet j\u00e4rjest\u00f6t, kuten Monika-naisten liitto, Amnesty International ja Ihmisoikeusliitto ovat per\u00e4\u00e4nkuuluttaneet t\u00e4t\u00e4 lakimuutosta.<\/p>\n<p class=\"paragraph\">\u2013\u2009Oikeusministeri\u00f6 on selvityksess\u00e4\u00e4n todennut, ett\u00e4 on syyt\u00e4 s\u00e4\u00e4t\u00e4\u00e4 erillinen pakottavan kontrollin rikostunnusmerkist\u00f6, jotta henkisest\u00e4 v\u00e4kivallasta voidaan rangaista. Kriminalisoinnin tarvetta on luvattu selvitt\u00e4\u00e4 my\u00f6s hallitusohjelmassa. On meid\u00e4n p\u00e4\u00e4tt\u00e4jien teht\u00e4v\u00e4 korjata t\u00e4m\u00e4 puute lains\u00e4\u00e4d\u00e4nn\u00f6ss\u00e4 nyt, Hopsu toteaa.<\/p>\n<p class=\"paragraph\">Hopsun mukaan useissa maissa kuten Isossa-Britanniassa, Irlannissa ja Skotlannissa sek\u00e4 osassa Australian osavaltioista pakottava kontrolli on jo kirjattu rikoslakiin. Kansanedustajan mukaan my\u00f6s kansainv\u00e4liset sopimukset, kuten Istanbulin sopimus, velvoittavat valtioita torjumaan henkist\u00e4 ja rakenteellista v\u00e4kivaltaa.<\/p>\n<p class=\"paragraph\">\u2013\u2009Pakottava kontrolli voi ilmet\u00e4 esimerkiksi yksityisyyden rajoittamisena, liikkumisen ja yhteydenpidon est\u00e4misen\u00e4, taloudellisena vallank\u00e4ytt\u00f6n\u00e4, pukeutumisen kontrolloimisena tai jatkuvana uhkailuna ja tarkkailuna. Oleellista on varmistaa itsem\u00e4\u00e4r\u00e4\u00e4misoikeuden toteutuminen ja antaa siihen riitt\u00e4v\u00e4 lains\u00e4\u00e4d\u00e4nn\u00f6n turva, Hopsu toteaa.<\/p>\n","protected":false},"excerpt":{"rendered":"Vihreiden kansanedustaja Inka Hopsu j\u00e4tt\u00e4\u00e4 lakialoitteen pakottavan kontrollin kriminalisoinnista. Vihreiden kansanedustaja Inka Hopsu vaatii pakottavaa kontrollia eli toisen&hellip;\n","protected":false},"author":2,"featured_media":67579,"comment_status":"","ping_status":"","sticky":false,"template":"","format":"standard","meta":{"footnotes":""},"categories":[14],"tags":[35,22,23,26,27,33,31,30,17,53,99,24,25,28,29,15,18,21,98,637,103,32,19,20,56,16,59,60,61],"class_list":{"0":"post-67578","1":"post","2":"type-post","3":"status-publish","4":"format-standard","5":"has-post-thumbnail","7":"category-ulkomaat","8":"tag-24h","9":"tag-breaking-news","10":"tag-breakingnews","11":"tag-featured-news","12":"tag-featurednews","13":"tag-fi","14":"tag-finland","15":"tag-finnish","16":"tag-headlines","17":"tag-laki-oikeus-ja-rikos","18":"tag-lapset","19":"tag-latest-news","20":"tag-latestnews","21":"tag-main-news","22":"tag-mainnews","23":"tag-news","24":"tag-otsikot","25":"tag-paauutiset","26":"tag-perhe","27":"tag-politiikka","28":"tag-sosiaalikysymykset","29":"tag-suomi","30":"tag-top-stories","31":"tag-topstories","32":"tag-ulkomaat","33":"tag-uutiset","34":"tag-world","35":"tag-world-news","36":"tag-worldnews"},"share_on_mastodon":{"url":"","error":""},"_links":{"self":[{"href":"https:\/\/www.europesays.com\/fi\/wp-json\/wp\/v2\/posts\/67578","targetHints":{"allow":["GET"]}}],"collection":[{"href":"https:\/\/www.europesays.com\/fi\/wp-json\/wp\/v2\/posts"}],"about":[{"href":"https:\/\/www.europesays.com\/fi\/wp-json\/wp\/v2\/types\/post"}],"author":[{"embeddable":true,"href":"https:\/\/www.europesays.com\/fi\/wp-json\/wp\/v2\/users\/2"}],"replies":[{"embeddable":true,"href":"https:\/\/www.europesays.com\/fi\/wp-json\/wp\/v2\/comments?post=67578"}],"version-history":[{"count":0,"href":"https:\/\/www.europesays.com\/fi\/wp-json\/wp\/v2\/posts\/67578\/revisions"}],"wp:featuredmedia":[{"embeddable":true,"href":"https:\/\/www.europesays.com\/fi\/wp-json\/wp\/v2\/media\/67579"}],"wp:attachment":[{"href":"https:\/\/www.europesays.com\/fi\/wp-json\/wp\/v2\/media?parent=67578"}],"wp:term":[{"taxonomy":"category","embeddable":true,"href":"https:\/\/www.europesays.com\/fi\/wp-json\/wp\/v2\/categories?post=67578"},{"taxonomy":"post_tag","embeddable":true,"href":"https:\/\/www.europesays.com\/fi\/wp-json\/wp\/v2\/tags?post=67578"}],"curies":[{"name":"wp","href":"https:\/\/api.w.org\/{rel}","templated":true}]}}