{"id":67580,"date":"2025-10-20T19:15:13","date_gmt":"2025-10-20T19:15:13","guid":{"rendered":"https:\/\/www.europesays.com\/fi\/67580\/"},"modified":"2025-10-20T19:15:13","modified_gmt":"2025-10-20T19:15:13","slug":"saahan-muutos-jonka-meteorologi-tiivistaa-neljaan-kuvaavaan-sanaan","status":"publish","type":"post","link":"https:\/\/www.europesays.com\/fi\/67580\/","title":{"rendered":"S\u00e4\u00e4h\u00e4n muutos, jonka meteorologi tiivist\u00e4\u00e4 nelj\u00e4\u00e4n kuvaavaan sanaan"},"content":{"rendered":"<p>Aurinko voi pilkahdella viel\u00e4 alkuviikosta, mutta viikon puoliv\u00e4lin j\u00e4lkeen luvassa on harmautta ja sateita. <\/p>\n<p><img decoding=\"async\" class=\"image image-show image-preview\" src=\"https:\/\/www.europesays.com\/fi\/wp-content\/uploads\/2025\/10\/88ff3b64d380253eb900d3655a4510af68a8df32d6be827d9ee47ef9dab10556.jpg\" alt=\"\"\/><img decoding=\"async\" class=\"image image-show\" src=\"https:\/\/www.europesays.com\/fi\/wp-content\/uploads\/2025\/10\/1760987711_210_88ff3b64d380253eb900d3655a4510af68a8df32d6be827d9ee47ef9dab10556.jpg\" alt=\"\"\/><\/p>\n<p>Lumesta ei t\u00e4ll\u00e4 viikolla kannata haaveilla v\u00e4ltt\u00e4m\u00e4tt\u00e4 edes Lapissa.  Mika Rinne<\/p>\n<p class=\"paragraph\">Syksyinen harmaus hiipii t\u00e4ll\u00e4 viikolla koko maahan. Aurinko n\u00e4ytt\u00e4ytyy viel\u00e4 alkuviikosta monin paikoin, mutta viikon puoliv\u00e4liss\u00e4 auringonpilkahdukset v\u00e4istyv\u00e4t pilvisyyden ja sateisuuden tielt\u00e4.<\/p>\n<p class=\"paragraph\">\u2013 Etel\u00e4tuuli alkaa puhaltaa, ja sit\u00e4 my\u00f6ten Suomeen virtaa selv\u00e4sti aiempaa l\u00e4mpim\u00e4mp\u00e4\u00e4 ilmaa, Forecan p\u00e4ivyst\u00e4v\u00e4 meteorologi <strong>Anna Latvala<\/strong> kertoo Iltalehdelle.<\/p>\n<p class=\"paragraph\">\u2013 S\u00e4\u00e4 muuttuu oikein tyypillisen syksyisen harmaaksi, Latvala tiivist\u00e4\u00e4.<\/p>\n<p>Plussan puolelle koko maassa<\/p>\n<p class=\"paragraph\">Maanantain ja tiistain v\u00e4lisen\u00e4 y\u00f6n\u00e4 etel\u00e4ss\u00e4 on viel\u00e4 paikoin pakkasta. Lapissa etenkin K\u00e4sivarren seudulla jopa yli 10 asteen pakkaset ovat mahdollisia, kertoo <a href=\"https:\/\/www.foreca.fi\/meteorologilta\/e4grdz10\" target=\"_blank\" rel=\"noopener nofollow\">Forecan tuore s\u00e4\u00e4blogi<\/a>.<\/p>\n<p class=\"paragraph\">Etel\u00e4- ja Keski-Suomessa on tiistain aikana poutaista ja monin paikoin my\u00f6s aurinkoista. Pilvisyys on runsaampaa pohjoisessa, jossa vesi- ja lumisateet yleistyv\u00e4t lounaasta alkaen.<\/p>\n<p class=\"paragraph\">L\u00e4mp\u00f6tila kohoaa tiistaina maan etel\u00e4- ja keskiosassa p\u00e4iv\u00e4ll\u00e4 5\u20139 asteeseen. Keski- ja Pohjois-Lapissa on puolestaan p\u00e4iv\u00e4ll\u00e4 yhdest\u00e4 viiteen astetta pakkasta. Etel\u00e4-Lapissa ja Koillismaalla l\u00e4mp\u00f6tila on p\u00e4iv\u00e4ll\u00e4 0\u20136 astetta plussan puolella.<\/p>\n<p class=\"paragraph\">\u2013 Keskiviikon aikana l\u00e4mp\u00f6tila kohoaa ihan pohjoisinta Lappia my\u00f6ten plussan puolelle, ja samalla y\u00f6t muuttuvat l\u00e4mpim\u00e4mmiksi, Latvala sanoo.<\/p>\n<p class=\"paragraph\">Pilvisyys ja sateet levi\u00e4v\u00e4t koko maahan viikon puoliv\u00e4liss\u00e4 ja s\u00e4\u00e4 jatkuu samanlaisena t\u00e4m\u00e4n hetken ennusteiden mukaan aina viikonloppuun saakka.<\/p>\n<p class=\"paragraph\">L\u00e4mp\u00f6tila on torstaista alkaen suuressa osassa maata ymp\u00e4ri vuorokauden plussan puolelle, mutta pakkaset saattavat palata Keski- ja Pohjois-Lappiin viikonloppuna.<\/p>\n<p>Lumelle kyyti\u00e4<\/p>\n<p class=\"paragraph\">Ensilumi satoi <a href=\"https:\/\/www.iltalehti.fi\/kotimaa\/e517a841-5257-4806-8ecb-210b7afdde86\" rel=\"nofollow noopener\" target=\"_blank\">vihdoin viime torstaina<\/a> Kilpisj\u00e4rvelle. Anna Latvala kertoo, ett\u00e4 sateet ovat viikonlopun aikana tulleet Lapissa osittain alas lumena ja t\u00e4ll\u00e4 hetkell\u00e4 pieni\u00e4 lumim\u00e4\u00e4ri\u00e4 on etenkin Pohjois-Lapissa.<\/p>\n<p class=\"paragraph\">Lunta on pohjoiseen luvassa lis\u00e4\u00e4 tiistain ja keskiviikon aikana, mutta per\u00e4ss\u00e4 tuleva saderintama todenn\u00e4k\u00f6isesti vie maahan j\u00e4\u00e4neen lumen tiehens\u00e4.<\/p>\n<p class=\"paragraph\">\u2013 Eip\u00e4 t\u00e4st\u00e4 uudesta lumisateesta paljon j\u00e4\u00e4 maahan, Latvala arvelee.<\/p>\n<p class=\"paragraph\">Latvalan mukaan kuluvan viikon aikana tapahtuu paljon muutoksia varsinkin Lapin s\u00e4\u00e4ss\u00e4.<\/p>\n<p class=\"paragraph\">\u2013 Maan etel\u00e4- ja keskiosassa on paljon tasaisempaa.<\/p>\n<p><a href=\"https:\/\/www.iltalehti.fi\/parassaa?storeCampaign=ArticleBottomBanner\" rel=\"nofollow noopener\" target=\"_blank\"><img decoding=\"async\" src=\"https:\/\/www.europesays.com\/fi\/wp-content\/uploads\/2025\/08\/d0fd7860228df4fdd5fd0367e49d769aa09b08189080ddc5ccdd8c31ad63aca9.png\" alt=\"IL Paras S\u00e4\u00e4 - S\u00e4\u00e4tiedot ja s\u00e4\u00e4ennusteet\"\/><\/a><\/p>\n","protected":false},"excerpt":{"rendered":"Aurinko voi pilkahdella viel\u00e4 alkuviikosta, mutta viikon puoliv\u00e4lin j\u00e4lkeen luvassa on harmautta ja sateita. Lumesta ei t\u00e4ll\u00e4 viikolla&hellip;\n","protected":false},"author":2,"featured_media":67581,"comment_status":"","ping_status":"","sticky":false,"template":"","format":"standard","meta":{"footnotes":""},"categories":[12],"tags":[35,22,23,26,27,33,31,30,17,713,24,25,28,29,715,15,18,21,710,714,32,4107,19,20,16],"class_list":{"0":"post-67580","1":"post","2":"type-post","3":"status-publish","4":"format-standard","5":"has-post-thumbnail","7":"category-suomi","8":"tag-24h","9":"tag-breaking-news","10":"tag-breakingnews","11":"tag-featured-news","12":"tag-featurednews","13":"tag-fi","14":"tag-finland","15":"tag-finnish","16":"tag-headlines","17":"tag-lampotila-saa","18":"tag-latest-news","19":"tag-latestnews","20":"tag-main-news","21":"tag-mainnews","22":"tag-meteorologia","23":"tag-news","24":"tag-otsikot","25":"tag-paauutiset","26":"tag-saa","27":"tag-saaennustus","28":"tag-suomi","29":"tag-tiedotukset-saa","30":"tag-top-stories","31":"tag-topstories","32":"tag-uutiset"},"share_on_mastodon":{"url":"","error":""},"_links":{"self":[{"href":"https:\/\/www.europesays.com\/fi\/wp-json\/wp\/v2\/posts\/67580","targetHints":{"allow":["GET"]}}],"collection":[{"href":"https:\/\/www.europesays.com\/fi\/wp-json\/wp\/v2\/posts"}],"about":[{"href":"https:\/\/www.europesays.com\/fi\/wp-json\/wp\/v2\/types\/post"}],"author":[{"embeddable":true,"href":"https:\/\/www.europesays.com\/fi\/wp-json\/wp\/v2\/users\/2"}],"replies":[{"embeddable":true,"href":"https:\/\/www.europesays.com\/fi\/wp-json\/wp\/v2\/comments?post=67580"}],"version-history":[{"count":0,"href":"https:\/\/www.europesays.com\/fi\/wp-json\/wp\/v2\/posts\/67580\/revisions"}],"wp:featuredmedia":[{"embeddable":true,"href":"https:\/\/www.europesays.com\/fi\/wp-json\/wp\/v2\/media\/67581"}],"wp:attachment":[{"href":"https:\/\/www.europesays.com\/fi\/wp-json\/wp\/v2\/media?parent=67580"}],"wp:term":[{"taxonomy":"category","embeddable":true,"href":"https:\/\/www.europesays.com\/fi\/wp-json\/wp\/v2\/categories?post=67580"},{"taxonomy":"post_tag","embeddable":true,"href":"https:\/\/www.europesays.com\/fi\/wp-json\/wp\/v2\/tags?post=67580"}],"curies":[{"name":"wp","href":"https:\/\/api.w.org\/{rel}","templated":true}]}}