{"id":67615,"date":"2025-10-20T20:20:10","date_gmt":"2025-10-20T20:20:10","guid":{"rendered":"https:\/\/www.europesays.com\/fi\/67615\/"},"modified":"2025-10-20T20:20:10","modified_gmt":"2025-10-20T20:20:10","slug":"yllatysluovutus-the-box-suomessa-kilpailija-kertoo-iltalehdelle-paatoksensa-taustat","status":"publish","type":"post","link":"https:\/\/www.europesays.com\/fi\/67615\/","title":{"rendered":"Yll\u00e4tysluovutus The Box Suomessa \u2013 Kilpailija kertoo Iltalehdelle p\u00e4\u00e4t\u00f6ksens\u00e4 taustat"},"content":{"rendered":"<p>Yksi kilpailija j\u00e4tt\u00e4\u00e4 pelin kesken The Box Suomessa. JUTTU SIS\u00c4LT\u00c4\u00c4 PALJASTUKSIA.<\/p>\n<p><img decoding=\"async\" class=\"image image-show image-preview\" src=\"https:\/\/www.europesays.com\/fi\/wp-content\/uploads\/2025\/10\/d68204d5226c756b0b770c7d075ef43104c6467ea09d32daaadd974e2977738f.jpg\" alt=\"\"\/><img decoding=\"async\" class=\"image image-show\" src=\"https:\/\/www.europesays.com\/fi\/wp-content\/uploads\/2025\/10\/1760991610_271_d68204d5226c756b0b770c7d075ef43104c6467ea09d32daaadd974e2977738f.jpg\" alt=\"\"\/><\/p>\n<p>Pudotusuhan alla maanantain jaksossa olivat Fathi Ahmed ja Karita Tykk\u00e4. Saku Tiainen, Nelonen<\/p>\n<p class=\"paragraph\">The Box Suomi -ohjelmassa n\u00e4hd\u00e4\u00e4n t\u00e4n\u00e4\u00e4n poikkeuksellinen pudotus.<\/p>\n<p class=\"paragraph\">Pudotusteht\u00e4v\u00e4ss\u00e4 toisensa kohtasivat <strong>Karita Tykk\u00e4<\/strong> ja <strong>Janne Gr\u00f6nroos<\/strong>. Janne voitti teht\u00e4v\u00e4n, ja juontaja <strong>Janni Hussi<\/strong> oli l\u00e4hett\u00e4m\u00e4ss\u00e4 Karitaa kotiin.<\/p>\n<p class=\"paragraph\">Yll\u00e4tt\u00e4en <a href=\"https:\/\/www.iltalehti.fi\/henkilot\/Eevi Teittinen\" class=\"article-link-person-page\" rel=\"nofollow noopener\" target=\"_blank\">Eevi Teittinen<\/a> nosti k\u00e4tens\u00e4 pystyyn ja keskeytti Hussin puheenvuoron.<\/p>\n<p class=\"paragraph\">\u2013 Haluaisin antaa paikkani Karita sulle, Teittinen sanoi.<\/p>\n<p class=\"paragraph\">Muut kilpailijat katsoivat tilannetta sivusta h\u00e4mill\u00e4\u00e4n.<\/p>\n<p class=\"paragraph\">\u2013 Oli tosi yll\u00e4tt\u00e4v\u00e4 tilanne. Olimme v\u00e4h\u00e4n j\u00e4rkyttyneit\u00e4, ett\u00e4 mit\u00e4 t\u00e4\u00e4ll\u00e4 tapahtuu, <strong>Sauli Koskinen<\/strong> kuvaili tuntojaan kameralle.<\/p>\n<p class=\"paragraph\">My\u00f6s Teittinen avasi tilannetta kameralle.<\/p>\n<p class=\"paragraph\">\u2013 Olin tehnyt sen p\u00e4\u00e4t\u00f6ksen, ett\u00e4 l\u00e4hden t\u00e4n\u00e4\u00e4n kotiin henkil\u00f6kohtaisista syist\u00e4. Tulin siihen tulokseen, ett\u00e4 mun paikkani on t\u00e4ll\u00e4 hetkell\u00e4 jossain muualla kuin t\u00e4ss\u00e4 kilpailussa.<\/p>\n<p>Eevi Teittinen kertoo Iltalehdelle p\u00e4\u00e4t\u00f6ksens\u00e4 taustat. Saku Tiainen, Nelonen<\/p>\n<p>T\u00e4st\u00e4 oli kyse<\/p>\n<p class=\"paragraph\">Iltalehti tavoitti Eevi Teittisen kommentoimaan tarkemmin p\u00e4\u00e4t\u00f6ksens\u00e4 taustoja. Personal trainer kertoi j\u00e4tt\u00e4neens\u00e4 kilpailun kesken yrityksens\u00e4 toimintaan liittyv\u00e4n \u201dep\u00e4selv\u00e4n kuvion\u201d vuoksi.<\/p>\n<p class=\"paragraph\">\u2013 Siin\u00e4 oli keissi p\u00e4\u00e4ll\u00e4 ja yritimme ratkoa sit\u00e4 samaan aikaan, kun olin kuvauksissa. Se oli kokonaisuudessaan mahdotonta, joten ei ollut oikein muuta vaihtoehtoa kuin l\u00e4hte\u00e4 kotiin, Teittinen kertoo Iltalehdelle.<\/p>\n<p class=\"paragraph\">Teittinen kertoo, ett\u00e4 oli ollut siin\u00e4 k\u00e4sityksess\u00e4, ett\u00e4 asia olisi saatu selvitetty\u00e4 ennen The Boxin kuvausten alkua. Kaarinassa asuva Teittinen joutui ohjelman kuvausten aikana viett\u00e4m\u00e4\u00e4n aina viikon kerrallaan Helsingiss\u00e4, mik\u00e4 vaikeutti ty\u00f6kuvioiden hoitamista.<\/p>\n<p class=\"paragraph\">\u2013 T\u00e4m\u00e4 oli iso ja painava asia, joka vaikutti kaikkeen keskittymisess\u00e4ni, Teittinen kertoo kilpailukokemuksestaan.<\/p>\n<p class=\"paragraph\">Teittinen my\u00f6nt\u00e4\u00e4, ett\u00e4 kilpailun keskeytt\u00e4minen harmitti h\u00e4nt\u00e4 todella paljon. Toisaalta 3-vuotiaan lapsen \u00e4idille teki hyv\u00e4\u00e4 my\u00f6s palata kotiin l\u00e4hes kahden viikon erossaolon j\u00e4lkeen.<\/p>\n<p>Eevi Teittinen j\u00e4tti pelin kesken. Saku Tiainen, Nelonen<\/p>\n<p class=\"paragraph\">Teittisen ilmoituksen my\u00f6t\u00e4 Karita Tykk\u00e4 sai jatkaa kilpailussa.<\/p>\n<p class=\"paragraph\">\u2013 En oikein tied\u00e4, mit\u00e4 ajatella. Olisin halunnut, ett\u00e4 Eevi olisi itse jatkanut. Toki jos se paikka mulle halutaan antaa. J\u00e4nnityksell\u00e4 j\u00e4\u00e4n odottamaan, ett\u00e4 mit\u00e4 tuleman pit\u00e4\u00e4, Tykk\u00e4 sanoi jaksossa.<\/p>\n<p class=\"paragraph\">Kilpailusta ovat aiemmin pudonneet sis\u00e4ll\u00f6ntuottaja <strong>Alharith \u201dAlha\u201d Obaid<\/strong>, juontaja <strong>Taru Valkeap\u00e4\u00e4<\/strong> ja yritt\u00e4j\u00e4 <strong>Bakari Diarra<\/strong>. 20 000 euron voittopotista kisaavat yh\u00e4 Tykk\u00e4, Koskinen, toimittaja <strong>Janne Gr\u00f6nroos<\/strong>, koomikko <strong>Fathi Ahmed<\/strong>, sis\u00e4ll\u00f6ntuottaja <strong>Juuso Karikuusi<\/strong>, entinen j\u00e4\u00e4kiekkoilija <strong>Marko Anttila<\/strong>, n\u00e4yttelij\u00e4 <strong>Amelie Blauberg<\/strong> ja toimittaja <strong>Ina Mikkola<\/strong>.<\/p>\n<p class=\"paragraph\">The Box Suomi maanantaisin Nelosella kello 20.00 &amp; Ruudussa. <a href=\"https:\/\/www.iltalehti.fi\/telkku\" rel=\"nofollow noopener\" target=\"_blank\">Katso kaikki TV-ohjelmat ja l\u00e4hetysajat Telkun TV-oppaasta<\/a>.<\/p>\n","protected":false},"excerpt":{"rendered":"Yksi kilpailija j\u00e4tt\u00e4\u00e4 pelin kesken The Box Suomessa. JUTTU SIS\u00c4LT\u00c4\u00c4 PALJASTUKSIA. Pudotusuhan alla maanantain jaksossa olivat Fathi Ahmed&hellip;\n","protected":false},"author":2,"featured_media":67616,"comment_status":"","ping_status":"","sticky":false,"template":"","format":"standard","meta":{"footnotes":""},"categories":[136],"tags":[35,153,407,137,33,31,30,408,979,1999,32,140,139,109],"class_list":{"0":"post-67615","1":"post","2":"type-post","3":"status-publish","4":"format-standard","5":"has-post-thumbnail","7":"category-julkkikset","8":"tag-24h","9":"tag-audiovisuaalinen-media","10":"tag-celebrities","11":"tag-entertainment","12":"tag-fi","13":"tag-finland","14":"tag-finnish","15":"tag-julkkikset","16":"tag-sahkoinen-media","17":"tag-suomalaiset-tv-ohjelmat","18":"tag-suomi","19":"tag-tv-ja-elokuvat","20":"tag-tv-ohjelmat","21":"tag-viihde"},"share_on_mastodon":{"url":"","error":""},"_links":{"self":[{"href":"https:\/\/www.europesays.com\/fi\/wp-json\/wp\/v2\/posts\/67615","targetHints":{"allow":["GET"]}}],"collection":[{"href":"https:\/\/www.europesays.com\/fi\/wp-json\/wp\/v2\/posts"}],"about":[{"href":"https:\/\/www.europesays.com\/fi\/wp-json\/wp\/v2\/types\/post"}],"author":[{"embeddable":true,"href":"https:\/\/www.europesays.com\/fi\/wp-json\/wp\/v2\/users\/2"}],"replies":[{"embeddable":true,"href":"https:\/\/www.europesays.com\/fi\/wp-json\/wp\/v2\/comments?post=67615"}],"version-history":[{"count":0,"href":"https:\/\/www.europesays.com\/fi\/wp-json\/wp\/v2\/posts\/67615\/revisions"}],"wp:featuredmedia":[{"embeddable":true,"href":"https:\/\/www.europesays.com\/fi\/wp-json\/wp\/v2\/media\/67616"}],"wp:attachment":[{"href":"https:\/\/www.europesays.com\/fi\/wp-json\/wp\/v2\/media?parent=67615"}],"wp:term":[{"taxonomy":"category","embeddable":true,"href":"https:\/\/www.europesays.com\/fi\/wp-json\/wp\/v2\/categories?post=67615"},{"taxonomy":"post_tag","embeddable":true,"href":"https:\/\/www.europesays.com\/fi\/wp-json\/wp\/v2\/tags?post=67615"}],"curies":[{"name":"wp","href":"https:\/\/api.w.org\/{rel}","templated":true}]}}