{"id":67687,"date":"2025-10-20T22:18:10","date_gmt":"2025-10-20T22:18:10","guid":{"rendered":"https:\/\/www.europesays.com\/fi\/67687\/"},"modified":"2025-10-20T22:18:10","modified_gmt":"2025-10-20T22:18:10","slug":"tunnetun-kasikirjoittajan-transvastaisina-pidetyt-kommentit-eivat-johtaneet-syytteisiin-uutissuomalainen","status":"publish","type":"post","link":"https:\/\/www.europesays.com\/fi\/67687\/","title":{"rendered":"Tunnetun k\u00e4sikirjoittajan transvastaisina pidetyt kommentit eiv\u00e4t johtaneet syytteisiin | Uutissuomalainen"},"content":{"rendered":"<p>Britannian viranomaiset ovat p\u00e4\u00e4tt\u00e4neet keskeytt\u00e4\u00e4 tutkinnan tunnetun irlantilaisen k\u00e4sikirjoittajan Graham Linehanin transvihamielisin\u00e4 pidetyist\u00e4 sosiaalisen median viesteist\u00e4.<\/p>\n<p>Syytt\u00e4jien mukaan tutkinta keskeytettiin, koska oli eritt\u00e4in todenn\u00e4k\u00f6ist\u00e4, ettei mahdollinen oikeusk\u00e4sittely johtaisi tuomioon.<\/p>\n<p>Lontoon poliisi kertoi maanantaisessa lausunnossaan my\u00f6s, ettei se tulevaisuudessa en\u00e4\u00e4 tutki t\u00e4m\u00e4ntyyppisi\u00e4 tapauksia. Poliisin lausunnon mukaan on kohtuutonta, ett\u00e4 virkavalta vedet\u00e4\u00e4n mukaan kulttuurisotiin.<\/p>\n<p>Linehan kirjoitti kommenteissaan muun muassa, ett\u00e4 transihmisen tulo naisille tarkoitettuun tilaan on v\u00e4kivaltainen teko, ja h\u00e4n yllytti t\u00e4llaisessa tilanteessa v\u00e4kivaltaan transihmist\u00e4 kohtaan. H\u00e4n my\u00f6s v\u00e4\u00e4rinsukupuolitti transnaiset miehiksi.<\/p>\n<p>Linehan otettiin kiinni kommenttien vuoksi Heathrow&#8217;n lentokent\u00e4ll\u00e4 syyskuun alussa.<\/p>\n<p>Linehan on k\u00e4sikirjoittanut muun muassa sarjat IT-porukka ja Is\u00e4 Ted, jotka on n\u00e4hty aikanaan my\u00f6s Suomessa.<\/p>\n","protected":false},"excerpt":{"rendered":"Britannian viranomaiset ovat p\u00e4\u00e4tt\u00e4neet keskeytt\u00e4\u00e4 tutkinnan tunnetun irlantilaisen k\u00e4sikirjoittajan Graham Linehanin transvihamielisin\u00e4 pidetyist\u00e4 sosiaalisen median viesteist\u00e4. Syytt\u00e4jien mukaan&hellip;\n","protected":false},"author":2,"featured_media":51862,"comment_status":"","ping_status":"","sticky":false,"template":"","format":"standard","meta":{"footnotes":""},"categories":[5],"tags":[22,23,26,27,33,31,30,17,53,24,25,3142,28,29,15,18,21,54,52,978,38,32,19,20,140,16],"class_list":{"0":"post-67687","1":"post","2":"type-post","3":"status-publish","4":"format-standard","5":"has-post-thumbnail","7":"category-otsikot","8":"tag-breaking-news","9":"tag-breakingnews","10":"tag-featured-news","11":"tag-featurednews","12":"tag-fi","13":"tag-finland","14":"tag-finnish","15":"tag-headlines","16":"tag-laki-oikeus-ja-rikos","17":"tag-latest-news","18":"tag-latestnews","19":"tag-lontoo","20":"tag-main-news","21":"tag-mainnews","22":"tag-news","23":"tag-otsikot","24":"tag-paauutiset","25":"tag-pelastuspalvelut","26":"tag-poliisi","27":"tag-rikoksen-teko","28":"tag-rikos","29":"tag-suomi","30":"tag-top-stories","31":"tag-topstories","32":"tag-tv-ja-elokuvat","33":"tag-uutiset"},"share_on_mastodon":{"url":"","error":""},"_links":{"self":[{"href":"https:\/\/www.europesays.com\/fi\/wp-json\/wp\/v2\/posts\/67687","targetHints":{"allow":["GET"]}}],"collection":[{"href":"https:\/\/www.europesays.com\/fi\/wp-json\/wp\/v2\/posts"}],"about":[{"href":"https:\/\/www.europesays.com\/fi\/wp-json\/wp\/v2\/types\/post"}],"author":[{"embeddable":true,"href":"https:\/\/www.europesays.com\/fi\/wp-json\/wp\/v2\/users\/2"}],"replies":[{"embeddable":true,"href":"https:\/\/www.europesays.com\/fi\/wp-json\/wp\/v2\/comments?post=67687"}],"version-history":[{"count":0,"href":"https:\/\/www.europesays.com\/fi\/wp-json\/wp\/v2\/posts\/67687\/revisions"}],"wp:featuredmedia":[{"embeddable":true,"href":"https:\/\/www.europesays.com\/fi\/wp-json\/wp\/v2\/media\/51862"}],"wp:attachment":[{"href":"https:\/\/www.europesays.com\/fi\/wp-json\/wp\/v2\/media?parent=67687"}],"wp:term":[{"taxonomy":"category","embeddable":true,"href":"https:\/\/www.europesays.com\/fi\/wp-json\/wp\/v2\/categories?post=67687"},{"taxonomy":"post_tag","embeddable":true,"href":"https:\/\/www.europesays.com\/fi\/wp-json\/wp\/v2\/tags?post=67687"}],"curies":[{"name":"wp","href":"https:\/\/api.w.org\/{rel}","templated":true}]}}