{"id":67695,"date":"2025-10-20T22:43:09","date_gmt":"2025-10-20T22:43:09","guid":{"rendered":"https:\/\/www.europesays.com\/fi\/67695\/"},"modified":"2025-10-20T22:43:09","modified_gmt":"2025-10-20T22:43:09","slug":"auto-syttyi-palamaan-jyvaskylan-kuikantiella-keski-suomi","status":"publish","type":"post","link":"https:\/\/www.europesays.com\/fi\/67695\/","title":{"rendered":"Auto syttyi palamaan Jyv\u00e4skyl\u00e4n Kuikantiell\u00e4 | Keski-Suomi"},"content":{"rendered":"<p>Dieselk\u00e4ytt\u00f6inen henkil\u00f6auto syttyi palamaan ajon aikana maanantai-iltana Jyv\u00e4skyl\u00e4n Kuikantiell\u00e4 noin pari kilometri\u00e4 Nelostielt\u00e4 poisp\u00e4in. Auto tuhoutui palossa t\u00e4ysin. Tie on poikki sammutust\u00f6iden takia. Hieman ennen kello 23:a pelastuslaitokselta kerrottiin, ett\u00e4 autoa oltiin siirt\u00e4m\u00e4ss\u00e4 pienemm\u00e4lle tielle, ja arvion mukaan Kuikantie avattaisiin pian liikenteelle.<\/p>\n<p>Kyydiss\u00e4 oli ainoastaan kuljettaja, eik\u00e4 h\u00e4n loukkaantunut tilanteessa.<\/p>\n<p>Ilmoitus liikennev\u00e4linepalosta kirjattiin noin kello 21.45.<\/p>\n<p>Kartta n\u00e4ytt\u00e4\u00e4 Kuikantien sijainnin, mutta ei tarkkaa onnettomuuspaikkaa.<\/p>\n","protected":false},"excerpt":{"rendered":"Dieselk\u00e4ytt\u00f6inen henkil\u00f6auto syttyi palamaan ajon aikana maanantai-iltana Jyv\u00e4skyl\u00e4n Kuikantiell\u00e4 noin pari kilometri\u00e4 Nelostielt\u00e4 poisp\u00e4in. Auto tuhoutui palossa t\u00e4ysin.&hellip;\n","protected":false},"author":2,"featured_media":67696,"comment_status":"","ping_status":"","sticky":false,"template":"","format":"standard","meta":{"footnotes":""},"categories":[12],"tags":[648,22,23,26,27,33,31,30,17,425,2187,24,25,121,1048,28,29,82,15,18,21,32,128,19,20,16],"class_list":{"0":"post-67695","1":"post","2":"type-post","3":"status-publish","4":"format-standard","5":"has-post-thumbnail","7":"category-suomi","8":"tag-autot","9":"tag-breaking-news","10":"tag-breakingnews","11":"tag-featured-news","12":"tag-featurednews","13":"tag-fi","14":"tag-finland","15":"tag-finnish","16":"tag-headlines","17":"tag-jyvaskyla","18":"tag-kulkuneuvot","19":"tag-latest-news","20":"tag-latestnews","21":"tag-liikenne-ja-kuljetus","22":"tag-maakulkuneuvot","23":"tag-main-news","24":"tag-mainnews","25":"tag-moottoriajoneuvot","26":"tag-news","27":"tag-otsikot","28":"tag-paauutiset","29":"tag-suomi","30":"tag-tieliikenne","31":"tag-top-stories","32":"tag-topstories","33":"tag-uutiset"},"share_on_mastodon":{"url":"","error":""},"_links":{"self":[{"href":"https:\/\/www.europesays.com\/fi\/wp-json\/wp\/v2\/posts\/67695","targetHints":{"allow":["GET"]}}],"collection":[{"href":"https:\/\/www.europesays.com\/fi\/wp-json\/wp\/v2\/posts"}],"about":[{"href":"https:\/\/www.europesays.com\/fi\/wp-json\/wp\/v2\/types\/post"}],"author":[{"embeddable":true,"href":"https:\/\/www.europesays.com\/fi\/wp-json\/wp\/v2\/users\/2"}],"replies":[{"embeddable":true,"href":"https:\/\/www.europesays.com\/fi\/wp-json\/wp\/v2\/comments?post=67695"}],"version-history":[{"count":0,"href":"https:\/\/www.europesays.com\/fi\/wp-json\/wp\/v2\/posts\/67695\/revisions"}],"wp:featuredmedia":[{"embeddable":true,"href":"https:\/\/www.europesays.com\/fi\/wp-json\/wp\/v2\/media\/67696"}],"wp:attachment":[{"href":"https:\/\/www.europesays.com\/fi\/wp-json\/wp\/v2\/media?parent=67695"}],"wp:term":[{"taxonomy":"category","embeddable":true,"href":"https:\/\/www.europesays.com\/fi\/wp-json\/wp\/v2\/categories?post=67695"},{"taxonomy":"post_tag","embeddable":true,"href":"https:\/\/www.europesays.com\/fi\/wp-json\/wp\/v2\/tags?post=67695"}],"curies":[{"name":"wp","href":"https:\/\/api.w.org\/{rel}","templated":true}]}}