{"id":67721,"date":"2025-10-20T23:34:11","date_gmt":"2025-10-20T23:34:11","guid":{"rendered":"https:\/\/www.europesays.com\/fi\/67721\/"},"modified":"2025-10-20T23:34:11","modified_gmt":"2025-10-20T23:34:11","slug":"trumpin-mukaan-gazan-aseleposopimus-pitaa-israelin-iskuista-huolimatta-kairossa-pohditaan-gazan-tulevaisuutta-uutissuomalainen","status":"publish","type":"post","link":"https:\/\/www.europesays.com\/fi\/67721\/","title":{"rendered":"Trumpin mukaan Gazan aseleposopimus pit\u00e4\u00e4 Israelin iskuista huolimatta \u2013 Kairossa pohditaan Gazan tulevaisuutta | Uutissuomalainen"},"content":{"rendered":"<p>Yhdysvaltain presidentin Donald Trumpin mukaan aselepo Gazassa on edelleen voimassa Israelin tekemist\u00e4 iskuista huolimatta.<\/p>\n<p>Israel teki iskuja Gazaan sunnuntaina sen j\u00e4lkeen, kun se oli syytt\u00e4nyt \u00e4\u00e4rij\u00e4rjest\u00f6 Hamasia aseleposopimuksen rikkomisesta. Gazan v\u00e4est\u00f6nsuojeluviraston mukaan Israelin ilmaiskuissa kuoli sunnuntaina l\u00e4hes 50 ihmist\u00e4 eri puolilla Gazan kaistaa.<\/p>\n<p>Trump vastasi toimittajien kysymyksiin asiasta paikallista aikaa sunnuntaina. H\u00e4n antoi my\u00f6s ymm\u00e4rt\u00e4\u00e4, ettei Hamasin johto ollut osallisena v\u00e4itettyihin rikkomuksiin, vaan syytti niist\u00e4 &#8221;joitain kapinallisia alueella&#8221;.<\/p>\n<p>\u2013\u2009Haluamme varmistaa, ett\u00e4 asiat Hamasin kanssa sujuvat hyvin rauhallisesti. Ne hoidetaan tiukasti, mutta asianmukaisesti, Trump sanoi.<\/p>\n<p>Israelin asevoimat sanoi sunnuntaina jatkavansa aseleposopimuksen t\u00e4yt\u00e4nt\u00f6\u00f6npanoa Gazassa. My\u00f6s Hamas on sanonut olevansa sitoutunut aselepoon.<\/p>\n<p>\t\t\t\tEU j\u00e4tti Israel-sanktiot odottamaan<\/p>\n<p>EU-komission Israelille esitt\u00e4m\u00e4t sanktiot j\u00e4\u00e4v\u00e4t toistaiseksi odotustilaan.<\/p>\n<p>Syyn\u00e4 t\u00e4h\u00e4n on Gazaan sovittu tulitauko. EU haluaa nyt tarkastella tilanteen etenemist\u00e4 ja tarvittaessa ottaa sanktiot k\u00e4ytt\u00f6\u00f6n, jos tulitauko ei pid\u00e4 eik\u00e4 Israel p\u00e4\u00e4st\u00e4 apua Gazaan.<\/p>\n<p>\u2013\u2009Konteksti on muuttunut siit\u00e4, kun komissio antoi esityksens\u00e4. Emme etene nyt niiden (sanktioiden) kanssa, mutta emme ota niit\u00e4 my\u00f6sk\u00e4\u00e4n pois p\u00f6yd\u00e4lt\u00e4, sanoi EU:n ulkoasioiden ja turvallisuuspolitiikan korkea edustaja Kaja Kallas maanantaina.<\/p>\n<p>EU-komissio esitti syyskuussa Israelin ja EU:n v\u00e4lisen assosiaatiosopimuksen kaupank\u00e4ynti\u00e4 koskevien osioiden j\u00e4\u00e4dytt\u00e4mist\u00e4. Ne antavat Israelille etuja ja helpotuksia EU:n kanssa k\u00e4yt\u00e4v\u00e4\u00e4n kauppaan. Lis\u00e4ksi komissio halusi asettaa pakotteita israelilaisministereille, v\u00e4kivaltaisille siirtokuntalaisille ja j\u00e4\u00e4dytt\u00e4\u00e4 osittain Israelin osallistumisen EU:n merkitt\u00e4v\u00e4\u00e4n Horisontti Eurooppa -tutkimusohjelmaan.<\/p>\n<p>Jo ilman tulitaukoakin moni Israelia tukevista EU-maista ilmaisi varauksia Israelin sanktioinnista. N\u00e4ihin lukeutuvat muun muassa Saksa ja Unkari.<\/p>\n<p>Valtaosa j\u00e4senmaista kuitenkin haluaa, ett\u00e4 sanktiointimahdollisuus pidet\u00e4\u00e4n yh\u00e4 voimassa, jotta Israelia voidaan painostaa, ellei Israel p\u00e4\u00e4st\u00e4 humanitaarista apua Gazaan riitt\u00e4v\u00e4sti tai noudata tulitaukoa.<\/p>\n<p>\t\t\t\tIsrael avasi rajanylityspaikan<\/p>\n<p>Israelin asevoimien viranomainen kertoi maanantaina, ett\u00e4 Israel avaa Kerem Shalomin rajanylityspaikan uudelleen avustuskuljetuksia varten.<\/p>\n<p>Israel keskeytti avustusten p\u00e4\u00e4syn Gazaan sunnuntaina Hamasin v\u00e4itettyjen aseleporikkomusten vuoksi.<\/p>\n<p>P\u00e4\u00e4t\u00f6s rajanylityspaikan avaamisesta uudelleen tehtiin poliittisella tasolla. Avaamisen j\u00e4lkeen apua alkoi kulkea Gazaan &#8221;t\u00e4ysin allekirjoitetun sopimuksen mukaisesti&#8221;, asevoimien viranomainen sanoi. H\u00e4n lis\u00e4si, ett\u00e4 Rafahin rajanylityspaikka pysyy suljettuna, kunnes toisin kerrotaan.<\/p>\n<p>\t\t\t\tMediat: Hamasin delegaatio Kairossa<\/p>\n<p>Hamasin delegaation sek\u00e4 Egyptin ja Qatarin viranomaisten on tarkoitus tavata maanantaina Kairossa ja keskustella Gazan aselevon jatkosta. Hamas kertoi asiasta <a href=\"https:\/\/www.reuters.com\/world\/middle-east\/mediators-step-up-diplomacy-after-gaza-truce-shaken-2025-10-20\/\" rel=\"nofollow noopener\" target=\"_blank\">Reutersin<\/a> mukaan lausunnossaan.<\/p>\n<p>Neuvotteluja l\u00e4hell\u00e4 oleva l\u00e4hde taas kertoi uutistoimisto AFP:lle, ett\u00e4 Hamas k\u00e4y keskusteluja Israelin sunnuntaina tekemist\u00e4 ilmaiskuista.<\/p>\n<p>Hamasin delegaation on tarkoitus keskustella viranomaisten kanssa my\u00f6s palestiinalaisalueiden tulevaisuudesta. AFP:lle puhuneen l\u00e4hteen mukaan tarkoituksena on &#8221;yhdist\u00e4\u00e4 palestiinalaisia ryhmittymi\u00e4&#8221;.<\/p>\n<p>Egypti on is\u00e4nn\u00f6inyt useita palestiinalaisryhmittymien v\u00e4lisi\u00e4 tapaamisia, erityisesti kahden kilpailevan poliittisen liikkeen, Hamasin ja Fatahin v\u00e4lill\u00e4.<\/p>\n<p>\u2013\u2009Dialogi t\u00e4ht\u00e4\u00e4 palestiinalaisryhmittymien yhdist\u00e4miseen ja keskusteluun keskeisist\u00e4 kysymyksist\u00e4, kuten Gazan kaistan tulevaisuudesta ja riippumattoman asiantuntijakomitean perustamisesta, joka ottaa Gazan alueen hallinnon vastuulleen, l\u00e4hde sanoi.<\/p>\n<p>\t\t\t\tWitkoff ja Kushner tapasivat Netanjahun<\/p>\n<p>Yhdysvaltain L\u00e4hi-id\u00e4n-erityisl\u00e4hettil\u00e4s Steve Witkoff ja presidentti Donald Trumpin v\u00e4vy, neuvonantaja Jared Kushner ovat tavanneet Israelin p\u00e4\u00e4ministerin Benjamin Netanjahun, kertoo p\u00e4\u00e4ministerin kanslian edustaja.<\/p>\n<p>Witkoffin ja Kushnerin saapumisesta Israeliin kertoi aikaisemmin muun muassa Yhdysvaltain suurl\u00e4hetyst\u00f6. Kaksikon on m\u00e4\u00e4r\u00e4 valvoa Gazan aseleposopimuksen toteutumista.<\/p>\n<p>Kanslian mukaan my\u00f6s Yhdysvaltojen varapresidentin J. D. Vancen vaimoineen on m\u00e4\u00e4r\u00e4 saapua Israeliin muutaman p\u00e4in vierailulle. My\u00f6s Vancen on tarkoitus tavata Netanjahu.<\/p>\n","protected":false},"excerpt":{"rendered":"Yhdysvaltain presidentin Donald Trumpin mukaan aselepo Gazassa on edelleen voimassa Israelin tekemist\u00e4 iskuista huolimatta. Israel teki iskuja Gazaan&hellip;\n","protected":false},"author":2,"featured_media":67722,"comment_status":"","ping_status":"","sticky":false,"template":"","format":"standard","meta":{"footnotes":""},"categories":[14],"tags":[22,23,10556,585,1617,2267,26,27,33,31,30,17,24,25,28,29,15,18,21,637,144,4272,32,19,20,56,16,59,60,61],"class_list":{"0":"post-67721","1":"post","2":"type-post","3":"status-publish","4":"format-standard","5":"has-post-thumbnail","7":"category-ulkomaat","8":"tag-breaking-news","9":"tag-breakingnews","10":"tag-dialogi","11":"tag-donald-trump","12":"tag-euroopan-unioni","13":"tag-eurooppa","14":"tag-featured-news","15":"tag-featurednews","16":"tag-fi","17":"tag-finland","18":"tag-finnish","19":"tag-headlines","20":"tag-latest-news","21":"tag-latestnews","22":"tag-main-news","23":"tag-mainnews","24":"tag-news","25":"tag-otsikot","26":"tag-paauutiset","27":"tag-politiikka","28":"tag-presidentti","29":"tag-rajavalvonta","30":"tag-suomi","31":"tag-top-stories","32":"tag-topstories","33":"tag-ulkomaat","34":"tag-uutiset","35":"tag-world","36":"tag-world-news","37":"tag-worldnews"},"share_on_mastodon":{"url":"","error":""},"_links":{"self":[{"href":"https:\/\/www.europesays.com\/fi\/wp-json\/wp\/v2\/posts\/67721","targetHints":{"allow":["GET"]}}],"collection":[{"href":"https:\/\/www.europesays.com\/fi\/wp-json\/wp\/v2\/posts"}],"about":[{"href":"https:\/\/www.europesays.com\/fi\/wp-json\/wp\/v2\/types\/post"}],"author":[{"embeddable":true,"href":"https:\/\/www.europesays.com\/fi\/wp-json\/wp\/v2\/users\/2"}],"replies":[{"embeddable":true,"href":"https:\/\/www.europesays.com\/fi\/wp-json\/wp\/v2\/comments?post=67721"}],"version-history":[{"count":0,"href":"https:\/\/www.europesays.com\/fi\/wp-json\/wp\/v2\/posts\/67721\/revisions"}],"wp:featuredmedia":[{"embeddable":true,"href":"https:\/\/www.europesays.com\/fi\/wp-json\/wp\/v2\/media\/67722"}],"wp:attachment":[{"href":"https:\/\/www.europesays.com\/fi\/wp-json\/wp\/v2\/media?parent=67721"}],"wp:term":[{"taxonomy":"category","embeddable":true,"href":"https:\/\/www.europesays.com\/fi\/wp-json\/wp\/v2\/categories?post=67721"},{"taxonomy":"post_tag","embeddable":true,"href":"https:\/\/www.europesays.com\/fi\/wp-json\/wp\/v2\/tags?post=67721"}],"curies":[{"name":"wp","href":"https:\/\/api.w.org\/{rel}","templated":true}]}}