{"id":67750,"date":"2025-10-21T00:28:06","date_gmt":"2025-10-21T00:28:06","guid":{"rendered":"https:\/\/www.europesays.com\/fi\/67750\/"},"modified":"2025-10-21T00:28:06","modified_gmt":"2025-10-21T00:28:06","slug":"trumpille-hyvia-uutisia-iltalehti","status":"publish","type":"post","link":"https:\/\/www.europesays.com\/fi\/67750\/","title":{"rendered":"Trumpille hyvi\u00e4 uutisia &#8211; Iltalehti"},"content":{"rendered":"<ol>\n<li><a href=\"https:\/\/news.google.com\/rss\/articles\/CBMifEFVX3lxTE1ocXAwN0N4bThpR2pmUDlWTGktWDd0cW1PV3VFdDlyS0UzTS1McURTY0FoVHRFeEFZWkVMUktZSW1hVEhLUl9QdHJ0NTU4dDU1ejlPZVl4emptUWlzUHJPaGdOVDRENHRZdWtzNnpmeGREa0xoRlNGNmJybXo?oc=5\" target=\"_blank\" rel=\"nofollow noopener\">Trumpille hyvi\u00e4 uutisia<\/a>&nbsp;&nbsp;Iltalehti<\/li>\n<li><a href=\"https:\/\/news.google.com\/rss\/articles\/CBMiVkFVX3lxTE1KY3BQMW55NGMzc3hGRnJlVnFuU1BIWE1SbDhwNHlkREFFNlJIYXdZVzMxMk5EREF1UmFDTEtIQk5SMjViMFB6YjZPeGd6NE5yY21NcU5n?oc=5\" target=\"_blank\" rel=\"nofollow noopener\">Yhdysvalloissa oikeus antoi luvan kansalliskaartin l\u00e4hett\u00e4miselle Portlandiin<\/a>&nbsp;&nbsp;Etel\u00e4-Suomen Sanomat<\/li>\n<li><a href=\"https:\/\/news.google.com\/rss\/articles\/CBMiXkFVX3lxTFBwUDdvY1l6YWtQWnEtdW1wU2ZnQ2tVbTVpSW51SkJHQXVaUjdzcWVoZElaSFJUZXc0cVFNU3dMOTJNZ2lFRFNuaVBaNmQ3cUJ4c1dpSnVobVppVmpjcGc?oc=5\" target=\"_blank\" rel=\"nofollow noopener\">Trump sai oikeudelta luvan l\u00e4hett\u00e4\u00e4 joukkoja Portlandiin<\/a>&nbsp;&nbsp;Ilta-Sanomat<\/li>\n<li><a href=\"https:\/\/news.google.com\/rss\/articles\/CBMiQkFVX3lxTE0xaTRSd0N2cTNtZG91VXVUS1h5UXdEYU9yaXc5S1JFa2hSb2wtRHlGeExCTGt4d0JTbzRLODJRa3VCUQ?oc=5\" target=\"_blank\" rel=\"nofollow noopener\">Trumpin hallinto pyyt\u00e4\u00e4 korkeinta oikeutta sallimaan kansalliskaartin joukkojen sijoittamisen Chicagoon<\/a>&nbsp;&nbsp;Yle<\/li>\n<li><a href=\"https:\/\/news.google.com\/rss\/articles\/CBMiQkFVX3lxTE9DNXhXYW9LUm43bEF1YUlYLUxScmtZUzJZbjR0UkRoRS1sX2x2SXpEcGdkSTJ4TGM0OXNtUFZ6ZloxUQ?oc=5\" target=\"_blank\" rel=\"nofollow noopener\">Tuomioistuin hylk\u00e4si Trumpin hallinnon pyynn\u00f6n, kansalliskaartia ei toistaiseksi l\u00e4hetet\u00e4 palvelukseen Chicagoon<\/a>&nbsp;&nbsp;Yle<\/li>\n<\/ol>\n","protected":false},"excerpt":{"rendered":"Trumpille hyvi\u00e4 uutisia&nbsp;&nbsp;Iltalehti Yhdysvalloissa oikeus antoi luvan kansalliskaartin l\u00e4hett\u00e4miselle Portlandiin&nbsp;&nbsp;Etel\u00e4-Suomen Sanomat Trump sai oikeudelta luvan l\u00e4hett\u00e4\u00e4 joukkoja Portlandiin&nbsp;&nbsp;Ilta-Sanomat&hellip;\n","protected":false},"author":2,"featured_media":67751,"comment_status":"","ping_status":"","sticky":false,"template":"","format":"standard","meta":{"footnotes":""},"categories":[5],"tags":[35,22,23,26,27,33,31,30,17,24,25,28,29,15,18,21,142,637,144,32,19,20,16,143,145],"class_list":{"0":"post-67750","1":"post","2":"type-post","3":"status-publish","4":"format-standard","5":"has-post-thumbnail","7":"category-otsikot","8":"tag-24h","9":"tag-breaking-news","10":"tag-breakingnews","11":"tag-featured-news","12":"tag-featurednews","13":"tag-fi","14":"tag-finland","15":"tag-finnish","16":"tag-headlines","17":"tag-latest-news","18":"tag-latestnews","19":"tag-main-news","20":"tag-mainnews","21":"tag-news","22":"tag-otsikot","23":"tag-paauutiset","24":"tag-poliitikot","25":"tag-politiikka","26":"tag-presidentti","27":"tag-suomi","28":"tag-top-stories","29":"tag-topstories","30":"tag-uutiset","31":"tag-yhdysvaltain-politiikka","32":"tag-yhdysvaltalaiset-poliittiset-puolueet"},"share_on_mastodon":{"url":"","error":""},"_links":{"self":[{"href":"https:\/\/www.europesays.com\/fi\/wp-json\/wp\/v2\/posts\/67750","targetHints":{"allow":["GET"]}}],"collection":[{"href":"https:\/\/www.europesays.com\/fi\/wp-json\/wp\/v2\/posts"}],"about":[{"href":"https:\/\/www.europesays.com\/fi\/wp-json\/wp\/v2\/types\/post"}],"author":[{"embeddable":true,"href":"https:\/\/www.europesays.com\/fi\/wp-json\/wp\/v2\/users\/2"}],"replies":[{"embeddable":true,"href":"https:\/\/www.europesays.com\/fi\/wp-json\/wp\/v2\/comments?post=67750"}],"version-history":[{"count":0,"href":"https:\/\/www.europesays.com\/fi\/wp-json\/wp\/v2\/posts\/67750\/revisions"}],"wp:featuredmedia":[{"embeddable":true,"href":"https:\/\/www.europesays.com\/fi\/wp-json\/wp\/v2\/media\/67751"}],"wp:attachment":[{"href":"https:\/\/www.europesays.com\/fi\/wp-json\/wp\/v2\/media?parent=67750"}],"wp:term":[{"taxonomy":"category","embeddable":true,"href":"https:\/\/www.europesays.com\/fi\/wp-json\/wp\/v2\/categories?post=67750"},{"taxonomy":"post_tag","embeddable":true,"href":"https:\/\/www.europesays.com\/fi\/wp-json\/wp\/v2\/tags?post=67750"}],"curies":[{"name":"wp","href":"https:\/\/api.w.org\/{rel}","templated":true}]}}