{"id":67846,"date":"2025-10-21T03:56:07","date_gmt":"2025-10-21T03:56:07","guid":{"rendered":"https:\/\/www.europesays.com\/fi\/67846\/"},"modified":"2025-10-21T03:56:07","modified_gmt":"2025-10-21T03:56:07","slug":"suomalaiskomeetta-porssikarkeen-nhlssa-iltalehti","status":"publish","type":"post","link":"https:\/\/www.europesays.com\/fi\/67846\/","title":{"rendered":"Suomalaiskomeetta p\u00f6rssik\u00e4rkeen NHL:ss\u00e4 &#8211; Iltalehti"},"content":{"rendered":"<ol>\n<li><a href=\"https:\/\/news.google.com\/rss\/articles\/CBMidkFVX3lxTE5uSjFoZlAwcXFpSHp0SU1zTm1zanliX1ZYTG1ualBBTHNiNG5xTU82a0dkcTNFdjBhRy04MkhHLWNISDcwbWJVVUhaUVd3UFVwTmpBcG95em8xUmJUb1hRZ05ZSzYyV25KRUtyQ2JWWHpWdHdaNmc?oc=5\" target=\"_blank\" rel=\"nofollow noopener\">Suomalaiskomeetta p\u00f6rssik\u00e4rkeen NHL:ss\u00e4<\/a>&nbsp;&nbsp;Iltalehti<\/li>\n<li><a href=\"https:\/\/news.google.com\/rss\/articles\/CBMiV0FVX3lxTE9OaktkRWUyX3pzZnBITEdNZzFBeUNXOHZRMmZPRGgzelRXOWJ1Qks5T1lRN3lLSFU0SmhEcjVRSzRsYk9WV2tCeGx5SUU0LXh3Y3F0a1A3MA?oc=5\" target=\"_blank\" rel=\"nofollow noopener\">Nyt kulkee! Kaksi nuorta suomalaista takoo hurjaa j\u00e4lke\u00e4 NHL:ss\u00e4<\/a>&nbsp;&nbsp;Ilta-Sanomat<\/li>\n<li><a href=\"https:\/\/news.google.com\/rss\/articles\/CBMiSkFVX3lxTE8teE51MGE0aUhYZWJ2cVpySkRqQ1lhUURMbS1pVjRVWm9RSWl0LUdUNWhzczRGODFKaWdBdmJRdUZwMkoycERhVklB?oc=5\" target=\"_blank\" rel=\"nofollow noopener\">Seattlen Nyman ja Montrealin Kapanen j\u00e4lleen maalivauhdissa<\/a>&nbsp;&nbsp;Etel\u00e4-Suomen Sanomat<\/li>\n<li><a href=\"https:\/\/news.google.com\/rss\/articles\/CBMiQkFVX3lxTE5FSm9xS0lNT0FSb0pIN200VEs2bHg4YTV6UDlrY0VpTFdPdjB6TFNselNkRGtIWHdfTlg3Z21hRnNxdw?oc=5\" target=\"_blank\" rel=\"nofollow noopener\">Oliver Kapanen teki reilun viikon sis\u00e4\u00e4n uransa kolmannen NHL-maalin<\/a>&nbsp;&nbsp;Yle<\/li>\n<li><a href=\"https:\/\/news.google.com\/rss\/articles\/CBMipwFBVV95cUxNeE5DT1dXN2lucG5fWUVsZVFab3hVYXQ0Z3duMU1pUHdORVg3ODdZZWZ4N191eHhqZjR1dnBsaExCNWNfNDRkQWtvUk1JVk1LUk5PdnlZZy1GOWZtaDYtbDh1R01aOFdsZGF0NjVhYWFUOFlaV2hvTHQ4a1EybTNxc2Zvc1J5X0J2ZnA0dHdKSVpCbEIzUllqMGhINTExYVFpMVVsanpXWQ?oc=5\" target=\"_blank\" rel=\"nofollow noopener\">Oliver Kapanen osui taas NHL:ss\u00e4 \u2013 Juuso P\u00e4rssinen ja Mikko Rantanenkin maaliin makuun<\/a>&nbsp;&nbsp;Atleetti.fi<\/li>\n<\/ol>\n","protected":false},"excerpt":{"rendered":"Suomalaiskomeetta p\u00f6rssik\u00e4rkeen NHL:ss\u00e4&nbsp;&nbsp;Iltalehti Nyt kulkee! Kaksi nuorta suomalaista takoo hurjaa j\u00e4lke\u00e4 NHL:ss\u00e4&nbsp;&nbsp;Ilta-Sanomat Seattlen Nyman ja Montrealin Kapanen j\u00e4lleen&hellip;\n","protected":false},"author":2,"featured_media":67847,"comment_status":"","ping_status":"","sticky":false,"template":"","format":"standard","meta":{"footnotes":""},"categories":[5],"tags":[35,1144,22,23,26,27,33,31,30,17,1143,2135,24,25,28,29,1146,4804,15,18,21,32,19,20,16],"class_list":{"0":"post-67846","1":"post","2":"type-post","3":"status-publish","4":"format-standard","5":"has-post-thumbnail","7":"category-otsikot","8":"tag-24h","9":"tag-ammattilaisjaakiekko","10":"tag-breaking-news","11":"tag-breakingnews","12":"tag-featured-news","13":"tag-featurednews","14":"tag-fi","15":"tag-finland","16":"tag-finnish","17":"tag-headlines","18":"tag-jaakiekko","19":"tag-jaakiekkopelaajat-miehet","20":"tag-latest-news","21":"tag-latestnews","22":"tag-main-news","23":"tag-mainnews","24":"tag-miesten-jaakiekko","25":"tag-national-hockey-league-nhl","26":"tag-news","27":"tag-otsikot","28":"tag-paauutiset","29":"tag-suomi","30":"tag-top-stories","31":"tag-topstories","32":"tag-uutiset"},"share_on_mastodon":{"url":"","error":""},"_links":{"self":[{"href":"https:\/\/www.europesays.com\/fi\/wp-json\/wp\/v2\/posts\/67846","targetHints":{"allow":["GET"]}}],"collection":[{"href":"https:\/\/www.europesays.com\/fi\/wp-json\/wp\/v2\/posts"}],"about":[{"href":"https:\/\/www.europesays.com\/fi\/wp-json\/wp\/v2\/types\/post"}],"author":[{"embeddable":true,"href":"https:\/\/www.europesays.com\/fi\/wp-json\/wp\/v2\/users\/2"}],"replies":[{"embeddable":true,"href":"https:\/\/www.europesays.com\/fi\/wp-json\/wp\/v2\/comments?post=67846"}],"version-history":[{"count":0,"href":"https:\/\/www.europesays.com\/fi\/wp-json\/wp\/v2\/posts\/67846\/revisions"}],"wp:featuredmedia":[{"embeddable":true,"href":"https:\/\/www.europesays.com\/fi\/wp-json\/wp\/v2\/media\/67847"}],"wp:attachment":[{"href":"https:\/\/www.europesays.com\/fi\/wp-json\/wp\/v2\/media?parent=67846"}],"wp:term":[{"taxonomy":"category","embeddable":true,"href":"https:\/\/www.europesays.com\/fi\/wp-json\/wp\/v2\/categories?post=67846"},{"taxonomy":"post_tag","embeddable":true,"href":"https:\/\/www.europesays.com\/fi\/wp-json\/wp\/v2\/tags?post=67846"}],"curies":[{"name":"wp","href":"https:\/\/api.w.org\/{rel}","templated":true}]}}