{"id":67867,"date":"2025-10-21T04:22:08","date_gmt":"2025-10-21T04:22:08","guid":{"rendered":"https:\/\/www.europesays.com\/fi\/67867\/"},"modified":"2025-10-21T04:22:08","modified_gmt":"2025-10-21T04:22:08","slug":"new-york-times-trumpin-hallinto-pelkaa-netanjahun-vetaytyvan-aseleposopimuksesta-uutisia-lyhyesti","status":"publish","type":"post","link":"https:\/\/www.europesays.com\/fi\/67867\/","title":{"rendered":"New York Times: Trumpin hallinto pelk\u00e4\u00e4 Netanjahun vet\u00e4ytyv\u00e4n aseleposopimuksesta | Uutisia lyhyesti"},"content":{"rendered":"<p class=\"aw-1gybjub aw-1p7kakr ghpEtB jtovHP yle__article__paragraph\">Yhdysvaltain presidentti <strong class=\"aw-ak79eh KyCXm yle__article__strong\">Donald Trumpin<\/strong> hallinto on huolissaan siit\u00e4, ett\u00e4 Israelin p\u00e4\u00e4ministeri <strong class=\"aw-ak79eh KyCXm yle__article__strong\">Benjamin Netanjahu<\/strong> saattaa vet\u00e4yty\u00e4 Yhdysvaltojen v\u00e4litt\u00e4m\u00e4st\u00e4 Gazan aselevosta.<\/p>\n<p class=\"aw-1gybjub aw-1p7kakr ghpEtB jtovHP yle__article__paragraph\">Asiasta <a class=\"aw-iao6s4 iHOxEa yle__article__link\" href=\"https:\/\/www.nytimes.com\/2025\/10\/20\/us\/politics\/trump-gaza-israel-netanyahu.html\" role=\"link\" rel=\"nofollow noopener\" target=\"_blank\">kertoo yhdysvaltalaislehti New York Times<\/a> virkamiesl\u00e4hteisiins\u00e4 pohjaten.<\/p>\n<p class=\"aw-1gybjub aw-1p7kakr ghpEtB jtovHP yle__article__paragraph\">Lehden mukaan varapresidentti <strong class=\"aw-ak79eh KyCXm yle__article__strong\">J. D. Vance<\/strong>, erityisl\u00e4hettil\u00e4s <strong class=\"aw-ak79eh KyCXm yle__article__strong\">Steve Witkoff<\/strong> sek\u00e4 Trumpin v\u00e4vy <strong class=\"aw-ak79eh KyCXm yle__article__strong\">Jared Kushner<\/strong> pyrkiv\u00e4t Israelin-vierailullaan taivuttelemaan Netanjahun siihen, ett\u00e4 Israel ei jatkaisi sotaa Gazassa.<\/p>\n<p class=\"aw-1gybjub aw-1p7kakr ghpEtB jtovHP yle__article__paragraph\">Israel ja Hamas ovat syytt\u00e4neet toisiaan aselevon rikkomisesta. Molemmat vakuuttavat edelleen olevansa sitoutuneita sopimukseen.<\/p>\n","protected":false},"excerpt":{"rendered":"Yhdysvaltain presidentti Donald Trumpin hallinto on huolissaan siit\u00e4, ett\u00e4 Israelin p\u00e4\u00e4ministeri Benjamin Netanjahu saattaa vet\u00e4yty\u00e4 Yhdysvaltojen v\u00e4litt\u00e4m\u00e4st\u00e4 Gazan&hellip;\n","protected":false},"author":2,"featured_media":67868,"comment_status":"","ping_status":"","sticky":false,"template":"","format":"standard","meta":{"footnotes":""},"categories":[5],"tags":[3068,22,23,585,26,27,33,31,30,5134,505,17,993,24,25,28,29,15,18,21,32,19,20,56,16],"class_list":{"0":"post-67867","1":"post","2":"type-post","3":"status-publish","4":"format-standard","5":"has-post-thumbnail","7":"category-otsikot","8":"tag-benjamin-netanjahu","9":"tag-breaking-news","10":"tag-breakingnews","11":"tag-donald-trump","12":"tag-featured-news","13":"tag-featurednews","14":"tag-fi","15":"tag-finland","16":"tag-finnish","17":"tag-gaza","18":"tag-gazan-sota","19":"tag-headlines","20":"tag-israel","21":"tag-latest-news","22":"tag-latestnews","23":"tag-main-news","24":"tag-mainnews","25":"tag-news","26":"tag-otsikot","27":"tag-paauutiset","28":"tag-suomi","29":"tag-top-stories","30":"tag-topstories","31":"tag-ulkomaat","32":"tag-uutiset"},"share_on_mastodon":{"url":"","error":""},"_links":{"self":[{"href":"https:\/\/www.europesays.com\/fi\/wp-json\/wp\/v2\/posts\/67867","targetHints":{"allow":["GET"]}}],"collection":[{"href":"https:\/\/www.europesays.com\/fi\/wp-json\/wp\/v2\/posts"}],"about":[{"href":"https:\/\/www.europesays.com\/fi\/wp-json\/wp\/v2\/types\/post"}],"author":[{"embeddable":true,"href":"https:\/\/www.europesays.com\/fi\/wp-json\/wp\/v2\/users\/2"}],"replies":[{"embeddable":true,"href":"https:\/\/www.europesays.com\/fi\/wp-json\/wp\/v2\/comments?post=67867"}],"version-history":[{"count":0,"href":"https:\/\/www.europesays.com\/fi\/wp-json\/wp\/v2\/posts\/67867\/revisions"}],"wp:featuredmedia":[{"embeddable":true,"href":"https:\/\/www.europesays.com\/fi\/wp-json\/wp\/v2\/media\/67868"}],"wp:attachment":[{"href":"https:\/\/www.europesays.com\/fi\/wp-json\/wp\/v2\/media?parent=67867"}],"wp:term":[{"taxonomy":"category","embeddable":true,"href":"https:\/\/www.europesays.com\/fi\/wp-json\/wp\/v2\/categories?post=67867"},{"taxonomy":"post_tag","embeddable":true,"href":"https:\/\/www.europesays.com\/fi\/wp-json\/wp\/v2\/tags?post=67867"}],"curies":[{"name":"wp","href":"https:\/\/api.w.org\/{rel}","templated":true}]}}