{"id":67874,"date":"2025-10-21T04:34:20","date_gmt":"2025-10-21T04:34:20","guid":{"rendered":"https:\/\/www.europesays.com\/fi\/67874\/"},"modified":"2025-10-21T04:34:20","modified_gmt":"2025-10-21T04:34:20","slug":"laura-lepisto-jarkyttyi-tilanteestaan-karsii-yllattavasta-vaivasta","status":"publish","type":"post","link":"https:\/\/www.europesays.com\/fi\/67874\/","title":{"rendered":"Laura Lepist\u00f6 j\u00e4rkyttyi tilanteestaan: K\u00e4rsii yll\u00e4tt\u00e4v\u00e4st\u00e4 vaivasta"},"content":{"rendered":"<p>            Timo Korhonen\n        <\/p>\n<p class=\"subtitle \">Laura huomasi, ettev\u00e4t edes huippu-urheilijan kyvyt ole ikuisia.<\/p>\n<p class=\"article-content article-content-width !bg-background\">Kilpauransa vuonna 2012 p\u00e4\u00e4tt\u00e4nyt ex-taitoluistelija , 37, on keskittynyt viime vuodet toisenlaisiin seikkailuihin.\u00a0\u00a0<\/p>\n<p class=\"article-content article-content-width !bg-background\">Laura on opiskellut itselleen esimerkiksi uuden ammatin. H\u00e4n <a href=\"https:\/\/www.seiska.fi\/urheilu\/ex-taitoluistelija-laura-lepiston-jattiyllatys\/1653137\" target=\"_blank\" rel=\"nofollow noopener\">valmistui maaliskuussa pilatesohjaajaksi<\/a>.\u00a0<\/p>\n<p>        <a itemprop=\"url\" href=\"https:\/\/www.seiska.fi\/kotimaa\/laura-lepistolta-suorat-sanat-lasten-kanssa-harrastamisesta\/1882699\" rel=\"nofollow noopener\" target=\"_blank\"><\/p>\n<p>\nLaura Lepist\u00f6\n<\/p>\n<p class=\"section-date\">\n        <strong class=\"article-section\" data-section=\"kotimaa\"><br \/>\n            kotimaa<br \/>\n        <\/strong><br \/>\n        30.7. 16:30\n    <\/p>\n<p>Laura Lepist\u00f6lt\u00e4 suorat sanat lasten kanssa harrastamisesta\n    <\/p>\n<p itemprop=\"description\" class=\"subtitle \">\n    Ex-taitoluistelija toteaa, ett\u00e4 harrastaminen on mukavampaa aikuisten kesken.\n<\/p>\n<p>        <\/a><\/p>\n<p class=\"article-content article-content-width !bg-background\">Ty\u00f6n ja opiskelujen ohella Lauran kiireisen\u00e4 on pit\u00e4nyt lapsiperhearki. H\u00e4nell\u00e4 on -rakkaansa kanssa vuosina 2021 ja 2023 syntyneet pojat.<\/p>\n<p>Lasten kanssa laukkaradalla<\/p>\n<p class=\"article-content article-content-width !bg-background\">Viikonloppuna Laura suuntasi perheens\u00e4 kanssa Linnanm\u00e4ell\u00e4 vietettyihin Valokarnevaaleihin. Kyseess\u00e4 on huvipuistokauden p\u00e4\u00e4tt\u00e4j\u00e4istapahtuma, jossa lintsi on koristeltu n\u00e4ytt\u00e4vill\u00e4 valoilla ja valotaideteoksilla.\u00a0<\/p>\n<p>                <img decoding=\"async\" src=\"https:\/\/www.europesays.com\/fi\/wp-content\/uploads\/2025\/10\/1967249.webp\" width=\"576\" height=\"720\" alt=\"Laura paljastaa lastensa saaneen iltapalaksi popcorneja. Arkistokuva vuodelta 2022.\" loading=\"lazy\" \/>            <\/p>\n<p>\n            Laura paljastaa lastensa saaneen iltapalaksi popcorneja. Arkistokuva vuodelta 2022.<br \/>\n            Matti Matikainen\n        <\/p>\n<p class=\"article-content article-content-width !bg-background\">Laura julkaisi tapahtumasta sosiaaliseen mediaan videon, joka valaisee perheen touhuja jo h\u00e4m\u00e4rtyneess\u00e4 huvipuiston illassa.\u00a0<\/p>\n<p>        <a itemprop=\"url\" href=\"https:\/\/www.seiska.fi\/kotimaa\/oona-tolppaselta-ulostulo-botoxista\/1658531\" rel=\"nofollow noopener\" target=\"_blank\"><\/p>\n<p>\nOona Tolppanen\n<\/p>\n<p class=\"section-date\">\n        <strong class=\"article-section\" data-section=\"kotimaa\"><br \/>\n            kotimaa<br \/>\n        <\/strong><br \/>\n        28.3. 19:00\n    <\/p>\n<p>Oona Tolppaselta ulostulo botoxista\n    <\/p>\n<p itemprop=\"description\" class=\"subtitle \">\n    Fitnesskaunotar kertoi suoran mielipiteens\u00e4.\n<\/p>\n<p>        <\/a><\/p>\n<p class=\"article-content article-content-width !bg-background\">Ex-luistelija paljastaa, ett\u00e4 reissuun on l\u00e4hdetty ex tempore. Kuopus p\u00e4\u00e4si ensimm\u00e4ist\u00e4 kertaa autokaruselliin, mink\u00e4 lis\u00e4ksi Laura on uskaltautunut lastensa seurana ainakin<a href=\"https:\/\/www.linnanmaki.fi\/laite\/hepparata\/\" target=\"_blank\" rel=\"nofollow noopener\"> legendaariselle hepparadalle<\/a>.<\/p>\n<p>Huippaavat maisemat<\/p>\n<p class=\"article-content article-content-width !bg-background\">Pient\u00e4 harmiakin hupailun sekaan on mahtunut. Laura on nimitt\u00e4in huomannut, ettei h\u00e4nest\u00e4 en\u00e4\u00e4 olekaan aivan samanlaiseen hurvitteluun kuin joskus nuorempana.\u00a0<\/p>\n<p class=\"article-content article-content-width !bg-background\">\u2013 Mist\u00e4 l\u00e4htien minua on huipannut panoraamassa? Laura kummastelee julkaisussaan.\u00a0<\/p>\n<p class=\"article-content article-content-width !bg-background\">\u2013 Ja tosta noin vaan olen hyp\u00e4nnyt tandemin lentokoneesta ja benjin. Selkeesti nyt tarvitaan lis\u00e4\u00e4 harjoitusta, h\u00e4n jatkaa.<\/p>\n<p>        <a itemprop=\"url\" href=\"https:\/\/www.seiska.fi\/kotimaa\/harvinainen-kuva-tassa-on-laura-lepiston-tommi-rakas\/1615328\" rel=\"nofollow noopener\" target=\"_blank\"><\/p>\n<p>\nTreffi-ilta\n<\/p>\n<p class=\"section-date\">\n        <strong class=\"article-section\" data-section=\"kotimaa\"><br \/>\n            kotimaa<br \/>\n        <\/strong><br \/>\n        17.2. 19:00\n    <\/p>\n<p>Harvinainen kuva! T\u00e4ss\u00e4 on Laura Lepist\u00f6n Tommi-rakas\n    <\/p>\n<p itemprop=\"description\" class=\"subtitle \">\n    Ex-taitoluistelija jakoi kuvia treffi-illastaan.\n<\/p>\n<p>        <\/a><\/p>\n<p class=\"article-content article-content-width !bg-background\">Laura ei siis kuitenkaan ole luopunut toivosta. H\u00e4n uskoo, ett\u00e4 treenin avulla h\u00e4n viel\u00e4 pystyy heitt\u00e4ytym\u00e4\u00e4n vauhdin hurmaan my\u00f6s hurjemmissa laitteissa. Lasten kasvaessa n\u00e4m\u00e4 p\u00e4\u00e4sev\u00e4t pikkuhiljaa my\u00f6s isompien laitteisiin, ja Laura aikoo olla mukana.\u00a0<\/p>\n<p class=\"italic m-italic article-content article-content-width !bg-background\">Jos upotus ei toimi, <a href=\"https:\/\/www.instagram.com\/p\/DP9ZAfqjFTa\/\" target=\"_blank\" rel=\"nofollow noopener\">n\u00e4et julkaisun t\u00e4\u00e4lt\u00e4<\/a>.<\/p>\n<p><script async src=\"\/\/www.instagram.com\/embed.js\"><\/script><\/p>\n","protected":false},"excerpt":{"rendered":"Timo Korhonen Laura huomasi, ettev\u00e4t edes huippu-urheilijan kyvyt ole ikuisia. Kilpauransa vuonna 2012 p\u00e4\u00e4tt\u00e4nyt ex-taitoluistelija , 37, on&hellip;\n","protected":false},"author":2,"featured_media":67875,"comment_status":"","ping_status":"","sticky":false,"template":"","format":"standard","meta":{"footnotes":""},"categories":[136],"tags":[8638,407,137,33,31,30,15199,408,99,15198,2136,15197,13013,98,13264,2927,32,1700,109],"class_list":{"0":"post-67874","1":"post","2":"type-post","3":"status-publish","4":"format-standard","5":"has-post-thumbnail","7":"category-julkkikset","8":"tag-ammatti","9":"tag-celebrities","10":"tag-entertainment","11":"tag-fi","12":"tag-finland","13":"tag-finnish","14":"tag-huimaus","15":"tag-julkkikset","16":"tag-lapset","17":"tag-laura-lepisto","18":"tag-linnanmaki","19":"tag-luistelu","20":"tag-ohjaaja","21":"tag-perhe","22":"tag-pilates","23":"tag-puoliso","24":"tag-suomi","25":"tag-urheilulaji","26":"tag-viihde"},"share_on_mastodon":{"url":"","error":""},"_links":{"self":[{"href":"https:\/\/www.europesays.com\/fi\/wp-json\/wp\/v2\/posts\/67874","targetHints":{"allow":["GET"]}}],"collection":[{"href":"https:\/\/www.europesays.com\/fi\/wp-json\/wp\/v2\/posts"}],"about":[{"href":"https:\/\/www.europesays.com\/fi\/wp-json\/wp\/v2\/types\/post"}],"author":[{"embeddable":true,"href":"https:\/\/www.europesays.com\/fi\/wp-json\/wp\/v2\/users\/2"}],"replies":[{"embeddable":true,"href":"https:\/\/www.europesays.com\/fi\/wp-json\/wp\/v2\/comments?post=67874"}],"version-history":[{"count":0,"href":"https:\/\/www.europesays.com\/fi\/wp-json\/wp\/v2\/posts\/67874\/revisions"}],"wp:featuredmedia":[{"embeddable":true,"href":"https:\/\/www.europesays.com\/fi\/wp-json\/wp\/v2\/media\/67875"}],"wp:attachment":[{"href":"https:\/\/www.europesays.com\/fi\/wp-json\/wp\/v2\/media?parent=67874"}],"wp:term":[{"taxonomy":"category","embeddable":true,"href":"https:\/\/www.europesays.com\/fi\/wp-json\/wp\/v2\/categories?post=67874"},{"taxonomy":"post_tag","embeddable":true,"href":"https:\/\/www.europesays.com\/fi\/wp-json\/wp\/v2\/tags?post=67874"}],"curies":[{"name":"wp","href":"https:\/\/api.w.org\/{rel}","templated":true}]}}