{"id":67898,"date":"2025-10-21T05:07:08","date_gmt":"2025-10-21T05:07:08","guid":{"rendered":"https:\/\/www.europesays.com\/fi\/67898\/"},"modified":"2025-10-21T05:07:08","modified_gmt":"2025-10-21T05:07:08","slug":"nayttopaikan-saanut-miikka-muurinen-jysaytti-donkin-valmentaja-jyrahti-ottelun-jalkeen","status":"publish","type":"post","link":"https:\/\/www.europesays.com\/fi\/67898\/","title":{"rendered":"N\u00e4ytt\u00f6paikan saanut Miikka Muurinen jys\u00e4ytti donkin \u2013 Valmentaja jyr\u00e4hti ottelun j\u00e4lkeen"},"content":{"rendered":"<p>Suomalaisnuorukainen ei juhlinut pisteill\u00e4. <\/p>\n<p><img decoding=\"async\" class=\"image image-show image-preview\" src=\"https:\/\/www.europesays.com\/fi\/wp-content\/uploads\/2025\/10\/20f5acee5009e03829ef410be27752eeba71e4e3b925bfe5d698745cd5a6eefe.jpg\" alt=\"\"\/><img decoding=\"async\" class=\"image image-show\" src=\"https:\/\/www.europesays.com\/fi\/wp-content\/uploads\/2025\/10\/1761023228_839_20f5acee5009e03829ef410be27752eeba71e4e3b925bfe5d698745cd5a6eefe.jpg\" alt=\"\"\/><\/p>\n<p>Miikka Muurinen sai vastuuta avausviisikossa.  AOP<\/p>\n<p class=\"paragraph\"><strong>Miikka Muurinen<\/strong> p\u00e4\u00e4si ensimm\u00e4ist\u00e4 kertaa joukkueensa avausviisikkoon, kun Partizan Belgrad kaatoi Adrianmeren liigan ottelussa FMP:n luvuin jatkoajan j\u00e4lkeen 109\u2013100.<\/p>\n<p class=\"paragraph\">Muurisen vastuu v\u00e4heni loppua kohden. Suomalainen kellotti pienimm\u00e4n peliajan Partizanin pelaajista, 14.33 minuuttia.<\/p>\n<p class=\"paragraph\">Saldona oli yksi kahden pisteen kori, joka syntyi tavaramerkkityyliin donkilla.<\/p>\n<p class=\"paragraph\">Muuriselle kirjattiin my\u00f6s kaksi levypalloa. Plusmiinuslukemaksi tuli -9.<\/p>\n<p class=\"paragraph\">Ottelun j\u00e4lkeen p\u00e4\u00e4valmentaja <strong>Zeljko Obradovicilta<\/strong> pen\u00e4ttiin, miksi muutamassa muussa liigan joukkueessa nuoret pelaajat saavat enemm\u00e4n mahdollisuuksia kuin Partizanissa.<\/p>\n<p class=\"paragraph\">Mondo.sr-sivuston <a href=\"https:\/\/mondo.rs\/Sport\/Kosarka\/a2135491\/zeljko-obradovic-povisio-ton-na-konferenciji.html\" target=\"_blank\" rel=\"noopener nofollow\">mukaan<\/a> Obradovic korotti \u00e4\u00e4nt\u00e4\u00e4n ja muistutti seuran kovista tavoitteista.<\/p>\n<p class=\"paragraph\">H\u00e4n nosti esiin my\u00f6s suomalaistalenttinsa v\u00e4h\u00e4isen kokemuksen.<\/p>\n<p class=\"paragraph\">\u2013 Minulta kysyt\u00e4\u00e4n Muurisesta, joka pelaa oikeaa koripalloa ensimm\u00e4ist\u00e4 kertaa. Unohtakaa EM-turnaus, jossa h\u00e4n pelasi kolme tai nelj\u00e4 hyv\u00e4\u00e4 ottelua. T\u00e4m\u00e4 on laadukkaiden vastustajien liiga, serbiluotsi jyr\u00e4hti.<\/p>\n<p class=\"paragraph\">Partizanin tehokkain oli 31 pistett\u00e4 niitannut <strong>Duane Washington<\/strong>.<\/p>\n<p class=\"paragraph\">Huono uutinen joukkueelle oli <strong>Carlik Jonesin<\/strong> loukkaantuminen.<\/p>\n<p class=\"paragraph\">Partizan on voittanut kaikki kolme otteluaan Adrianmeren liigassa.<\/p>\n","protected":false},"excerpt":{"rendered":"Suomalaisnuorukainen ei juhlinut pisteill\u00e4. Miikka Muurinen sai vastuuta avausviisikossa. AOP Miikka Muurinen p\u00e4\u00e4si ensimm\u00e4ist\u00e4 kertaa joukkueensa avausviisikkoon, kun&hellip;\n","protected":false},"author":2,"featured_media":67899,"comment_status":"","ping_status":"","sticky":false,"template":"","format":"standard","meta":{"footnotes":""},"categories":[158],"tags":[35,33,31,30,41,98,103,159,32,160,161,796],"class_list":{"0":"post-67898","1":"post","2":"type-post","3":"status-publish","4":"format-standard","5":"has-post-thumbnail","7":"category-urheilu","8":"tag-24h","9":"tag-fi","10":"tag-finland","11":"tag-finnish","12":"tag-liikunta-ja-urheilu","13":"tag-perhe","14":"tag-sosiaalikysymykset","15":"tag-sports","16":"tag-suomi","17":"tag-urheilu","18":"tag-urheilutapahtumat","19":"tag-yhteiskunta"},"share_on_mastodon":{"url":"","error":""},"_links":{"self":[{"href":"https:\/\/www.europesays.com\/fi\/wp-json\/wp\/v2\/posts\/67898","targetHints":{"allow":["GET"]}}],"collection":[{"href":"https:\/\/www.europesays.com\/fi\/wp-json\/wp\/v2\/posts"}],"about":[{"href":"https:\/\/www.europesays.com\/fi\/wp-json\/wp\/v2\/types\/post"}],"author":[{"embeddable":true,"href":"https:\/\/www.europesays.com\/fi\/wp-json\/wp\/v2\/users\/2"}],"replies":[{"embeddable":true,"href":"https:\/\/www.europesays.com\/fi\/wp-json\/wp\/v2\/comments?post=67898"}],"version-history":[{"count":0,"href":"https:\/\/www.europesays.com\/fi\/wp-json\/wp\/v2\/posts\/67898\/revisions"}],"wp:featuredmedia":[{"embeddable":true,"href":"https:\/\/www.europesays.com\/fi\/wp-json\/wp\/v2\/media\/67899"}],"wp:attachment":[{"href":"https:\/\/www.europesays.com\/fi\/wp-json\/wp\/v2\/media?parent=67898"}],"wp:term":[{"taxonomy":"category","embeddable":true,"href":"https:\/\/www.europesays.com\/fi\/wp-json\/wp\/v2\/categories?post=67898"},{"taxonomy":"post_tag","embeddable":true,"href":"https:\/\/www.europesays.com\/fi\/wp-json\/wp\/v2\/tags?post=67898"}],"curies":[{"name":"wp","href":"https:\/\/api.w.org\/{rel}","templated":true}]}}