{"id":68105,"date":"2025-10-21T10:24:09","date_gmt":"2025-10-21T10:24:09","guid":{"rendered":"https:\/\/www.europesays.com\/fi\/68105\/"},"modified":"2025-10-21T10:24:09","modified_gmt":"2025-10-21T10:24:09","slug":"nyt-se-varmistui-kesko-avaa-kaupan-kauan-haluamalleen-uudisalueelle-paikalliset","status":"publish","type":"post","link":"https:\/\/www.europesays.com\/fi\/68105\/","title":{"rendered":"Nyt se varmistui! Kesko avaa kaupan kauan haluamalleen uudisalueelle | Paikalliset"},"content":{"rendered":"<p>K-ryhm\u00e4 avaa uuden K-Marketin Verkkosaareen helmikuun alussa ensi vuonna.<\/p>\n<p>Helsingin Uutiset <a href=\"https:\/\/www.helsinginuutiset.fi\/paikalliset\/4695836\" rel=\"nofollow noopener\" target=\"_blank\">kertoi kes\u00e4ll\u00e4 2022<\/a>, ett\u00e4 Helsingin uusista alueista kauppapaikkoina Keskoa kiinnostavat Kruunuvuorenranta ja Verkkosaari.<\/p>\n<p><strong class=\"diks-storyline__impact\">T\u00e4m\u00e4nhetkisen<\/strong> aikataulun mukaan K-Market Verkkosaari avaa ovensa 5. helmikuuta.<\/p>\n<p>Kauppa etsii sek\u00e4 kokoaikaisia ja osa-aikaisia ty\u00f6ntekij\u00f6it\u00e4, ja rekrytoinnit alkavat joulukuussa.<\/p>\n<p><strong class=\"diks-storyline__impact\">K-Market<\/strong> Verkkosaaren kauppiaana aloittaa <strong>Ville Rinne<\/strong>, 30, joka aloittaa samalla kauppiasuransa. Rinne aloitti kaupassa ty\u00f6skentelyn jo 13-vuotiaana. Lis\u00e4ksi h\u00e4n on ty\u00f6skennellyt ravintolakokkina useissa helsinkil\u00e4isiss\u00e4 ravintoloissa.<\/p>\n<p>\u2013 Omat vahvuuteni ovat kaupan tuorepuolella, ja erityisesti hedelm\u00e4- ja vihannesosasto on aina ollut l\u00e4hell\u00e4 syd\u00e4nt\u00e4. Satsaammekin kaupan tuorepuoleen ja kaupan kokoaan laajempaan valikoimaan, kauppias kertoo tiedotteessa.<\/p>\n<p>P\u00e4\u00e4kaupunkiseudulla koko ik\u00e4ns\u00e4 asunut Rinne kertoo seuranneensa Kalasataman alueen kehityst\u00e4.<\/p>\n<p>\u2013 On hieno tilaisuus p\u00e4\u00e4st\u00e4 itsekin olemaan osa kasvavan alueen kehityst\u00e4.<\/p>\n<p><strong class=\"diks-storyline__impact\">HU kertoi<\/strong> viime viikolla (15. lokakuuta), ett\u00e4 Kesko havittelee p\u00e4ivitt\u00e4istavarakaupan tiloja joko Hietaniemen kauppahallin takana olevasta Kaartin lasaretista, Kasarmitorilta tai Kasarmikadun Kaartin maneesista.<\/p>\n<p>Kesko etsii Etel\u00e4-Helsingist\u00e4 myyntialaltaan eri kokoisia, mutta etenkin yli 1000-neli\u00f6n tiloja.<\/p>\n<p>\t\t\t\t\t<img class=\"diks-card__image\" src=\"https:\/\/www.europesays.com\/fi\/wp-content\/uploads\/2025\/10\/11097625.jpg\"   loading=\"lazy\" decoding=\"sync\" alt=\"\"\/><\/p>\n<p>\n<strong>Helsingin Uutisten sovellus on helpoin tapa lukea kaupungin tuoreimmat uutiset \u2013 <a href=\"http:\/\/www.helsinginuutiset.fi\/asenna\" rel=\"nofollow noopener\" target=\"_blank\">lataa sovellus t\u00e4st\u00e4!<\/a><\/strong><\/p>\n","protected":false},"excerpt":{"rendered":"K-ryhm\u00e4 avaa uuden K-Marketin Verkkosaareen helmikuun alussa ensi vuonna. Helsingin Uutiset kertoi kes\u00e4ll\u00e4 2022, ett\u00e4 Helsingin uusista alueista&hellip;\n","protected":false},"author":2,"featured_media":68106,"comment_status":"","ping_status":"","sticky":false,"template":"","format":"standard","meta":{"footnotes":""},"categories":[76],"tags":[79,77,2199,33,31,30,104,3777,15213,898,32,78,939,3038],"class_list":{"0":"post-68105","1":"post","2":"type-post","3":"status-publish","4":"format-standard","5":"has-post-thumbnail","7":"category-talous","8":"tag-business","9":"tag-economy","10":"tag-elintarvikekauppa-ja-supermarketit","11":"tag-fi","12":"tag-finland","13":"tag-finnish","14":"tag-helsinki","15":"tag-kesko","16":"tag-kruunuvuorenranta","17":"tag-kulutustavarat","18":"tag-suomi","19":"tag-talous","20":"tag-tyo","21":"tag-vahittaiskauppa-erikoistumattomissa-myymaloissa"},"share_on_mastodon":{"url":"","error":""},"_links":{"self":[{"href":"https:\/\/www.europesays.com\/fi\/wp-json\/wp\/v2\/posts\/68105","targetHints":{"allow":["GET"]}}],"collection":[{"href":"https:\/\/www.europesays.com\/fi\/wp-json\/wp\/v2\/posts"}],"about":[{"href":"https:\/\/www.europesays.com\/fi\/wp-json\/wp\/v2\/types\/post"}],"author":[{"embeddable":true,"href":"https:\/\/www.europesays.com\/fi\/wp-json\/wp\/v2\/users\/2"}],"replies":[{"embeddable":true,"href":"https:\/\/www.europesays.com\/fi\/wp-json\/wp\/v2\/comments?post=68105"}],"version-history":[{"count":0,"href":"https:\/\/www.europesays.com\/fi\/wp-json\/wp\/v2\/posts\/68105\/revisions"}],"wp:featuredmedia":[{"embeddable":true,"href":"https:\/\/www.europesays.com\/fi\/wp-json\/wp\/v2\/media\/68106"}],"wp:attachment":[{"href":"https:\/\/www.europesays.com\/fi\/wp-json\/wp\/v2\/media?parent=68105"}],"wp:term":[{"taxonomy":"category","embeddable":true,"href":"https:\/\/www.europesays.com\/fi\/wp-json\/wp\/v2\/categories?post=68105"},{"taxonomy":"post_tag","embeddable":true,"href":"https:\/\/www.europesays.com\/fi\/wp-json\/wp\/v2\/tags?post=68105"}],"curies":[{"name":"wp","href":"https:\/\/api.w.org\/{rel}","templated":true}]}}