{"id":68122,"date":"2025-10-21T10:51:08","date_gmt":"2025-10-21T10:51:08","guid":{"rendered":"https:\/\/www.europesays.com\/fi\/68122\/"},"modified":"2025-10-21T10:51:08","modified_gmt":"2025-10-21T10:51:08","slug":"yli-puoli-vuotta-jonoa-erikoissairaanhoitoon-katso-onko-sinun-alueellasi-suomen-surkein-tilanne-iltalehti","status":"publish","type":"post","link":"https:\/\/www.europesays.com\/fi\/68122\/","title":{"rendered":"Yli puoli vuotta jonoa erikoissairaanhoitoon: Katso, onko sinun alueellasi Suomen surkein tilanne &#8211; Iltalehti"},"content":{"rendered":"<ol>\n<li><a href=\"https:\/\/news.google.com\/rss\/articles\/CBMif0FVX3lxTE9tSlZyTnpGaGZLZXZ3TF9wdGlpdFRsV3UweVB2UlVkZE1WMElQeXQ5OHJUVmZfQmNzbTcxajFqNWNPWWo3TGFlVzFiQklRTVpGbG1QX2RYUVpoN0lCREk5QUwyVUFMaUZoaEEtTlRTZ2RXZ1lqU19vRy1SWW5PdWM?oc=5\" target=\"_blank\" rel=\"nofollow noopener\">Yli puoli vuotta jonoa erikoissairaanhoitoon: Katso, onko sinun alueellasi Suomen surkein tilanne<\/a>&nbsp;&nbsp;Iltalehti<\/li>\n<li><a href=\"https:\/\/news.google.com\/rss\/articles\/CBMiWkFVX3lxTFA2aS1nV0lmRGJwX04zNTFLLVRndlg4cUhNU3ZDbF94OFMxUlgyVXVvYnBsU1F2c2JJQjh4SkpySWJ3c0VnUDFDcTRUVmczTG85N0pCOWxnNm43UQ?oc=5\" target=\"_blank\" rel=\"nofollow noopener\">Sote | Hyvinvointialueiden talous tasapainottumassa, ty\u00f6ntekij\u00f6it\u00e4 l\u00f6ytyy paremmin<\/a>&nbsp;&nbsp;HS.fi<\/li>\n<li><a href=\"https:\/\/news.google.com\/rss\/articles\/CBMiVkFVX3lxTE9GanIyMWxkMkJYUEMzMkR4WUxybEsweTdLS0ZzX2dhaDFyRWg0RHFUT3NIaUVZX1cxNGxHcDNpekdvWWZsV2ZxOWltTVlFSmRQa05LVUl3?oc=5\" target=\"_blank\" rel=\"nofollow noopener\">Y\u00f6n uutiskooste | THL: Hyvinvointialueiden talous tasapainottumassa, Trumpin hallinto pelk\u00e4\u00e4 Netanjahun vet\u00e4ytyv\u00e4n aselevosta, Anneli Auerin tapauksen p\u00e4\u00e4k\u00e4sittely alkaa<\/a>&nbsp;&nbsp;Etel\u00e4-Suomen Sanomat<\/li>\n<li><a href=\"https:\/\/news.google.com\/rss\/articles\/CBMiQkFVX3lxTFBmRUVjdGF3VWZFTDhvVmFHa0xrV205a0dSR2pDc0d0bk9IYk55MGdsT1RQR3Q5UkladVBFMXU3V21ZZw?oc=5\" target=\"_blank\" rel=\"nofollow noopener\">Hyvinvointialueiden talous tasapainottumassa, THL arvioi<\/a>&nbsp;&nbsp;Yle<\/li>\n<li><a href=\"https:\/\/news.google.com\/rss\/articles\/CBMijgFBVV95cUxNbVJsZzRWSlZ0VXU5R3Q3WWJxczdCQXl4LTlEWnhzQ0hidlVzSnNyV2gzS2YtaXFPSEktQkI5RGNuZXB0MkkxTFgtRTBpMmtqSFh2akhuQ1FjbWlnUm5obFB0QWpKeFg1bjROR2gwVjdhbC00WGlId0F3dFQ3Q2JjSWxSdmRTRmdISlI2RWtB?oc=5\" target=\"_blank\" rel=\"nofollow noopener\">THL: Taloustilanne parantunut hyvinvointialueilla \u2013 \u201dTehty iso ty\u00f6\u201d<\/a>&nbsp;&nbsp;Demokraatti.fi<\/li>\n<\/ol>\n","protected":false},"excerpt":{"rendered":"Yli puoli vuotta jonoa erikoissairaanhoitoon: Katso, onko sinun alueellasi Suomen surkein tilanne&nbsp;&nbsp;Iltalehti Sote | Hyvinvointialueiden talous tasapainottumassa, ty\u00f6ntekij\u00f6it\u00e4&hellip;\n","protected":false},"author":2,"featured_media":68123,"comment_status":"","ping_status":"","sticky":false,"template":"","format":"standard","meta":{"footnotes":""},"categories":[14],"tags":[35,681,22,23,26,27,33,31,30,17,1833,24,25,28,29,15,18,21,32,502,15214,167,19,20,56,16,59,60,61],"class_list":{"0":"post-68122","1":"post","2":"type-post","3":"status-publish","4":"format-standard","5":"has-post-thumbnail","7":"category-ulkomaat","8":"tag-24h","9":"tag-alue-ja-paikallishallinto","10":"tag-breaking-news","11":"tag-breakingnews","12":"tag-featured-news","13":"tag-featurednews","14":"tag-fi","15":"tag-finland","16":"tag-finnish","17":"tag-headlines","18":"tag-kunnat","19":"tag-latest-news","20":"tag-latestnews","21":"tag-main-news","22":"tag-mainnews","23":"tag-news","24":"tag-otsikot","25":"tag-paauutiset","26":"tag-suomi","27":"tag-terveydenhoito","28":"tag-terveydenhuollon-ja-sosiaaliturvan-hallinto","29":"tag-terveys","30":"tag-top-stories","31":"tag-topstories","32":"tag-ulkomaat","33":"tag-uutiset","34":"tag-world","35":"tag-world-news","36":"tag-worldnews"},"share_on_mastodon":{"url":"","error":""},"_links":{"self":[{"href":"https:\/\/www.europesays.com\/fi\/wp-json\/wp\/v2\/posts\/68122","targetHints":{"allow":["GET"]}}],"collection":[{"href":"https:\/\/www.europesays.com\/fi\/wp-json\/wp\/v2\/posts"}],"about":[{"href":"https:\/\/www.europesays.com\/fi\/wp-json\/wp\/v2\/types\/post"}],"author":[{"embeddable":true,"href":"https:\/\/www.europesays.com\/fi\/wp-json\/wp\/v2\/users\/2"}],"replies":[{"embeddable":true,"href":"https:\/\/www.europesays.com\/fi\/wp-json\/wp\/v2\/comments?post=68122"}],"version-history":[{"count":0,"href":"https:\/\/www.europesays.com\/fi\/wp-json\/wp\/v2\/posts\/68122\/revisions"}],"wp:featuredmedia":[{"embeddable":true,"href":"https:\/\/www.europesays.com\/fi\/wp-json\/wp\/v2\/media\/68123"}],"wp:attachment":[{"href":"https:\/\/www.europesays.com\/fi\/wp-json\/wp\/v2\/media?parent=68122"}],"wp:term":[{"taxonomy":"category","embeddable":true,"href":"https:\/\/www.europesays.com\/fi\/wp-json\/wp\/v2\/categories?post=68122"},{"taxonomy":"post_tag","embeddable":true,"href":"https:\/\/www.europesays.com\/fi\/wp-json\/wp\/v2\/tags?post=68122"}],"curies":[{"name":"wp","href":"https:\/\/api.w.org\/{rel}","templated":true}]}}