{"id":68194,"date":"2025-10-21T12:39:08","date_gmt":"2025-10-21T12:39:08","guid":{"rendered":"https:\/\/www.europesays.com\/fi\/68194\/"},"modified":"2025-10-21T12:39:08","modified_gmt":"2025-10-21T12:39:08","slug":"new-york-times-trump-pelkaa-netanjahun-vetaytyvan-aseleposopimuksesta-uutisia-lyhyesti","status":"publish","type":"post","link":"https:\/\/www.europesays.com\/fi\/68194\/","title":{"rendered":"New York Times: Trump pelk\u00e4\u00e4 Netanjahun vet\u00e4ytyv\u00e4n aseleposopimuksesta | Uutisia lyhyesti"},"content":{"rendered":"<p class=\"aw-1gybjub aw-1p7kakr ghpEtB jtovHP yle__article__paragraph\">Yhdysvaltain presidentti <strong class=\"aw-ak79eh KyCXm yle__article__strong\">Donald Trumpin<\/strong> hallinto on huolissaan siit\u00e4, ett\u00e4 Israelin p\u00e4\u00e4ministeri <strong class=\"aw-ak79eh KyCXm yle__article__strong\">Benjamin Netanjahu<\/strong> saattaa vet\u00e4yty\u00e4 Yhdysvaltojen v\u00e4litt\u00e4m\u00e4st\u00e4 Gazan aselevosta. Asiasta kertoo yhdysvaltalaislehti New York Times useisiin Valkoisen talon virkamiesl\u00e4hteisiins\u00e4 pohjaten.<\/p>\n<p class=\"aw-1gybjub aw-1p7kakr ghpEtB jtovHP yle__article__paragraph\">Lehden l\u00e4hteiden mukaan varapresidentti <strong class=\"aw-ak79eh KyCXm yle__article__strong\">J. D. Vance<\/strong>, erityisl\u00e4hettil\u00e4s <strong class=\"aw-ak79eh KyCXm yle__article__strong\">Steve Witkoff<\/strong> sek\u00e4 Trumpin v\u00e4vy <strong class=\"aw-ak79eh KyCXm yle__article__strong\">Jared Kushner<\/strong> pyrkiv\u00e4t Israelin-vierailullaan taivuttelemaan Netanjahun siihen, ett\u00e4 Israel ei jatkaisi sotaa Gazassa.<\/p>\n<p class=\"aw-1gybjub aw-1p7kakr ghpEtB jtovHP yle__article__paragraph\">Witkoff ja Kushner saapuivat Israeliin maanantaina, ja Vance liittyi heid\u00e4n seuraansa tiistaina. Israelin ulkoministeri\u00f6 vahvisti tiistaina iltap\u00e4iv\u00e4ll\u00e4 Vancen saapuneen maahan.<\/p>\n","protected":false},"excerpt":{"rendered":"Yhdysvaltain presidentti Donald Trumpin hallinto on huolissaan siit\u00e4, ett\u00e4 Israelin p\u00e4\u00e4ministeri Benjamin Netanjahu saattaa vet\u00e4yty\u00e4 Yhdysvaltojen v\u00e4litt\u00e4m\u00e4st\u00e4 Gazan&hellip;\n","protected":false},"author":2,"featured_media":74,"comment_status":"","ping_status":"","sticky":false,"template":"","format":"standard","meta":{"footnotes":""},"categories":[14],"tags":[22,23,26,27,33,31,30,505,17,993,24,25,28,29,15,18,21,32,19,20,56,16,59,60,61,619],"class_list":{"0":"post-68194","1":"post","2":"type-post","3":"status-publish","4":"format-standard","5":"has-post-thumbnail","7":"category-ulkomaat","8":"tag-breaking-news","9":"tag-breakingnews","10":"tag-featured-news","11":"tag-featurednews","12":"tag-fi","13":"tag-finland","14":"tag-finnish","15":"tag-gazan-sota","16":"tag-headlines","17":"tag-israel","18":"tag-latest-news","19":"tag-latestnews","20":"tag-main-news","21":"tag-mainnews","22":"tag-news","23":"tag-otsikot","24":"tag-paauutiset","25":"tag-suomi","26":"tag-top-stories","27":"tag-topstories","28":"tag-ulkomaat","29":"tag-uutiset","30":"tag-world","31":"tag-world-news","32":"tag-worldnews","33":"tag-yhdysvallat"},"share_on_mastodon":{"url":"","error":""},"_links":{"self":[{"href":"https:\/\/www.europesays.com\/fi\/wp-json\/wp\/v2\/posts\/68194","targetHints":{"allow":["GET"]}}],"collection":[{"href":"https:\/\/www.europesays.com\/fi\/wp-json\/wp\/v2\/posts"}],"about":[{"href":"https:\/\/www.europesays.com\/fi\/wp-json\/wp\/v2\/types\/post"}],"author":[{"embeddable":true,"href":"https:\/\/www.europesays.com\/fi\/wp-json\/wp\/v2\/users\/2"}],"replies":[{"embeddable":true,"href":"https:\/\/www.europesays.com\/fi\/wp-json\/wp\/v2\/comments?post=68194"}],"version-history":[{"count":0,"href":"https:\/\/www.europesays.com\/fi\/wp-json\/wp\/v2\/posts\/68194\/revisions"}],"wp:featuredmedia":[{"embeddable":true,"href":"https:\/\/www.europesays.com\/fi\/wp-json\/wp\/v2\/media\/74"}],"wp:attachment":[{"href":"https:\/\/www.europesays.com\/fi\/wp-json\/wp\/v2\/media?parent=68194"}],"wp:term":[{"taxonomy":"category","embeddable":true,"href":"https:\/\/www.europesays.com\/fi\/wp-json\/wp\/v2\/categories?post=68194"},{"taxonomy":"post_tag","embeddable":true,"href":"https:\/\/www.europesays.com\/fi\/wp-json\/wp\/v2\/tags?post=68194"}],"curies":[{"name":"wp","href":"https:\/\/api.w.org\/{rel}","templated":true}]}}