{"id":68201,"date":"2025-10-21T12:57:08","date_gmt":"2025-10-21T12:57:08","guid":{"rendered":"https:\/\/www.europesays.com\/fi\/68201\/"},"modified":"2025-10-21T12:57:08","modified_gmt":"2025-10-21T12:57:08","slug":"kilpailija-lahettaa-hataviestin-alone-suomessa","status":"publish","type":"post","link":"https:\/\/www.europesays.com\/fi\/68201\/","title":{"rendered":"Kilpailija l\u00e4hett\u00e4\u00e4 h\u00e4t\u00e4viestin Alone Suomessa"},"content":{"rendered":"<p><strong class=\"typography-bold\">Alone Suomen kahdeksannessa jaksossa nelj\u00e4 kilpailijaa on viett\u00e4nyt er\u00e4maassa jo 20 p\u00e4iv\u00e4\u00e4.\u00a0<\/strong><\/p>\n<p>Kahdeksas jakso <a class=\"underline\" data-testid=\"internal-link\" role=\"link\" data-sentry-element=\"Link\" data-sentry-component=\"InternalLink\" data-sentry-source-file=\"InternalLink.tsx\" href=\"https:\/\/www.mtvuutiset.fi\/aihe\/alone-suomi\/9168296\" rel=\"nofollow noopener\" target=\"_blank\">Alone Suomi<\/a> -ohjelmasta esitet\u00e4\u00e4n televisiossa 28. lokakuuta.\u00a0<\/p>\n<p><strong class=\"typography-bold\">Petra <\/strong>valittelee 20. p\u00e4iv\u00e4n\u00e4, ett\u00e4 h\u00e4nen p\u00e4\u00e4t\u00e4ns\u00e4 on s\u00e4rkenyt aamusta saakka ja ett\u00e4 kropassa on outo tunne. H\u00e4nell\u00e4 on my\u00f6s rintakipua.\u00a0<\/p>\n<p>\u2013 Nyt pit\u00e4\u00e4 varmaan ilmoittaa jonnekin, kun pist\u00e4\u00e4 sen verran rintaa ja s\u00e4rkee p\u00e4\u00e4t\u00e4 niin kovaa. En tied\u00e4, mik\u00e4 minulla on. V\u00e4h\u00e4n pelottaa, Petra kertoo tuntemuksistaan jaksossa.<\/p>\n<p>H\u00e4n l\u00e4hett\u00e4\u00e4 h\u00e4t\u00e4viestin oireidensa vuoksi. \u00a0<\/p>\n<p><strong class=\"typography-bold\">Katso videolta, mit\u00e4 l\u00e4\u00e4k\u00e4ri sanoo Petran oireista. \u00a0<\/strong><strong class=\"typography-bold\">Alone Suomi <\/strong><a class=\"underline\" data-testid=\"external-link\" href=\"https:\/\/www.mtv.fi\/ohjelma\/62cc19ad9b3c0db419d4\/alone-suomi\" rel=\"noopener noreferrer nofollow\" data-sentry-component=\"ExternalLink\" data-sentry-source-file=\"ExternalLink.tsx\" target=\"_blank\"><strong class=\"typography-bold\">MTV Katsomossa<\/strong><\/a><strong class=\"typography-bold\"> ja MTV3-kanavalla tiistaisin kello 21. MTV Katsomo+ -tilaajille seuraavan viikon jakso ennakkoon.<\/strong><\/p>\n","protected":false},"excerpt":{"rendered":"Alone Suomen kahdeksannessa jaksossa nelj\u00e4 kilpailijaa on viett\u00e4nyt er\u00e4maassa jo 20 p\u00e4iv\u00e4\u00e4.\u00a0 Kahdeksas jakso Alone Suomi -ohjelmasta esitet\u00e4\u00e4n&hellip;\n","protected":false},"author":2,"featured_media":68202,"comment_status":"","ping_status":"","sticky":false,"template":"","format":"standard","meta":{"footnotes":""},"categories":[133],"tags":[137,33,31,30,32,206,156,109],"class_list":{"0":"post-68201","1":"post","2":"type-post","3":"status-publish","4":"format-standard","5":"has-post-thumbnail","7":"category-televisiot","8":"tag-entertainment","9":"tag-fi","10":"tag-finland","11":"tag-finnish","12":"tag-suomi","13":"tag-televisiot","14":"tag-tv","15":"tag-viihde"},"share_on_mastodon":{"url":"","error":""},"_links":{"self":[{"href":"https:\/\/www.europesays.com\/fi\/wp-json\/wp\/v2\/posts\/68201","targetHints":{"allow":["GET"]}}],"collection":[{"href":"https:\/\/www.europesays.com\/fi\/wp-json\/wp\/v2\/posts"}],"about":[{"href":"https:\/\/www.europesays.com\/fi\/wp-json\/wp\/v2\/types\/post"}],"author":[{"embeddable":true,"href":"https:\/\/www.europesays.com\/fi\/wp-json\/wp\/v2\/users\/2"}],"replies":[{"embeddable":true,"href":"https:\/\/www.europesays.com\/fi\/wp-json\/wp\/v2\/comments?post=68201"}],"version-history":[{"count":0,"href":"https:\/\/www.europesays.com\/fi\/wp-json\/wp\/v2\/posts\/68201\/revisions"}],"wp:featuredmedia":[{"embeddable":true,"href":"https:\/\/www.europesays.com\/fi\/wp-json\/wp\/v2\/media\/68202"}],"wp:attachment":[{"href":"https:\/\/www.europesays.com\/fi\/wp-json\/wp\/v2\/media?parent=68201"}],"wp:term":[{"taxonomy":"category","embeddable":true,"href":"https:\/\/www.europesays.com\/fi\/wp-json\/wp\/v2\/categories?post=68201"},{"taxonomy":"post_tag","embeddable":true,"href":"https:\/\/www.europesays.com\/fi\/wp-json\/wp\/v2\/tags?post=68201"}],"curies":[{"name":"wp","href":"https:\/\/api.w.org\/{rel}","templated":true}]}}