{"id":68347,"date":"2025-10-21T16:23:10","date_gmt":"2025-10-21T16:23:10","guid":{"rendered":"https:\/\/www.europesays.com\/fi\/68347\/"},"modified":"2025-10-21T16:23:10","modified_gmt":"2025-10-21T16:23:10","slug":"salakuva-vappu-pimia-toi-perheensa-yllattavaan-paikkaan","status":"publish","type":"post","link":"https:\/\/www.europesays.com\/fi\/68347\/","title":{"rendered":"Salakuva: Vappu Pimi\u00e4 toi perheens\u00e4 yll\u00e4tt\u00e4v\u00e4\u00e4n paikkaan"},"content":{"rendered":"<p>\n            Linnan juhlat 06. 12. 2024.Kuvassa Vappu Pimi\u00e4 ja Teemu Huuhtanen.Seiska\/Eetu Ampuja<br \/>\n            Eetu Ampuja\n        <\/p>\n<p class=\"subtitle \">Turkulainen miespuolinen lukija kertoo mielikuvansa Vapusta muuttuneen.<\/p>\n<p class=\"article-content article-content-width !bg-background\">Salo on kaupunki Varsinais-Suomessa, suunnilleen Turun ja Helsingin puoliv\u00e4liss\u00e4.<\/p>\n<p class=\"article-content article-content-width !bg-background\">Kuuluisia salolaisia ovat muun muassa  kanssa yhteisty\u00f6t\u00e4 tehnyt muusikko  sek\u00e4 presidentti .<\/p>\n<p class=\"article-content article-content-width !bg-background\">Salossa on my\u00f6s Uskelan kirkko, jonka on suunnitellut itse .<\/p>\n<p>        <a itemprop=\"url\" href=\"https:\/\/www.seiska.fi\/kotimaa\/vappu-pimia-napayttaa-arvostelijoitaan-tyonteosta\/1584227\" rel=\"nofollow noopener\" target=\"_blank\"><\/p>\n<p class=\"section-date\">\n        <strong class=\"article-section\" data-section=\"kotimaa\"><br \/>\n            kotimaa<br \/>\n        <\/strong><br \/>\n        19.1. 18:24\n    <\/p>\n<p>Vappu Pimi\u00e4 n\u00e4p\u00e4ytt\u00e4\u00e4 arvostelijoitaan ty\u00f6nteosta\n    <\/p>\n<p itemprop=\"description\" class=\"subtitle \">\n    Vappu muun muassa kuvailee influencerien olevan \u201dyhden hengen mainostoimistoja\u201d.\n<\/p>\n<p>        <\/a><\/p>\n<p class=\"article-content article-content-width !bg-background\">Perjantaina Salo sai koko Suomen tunteman vieraan, kun paikallisille Kurpitsaviikoille saapui\u00a0 perheineen.<\/p>\n<p>                <img decoding=\"async\" src=\"https:\/\/www.europesays.com\/fi\/wp-content\/uploads\/2025\/10\/1761063789_889_1954156.webp\" width=\"576\" height=\"322\" alt=\"K\u00e4ynniss\u00e4 oleva TTK-kausi j\u00e4\u00e4 Vappu Pimi\u00e4n viimeiseksi.\" loading=\"lazy\" \/>            <\/p>\n<p>\n            K\u00e4ynniss\u00e4 oleva TTK-kausi j\u00e4\u00e4 Vappu Pimi\u00e4n viimeiseksi.<br \/>\n            Timo Korhonen\n        <\/p>\n<p class=\"article-content article-content-width !bg-background\">Seiskan lukija huomasi Vapun, joka on kertonut lopettavansa Tanssii t\u00e4htien kanssa -ohjelman juontajapestins\u00e4 t\u00e4h\u00e4n kauteen.<\/p>\n<p class=\"article-content article-content-width !bg-background\">Eik\u00e4 Vappu ollut yksin, vaan mukana oli koko perhe \u2013  ja parin kaksi tyt\u00e4rt\u00e4.<\/p>\n<p>        <a itemprop=\"url\" href=\"https:\/\/www.seiska.fi\/vain-seiskassa\/vappu-pimia-ja-teemu-rakas-herattivat-huomiota-kauppakeskuksessa-kuva-paljasti-yllattavan-asian\/1554177\" rel=\"nofollow noopener\" target=\"_blank\"><\/p>\n<p class=\"section-date\">\n        <strong class=\"article-section\" data-section=\"vain seiskassa\"><br \/>\n            vain seiskassa<br \/>\n        <\/strong><br \/>\n        17.12.2024 16:00\n    <\/p>\n<p>Vappu Pimi\u00e4 ja Teemu-rakas her\u00e4ttiv\u00e4t huomiota kauppakeskuksessa \u2013 kuva paljasti yll\u00e4tt\u00e4v\u00e4n asian\n    <\/p>\n<p itemprop=\"description\" class=\"subtitle \">\n    Vappu ja Teemu kohtasivat radiot\u00e4hden.\n<\/p>\n<p>        <\/a><\/p>\n<p class=\"article-content article-content-width !bg-background\">\u2013 Vappu vaikutti oikein hyv\u00e4ntuuliselta, h\u00e4n jonotti lasten kanssa vohvelikioskille.<\/p>\n<p class=\"article-content article-content-width !bg-background\">\u2013 Mies sen sijaan keskittyi ainakin siin\u00e4 hetkess\u00e4 puhelimeensa, liek\u00f6 ollut bisnespuhelu vai mist\u00e4 min\u00e4 tied\u00e4n, miespuolinen turkulainen lukija hym\u00e4ht\u00e4\u00e4.<\/p>\n<p>                <img decoding=\"async\" src=\"https:\/\/www.europesays.com\/fi\/wp-content\/uploads\/2025\/10\/1916703.webp\" width=\"576\" height=\"720\" alt=\"Viel\u00e4 t\u00e4m\u00e4n TTK-kauden Ernest Lawson p\u00e4\u00e4see juontamaan Vapun kanssa.\" loading=\"lazy\" \/>            <\/p>\n<p>\n            Viel\u00e4 t\u00e4m\u00e4n TTK-kauden Ernest Lawson p\u00e4\u00e4see juontamaan Vapun kanssa.<br \/>\n            Timo Korhonen\n        <\/p>\n<p>S\u00e4\u00e4 on pukeutumiskysymys<\/p>\n<p class=\"article-content article-content-width !bg-background\">Lokakuu on ollut viile\u00e4 ja kes\u00e4 on muisto vain. Joulukin on jo parin kuukauden p\u00e4\u00e4ss\u00e4.<\/p>\n<p class=\"article-content article-content-width !bg-background\">\u2013 Kylm\u00e4 tosiaan oli, vaikka oli viel\u00e4 ihan valoisa aika.<\/p>\n<p class=\"article-content article-content-width !bg-background\">\u2013 Vappu ja koko perhe olivat kuitenkin pukeutuneet l\u00e4mpim\u00e4sti.<\/p>\n<p>        <a itemprop=\"url\" href=\"https:\/\/www.seiska.fi\/vain-seiskassa\/railakas-meno-vappu-pimia-heratti-huomiota-tahkolla-video\/1573666\" rel=\"nofollow noopener\" target=\"_blank\"><\/p>\n<p class=\"section-date\">\n        <strong class=\"article-section\" data-section=\"vain seiskassa\"><br \/>\n            vain seiskassa<br \/>\n        <\/strong><br \/>\n        11.1. 07:00\n    <\/p>\n<p>Railakas meno! Vappu Pimi\u00e4 her\u00e4tti huomiota Tahkolla \u2013 video!\n    <\/p>\n<p itemprop=\"description\" class=\"subtitle \">\n    Lukijan videolla Tanssii t\u00e4htien kanssa -ohjelman juontaja jammailee \u00f6ljylantioineen siihen tahtiin, ett\u00e4 voisi itsekin menn\u00e4 kisaamaan TTK:n voitosta.\n<\/p>\n<p>        <\/a><\/p>\n<p class=\"article-content article-content-width !bg-background\">Ehk\u00e4 juuri l\u00e4mmin pukeutuminen pantoineen sai aikaan sen, etteiv\u00e4t kaikki paikallaolijat v\u00e4ltt\u00e4m\u00e4tt\u00e4 edes tunnistaneet suosikkijuontajaa.<\/p>\n<p class=\"article-content article-content-width !bg-background\">\u2013 Saivat olla rauhassa, loppujen lopuksi en min\u00e4k\u00e4\u00e4n heit\u00e4 meinannut aluksi tunnistaa.<\/p>\n<p>                <img decoding=\"async\" src=\"https:\/\/www.europesays.com\/fi\/wp-content\/uploads\/2025\/10\/1966651.webp\" width=\"576\" height=\"1037\" alt=\"Vappu jonotti perheineen vohveleita.\" loading=\"lazy\" \/>            <\/p>\n<p>\n            Vappu jonotti perheineen vohveleita.<br \/>\n            Lukijan kuva\n        <\/p>\n<p>Jonotus sujui<\/p>\n<p class=\"article-content article-content-width !bg-background\">Mit\u00e4\u00e4n shokkia ei Vappu aiheuttanut.<\/p>\n<p class=\"article-content article-content-width !bg-background\">\u2013 He olivat todella hyv\u00e4ntuulisia siin\u00e4, Vappu erityisesti lasten kanssa, ja mieskin tuli puhelunsa j\u00e4lkeen et\u00e4\u00e4mm\u00e4lt\u00e4 jonoon.<\/p>\n<p class=\"article-content article-content-width !bg-background\">Mielikuvakin muuttui.<\/p>\n<p>        <a itemprop=\"url\" href=\"https:\/\/www.seiska.fi\/kotimaa\/oho-paljastiko-vappu-pimia-uuden-pestinsa-vahingossa-ennen-aikojaan-1\/1954149\" rel=\"nofollow noopener\" target=\"_blank\"><\/p>\n<p>\nOho!\n<\/p>\n<p class=\"section-date\">\n        <strong class=\"article-section\" data-section=\"kotimaa\"><br \/>\n            kotimaa<br \/>\n        <\/strong><br \/>\n        8.10. 05:00\n    <\/p>\n<p>Oho! Paljastiko Vappu Pimi\u00e4 uuden pestins\u00e4 vahingossa ennen aikojaan?\n    <\/p>\n<p itemprop=\"description\" class=\"subtitle \">\n    Vappu on vihjaillut uudesta projektistaan, mutta tuliko suosikkijuontaja vahingossa lipsauttaneeksi liikaa?\n<\/p>\n<p>        <\/a><\/p>\n<p class=\"article-content article-content-width !bg-background\">\u2013 Minulla on joku muistikuva, ett\u00e4 Vapun olisi joskus ollut vaikea jonottaa.<\/p>\n<p class=\"article-content article-content-width !bg-background\">Oli muistikuvan tosi tai ei, jonotti Vappu Salossa tavan kuolevaisten tapaan.<\/p>\n<p>                <img decoding=\"async\" src=\"https:\/\/www.europesays.com\/fi\/wp-content\/uploads\/2025\/10\/1966652.webp\" width=\"576\" height=\"778\" alt=\"Lukijan mukaan Vapun Teemu-rakas oli hetkitt\u00e4in puhelimessa, mutta palasi ruotuun jonottamaan, kun puheli oli saatu alta pois.\" loading=\"lazy\" \/>            <\/p>\n<p>\n            Lukijan mukaan Vapun Teemu-rakas oli hetkitt\u00e4in puhelimessa, mutta palasi ruotuun jonottamaan, kun puheli oli saatu alta pois.<\/p>\n<p>Nyt puhuu Vappu<\/p>\n<p class=\"article-content article-content-width !bg-background\">Ja tokihan Seiska tavoitti my\u00f6s itse Vapun, jolle Kurpitsaviikot eiv\u00e4t ole vieras asia.<\/p>\n<p class=\"article-content article-content-width !bg-background\">\u2013 Kyll\u00e4, olin perheeni kanssa piipahtamassa siell\u00e4. On ihan mahtava tapahtuma, jossa on kiva k\u00e4yd\u00e4 joka vuosi.<\/p>\n<p class=\"article-content article-content-width !bg-background\">Vappu on mieliss\u00e4\u00e4n my\u00f6s siit\u00e4, ett\u00e4 h\u00e4nest\u00e4 j\u00e4i hyv\u00e4 kuva jonottaessaan.<\/p>\n<p class=\"article-content article-content-width !bg-background\">\u2013 Kiva kuulla! Se on tosi hieno tapahtuma, josta on paljon iloa salolaisille ja muillekin.<\/p>\n","protected":false},"excerpt":{"rendered":"Linnan juhlat 06. 12. 2024.Kuvassa Vappu Pimi\u00e4 ja Teemu Huuhtanen.Seiska\/Eetu Ampuja Eetu Ampuja Turkulainen miespuolinen lukija kertoo mielikuvansa&hellip;\n","protected":false},"author":2,"featured_media":68348,"comment_status":"","ping_status":"","sticky":false,"template":"","format":"standard","meta":{"footnotes":""},"categories":[136],"tags":[407,137,33,31,30,408,13909,1478,4405,1553,32,903,1896,109],"class_list":{"0":"post-68347","1":"post","2":"type-post","3":"status-publish","4":"format-standard","5":"has-post-thumbnail","7":"category-julkkikset","8":"tag-celebrities","9":"tag-entertainment","10":"tag-fi","11":"tag-finland","12":"tag-finnish","13":"tag-julkkikset","14":"tag-kurpitsaviikot","15":"tag-matkailu","16":"tag-salo","17":"tag-sauli-niinisto","18":"tag-suomi","19":"tag-tanssii-tahtien-kanssa","20":"tag-vappu-pimia","21":"tag-viihde"},"share_on_mastodon":{"url":"","error":""},"_links":{"self":[{"href":"https:\/\/www.europesays.com\/fi\/wp-json\/wp\/v2\/posts\/68347","targetHints":{"allow":["GET"]}}],"collection":[{"href":"https:\/\/www.europesays.com\/fi\/wp-json\/wp\/v2\/posts"}],"about":[{"href":"https:\/\/www.europesays.com\/fi\/wp-json\/wp\/v2\/types\/post"}],"author":[{"embeddable":true,"href":"https:\/\/www.europesays.com\/fi\/wp-json\/wp\/v2\/users\/2"}],"replies":[{"embeddable":true,"href":"https:\/\/www.europesays.com\/fi\/wp-json\/wp\/v2\/comments?post=68347"}],"version-history":[{"count":0,"href":"https:\/\/www.europesays.com\/fi\/wp-json\/wp\/v2\/posts\/68347\/revisions"}],"wp:featuredmedia":[{"embeddable":true,"href":"https:\/\/www.europesays.com\/fi\/wp-json\/wp\/v2\/media\/68348"}],"wp:attachment":[{"href":"https:\/\/www.europesays.com\/fi\/wp-json\/wp\/v2\/media?parent=68347"}],"wp:term":[{"taxonomy":"category","embeddable":true,"href":"https:\/\/www.europesays.com\/fi\/wp-json\/wp\/v2\/categories?post=68347"},{"taxonomy":"post_tag","embeddable":true,"href":"https:\/\/www.europesays.com\/fi\/wp-json\/wp\/v2\/tags?post=68347"}],"curies":[{"name":"wp","href":"https:\/\/api.w.org\/{rel}","templated":true}]}}