{"id":68349,"date":"2025-10-21T16:24:06","date_gmt":"2025-10-21T16:24:06","guid":{"rendered":"https:\/\/www.europesays.com\/fi\/68349\/"},"modified":"2025-10-21T16:24:06","modified_gmt":"2025-10-21T16:24:06","slug":"kriitikko-haukkui-kuvani-pystyyn-sanoo-jaakko-tahti-kauan-yrittajana-tyoskennellyt-valokuvaaja-on-nahnyt-alan-muutoksen-keski-suomi","status":"publish","type":"post","link":"https:\/\/www.europesays.com\/fi\/68349\/","title":{"rendered":"&#8221;Kriitikko haukkui kuvani pystyyn&#8221;, sanoo Jaakko T\u00e4hti \u2013 kauan yritt\u00e4j\u00e4n\u00e4 ty\u00f6skennellyt valokuvaaja on n\u00e4hnyt alan muutoksen | Keski-Suomi"},"content":{"rendered":"<p>Valokuvaaja <strong>Jaakko T\u00e4hden<\/strong> yritykset Ateljee Jaakko T\u00e4hti sek\u00e4 Suomi Kuvapankki ovat toimineet 25 vuotta.<\/p>\n<p>Yritystoimintansa T\u00e4hti aloitti Viitasaarella, mutta asui v\u00e4lill\u00e4 useita vuosia Jyv\u00e4skyl\u00e4ss\u00e4. Nyt h\u00e4n on Sirpa-vaimonsa kanssa asettunut j\u00e4lleen pysyv\u00e4sti Viitasaarelle, vaimon kotipit\u00e4j\u00e4\u00e4n.<\/p>\n<p>T\u00e4hti ylist\u00e4\u00e4 viitasaarelaisia kuvausmahdollisuuksia, sill\u00e4 avarat j\u00e4rvimaisemat ovat h\u00e4nelle mieleen.<\/p>\n<p>\u2013\u2009Jyv\u00e4skyl\u00e4n pikkuj\u00e4rvill\u00e4 ei saa samanlaista n\u00e4kyv\u00e4isyytt\u00e4 esimerkiksi auringon laskiessa, sill\u00e4 et\u00e4isyys horisonttiin on liian lyhyt. Viitasaarella saan kiinni sen hetken, valon ja tunnelman, jota haluan tuoda esille, T\u00e4hti perustelee.<\/p>\n","protected":false},"excerpt":{"rendered":"Valokuvaaja Jaakko T\u00e4hden yritykset Ateljee Jaakko T\u00e4hti sek\u00e4 Suomi Kuvapankki ovat toimineet 25 vuotta. Yritystoimintansa T\u00e4hti aloitti Viitasaarella,&hellip;\n","protected":false},"author":2,"featured_media":68350,"comment_status":"","ping_status":"","sticky":false,"template":"","format":"standard","meta":{"footnotes":""},"categories":[135],"tags":[389,387,388,390,137,33,31,30,425,667,406,923,6045,32,394,485,393,391,392,109,589],"class_list":{"0":"post-68349","1":"post","2":"type-post","3":"status-publish","4":"format-standard","5":"has-post-thumbnail","7":"category-taiteet-ja-suunnittelu","8":"tag-arts","9":"tag-arts-and-design","10":"tag-artsanddesign","11":"tag-design","12":"tag-entertainment","13":"tag-fi","14":"tag-finland","15":"tag-finnish","16":"tag-jyvaskyla","17":"tag-lappi","18":"tag-luontovalokuvaus","19":"tag-matkustaminen","20":"tag-pihtipudas","21":"tag-suomi","22":"tag-suunnittelu","23":"tag-taide-yleista","24":"tag-taiteet","25":"tag-taiteet-ja-suunnittelu","26":"tag-taiteetsuunnittelu","27":"tag-viihde","28":"tag-viitasaari"},"share_on_mastodon":{"url":"","error":""},"_links":{"self":[{"href":"https:\/\/www.europesays.com\/fi\/wp-json\/wp\/v2\/posts\/68349","targetHints":{"allow":["GET"]}}],"collection":[{"href":"https:\/\/www.europesays.com\/fi\/wp-json\/wp\/v2\/posts"}],"about":[{"href":"https:\/\/www.europesays.com\/fi\/wp-json\/wp\/v2\/types\/post"}],"author":[{"embeddable":true,"href":"https:\/\/www.europesays.com\/fi\/wp-json\/wp\/v2\/users\/2"}],"replies":[{"embeddable":true,"href":"https:\/\/www.europesays.com\/fi\/wp-json\/wp\/v2\/comments?post=68349"}],"version-history":[{"count":0,"href":"https:\/\/www.europesays.com\/fi\/wp-json\/wp\/v2\/posts\/68349\/revisions"}],"wp:featuredmedia":[{"embeddable":true,"href":"https:\/\/www.europesays.com\/fi\/wp-json\/wp\/v2\/media\/68350"}],"wp:attachment":[{"href":"https:\/\/www.europesays.com\/fi\/wp-json\/wp\/v2\/media?parent=68349"}],"wp:term":[{"taxonomy":"category","embeddable":true,"href":"https:\/\/www.europesays.com\/fi\/wp-json\/wp\/v2\/categories?post=68349"},{"taxonomy":"post_tag","embeddable":true,"href":"https:\/\/www.europesays.com\/fi\/wp-json\/wp\/v2\/tags?post=68349"}],"curies":[{"name":"wp","href":"https:\/\/api.w.org\/{rel}","templated":true}]}}