{"id":68473,"date":"2025-10-21T18:58:08","date_gmt":"2025-10-21T18:58:08","guid":{"rendered":"https:\/\/www.europesays.com\/fi\/68473\/"},"modified":"2025-10-21T18:58:08","modified_gmt":"2025-10-21T18:58:08","slug":"samsung-keskeytti-android-16-one-ui-8-paivityksen-jakelun-galaxy-s23-ja-s24-puhelimille","status":"publish","type":"post","link":"https:\/\/www.europesays.com\/fi\/68473\/","title":{"rendered":"Samsung keskeytti Android 16 \/ One UI 8 -p\u00e4ivityksen jakelun Galaxy S23- ja S24-puhelimille"},"content":{"rendered":"<p><a href=\"https:\/\/mobiili.fi\/wp-content\/uploads\/2023\/02\/20230204_125128-scaled.jpg\" data-lightbox=\"image\" rel=\"nofollow noopener\" target=\"_blank\"><img fetchpriority=\"high\" decoding=\"async\" aria-describedby=\"caption-attachment-212031\" class=\"size-large wp-image-212031\" src=\"data:image\/svg+xml,%3Csvg%20xmlns=\" http:=\"\" alt=\"Kuvassa Samsung Galaxy S23 Ultra.\" width=\"800\" height=\"604\" data-lazy- data-lazy- data-lazy-src=\"https:\/\/www.europesays.com\/fi\/wp-content\/uploads\/2025\/10\/20230204_125128-800x604.jpg\"\/><\/a><\/p>\n<p id=\"caption-attachment-212031\" class=\"wp-caption-text\">Kuvassa Samsung Galaxy S23 Ultra.<\/p>\n<p>Samsung aloitti Android 16 -k\u00e4ytt\u00f6j\u00e4rjestelm\u00e4versioon perustuvan One UI 8 -ohjelmistonsa p\u00e4ivitykset Galaxy-laitteilleen syyskuun puoliv\u00e4liss\u00e4.<\/p>\n<p>Samsung laajensi p\u00e4ivityksi\u00e4 nopeasti monille eri laitteille syyskuun aikana, mutta nyt on virallisesti vahvistettu sen joutuneen keskeytt\u00e4m\u00e4\u00e4n p\u00e4ivityksen jakelun niin Galaxy S24 -sarjan kuin my\u00f6s Galaxy S23 -sarjan puhelimille, kertoo SamMobile-sivusto.<\/p>\n<p>P\u00e4ivitys katosi saatavilta ensin Galaxy S24 -sarjalta ja muutamaa p\u00e4iv\u00e4\u00e4 my\u00f6hemmin Galaxy S23 -sarjalta.<\/p>\n<p style=\"width: 98%; text-align: center; font-size:13px; border-bottom: 1px solid #C8C8C8; line-height: 0.1em; margin: 8px 1% 16px 1%;\">MAINOS (ARTIKKELI JATKUU ALLA)<\/p>\n<p>Aiemmin on raportoitu jakelun keskeytymisest\u00e4 my\u00f6s Galaxy S22 -puhelimille, mutta niiden osalta jakelu on sittemmin jo jatkunut.<\/p>\n<p><a href=\"https:\/\/www.sammobile.com\/news\/galaxy-s23-is-the-latest-to-suffer-a-one-ui-8-0-release-suspension\/\" rel=\"nofollow noopener\" target=\"_blank\">SamMobilen mukaan<\/a> jakelussa kohdattiin haasteita ja se on keskeytetty. Tarkempaa tietoa ongelmista ei kuitenkaan ole. Todenn\u00e4k\u00f6isesti Samsung l\u00f6ysi ohjelmistosta ongelman, jonka se haluaa korjata ennen jakelun jatkamista. K\u00e4ytt\u00e4j\u00e4t eiv\u00e4t kuitenkaan ole laajamittaisesti raportoineet mist\u00e4\u00e4n yksitt\u00e4isest\u00e4 ongelmasta.<\/p>\n<p>One UI 8 debytoi aiemmin hein\u00e4kuussa Galaxy Z Fold7:ss\u00e4, Galaxy Z Flip7:ss\u00e4 ja Galaxy Z Flip7 FE:ss\u00e4, mink\u00e4 lis\u00e4ksi my\u00f6s Galaxy S25 FE saapui markkinoille sill\u00e4 varustettuna.<\/p>\n<p style=\"width: 98%; text-align: center; font-size:13px; border-bottom: 1px solid #C8C8C8; line-height: 0.1em; margin: 8px 1% 16px 1%;\">MAINOS (ARTIKKELI JATKUU ALLA)<\/p>\n<p><strong><a href=\"https:\/\/mobiili.fi\/2025\/09\/15\/samsung-aloitti-android-16-pohjaisen-one-ui-8n-jakelun-paivityksena-naille-puhelimille-se-saapuu-ensimmaisena\/\" rel=\"nofollow noopener\" target=\"_blank\">Lue lis\u00e4\u00e4 One UI 8.sta aiemmasta artikkelistamme!<\/a><\/strong><\/p>\n<p>Mainos: <a href=\"https:\/\/hinta.fi\/?src=gPp6fX03\" target=\"_blank\" rel=\"nofollow noopener\">Noin 1 600 000 tuotteen hintavertailu ja hintaseuranta &#8211; katso Hinta.fist\u00e4 mist\u00e4 saat halvimmalla<\/a><\/p>\n","protected":false},"excerpt":{"rendered":"Kuvassa Samsung Galaxy S23 Ultra. Samsung aloitti Android 16 -k\u00e4ytt\u00f6j\u00e4rjestelm\u00e4versioon perustuvan One UI 8 -ohjelmistonsa p\u00e4ivitykset Galaxy-laitteilleen syyskuun&hellip;\n","protected":false},"author":2,"featured_media":68474,"comment_status":"","ping_status":"","sticky":false,"template":"","format":"standard","meta":{"footnotes":""},"categories":[85],"tags":[33,31,30,419,418,32,91,92],"class_list":{"0":"post-68473","1":"post","2":"type-post","3":"status-publish","4":"format-standard","5":"has-post-thumbnail","7":"category-mobiili","8":"tag-fi","9":"tag-finland","10":"tag-finnish","11":"tag-mobiili","12":"tag-mobile","13":"tag-suomi","14":"tag-technology","15":"tag-teknologia"},"share_on_mastodon":{"url":"","error":""},"_links":{"self":[{"href":"https:\/\/www.europesays.com\/fi\/wp-json\/wp\/v2\/posts\/68473","targetHints":{"allow":["GET"]}}],"collection":[{"href":"https:\/\/www.europesays.com\/fi\/wp-json\/wp\/v2\/posts"}],"about":[{"href":"https:\/\/www.europesays.com\/fi\/wp-json\/wp\/v2\/types\/post"}],"author":[{"embeddable":true,"href":"https:\/\/www.europesays.com\/fi\/wp-json\/wp\/v2\/users\/2"}],"replies":[{"embeddable":true,"href":"https:\/\/www.europesays.com\/fi\/wp-json\/wp\/v2\/comments?post=68473"}],"version-history":[{"count":0,"href":"https:\/\/www.europesays.com\/fi\/wp-json\/wp\/v2\/posts\/68473\/revisions"}],"wp:featuredmedia":[{"embeddable":true,"href":"https:\/\/www.europesays.com\/fi\/wp-json\/wp\/v2\/media\/68474"}],"wp:attachment":[{"href":"https:\/\/www.europesays.com\/fi\/wp-json\/wp\/v2\/media?parent=68473"}],"wp:term":[{"taxonomy":"category","embeddable":true,"href":"https:\/\/www.europesays.com\/fi\/wp-json\/wp\/v2\/categories?post=68473"},{"taxonomy":"post_tag","embeddable":true,"href":"https:\/\/www.europesays.com\/fi\/wp-json\/wp\/v2\/tags?post=68473"}],"curies":[{"name":"wp","href":"https:\/\/api.w.org\/{rel}","templated":true}]}}