{"id":68479,"date":"2025-10-21T19:03:07","date_gmt":"2025-10-21T19:03:07","guid":{"rendered":"https:\/\/www.europesays.com\/fi\/68479\/"},"modified":"2025-10-21T19:03:07","modified_gmt":"2025-10-21T19:03:07","slug":"iron-maidenin-adrian-smith-puhuu-kauniisti-nicko-mcbrainista-han-oli-uskomaton","status":"publish","type":"post","link":"https:\/\/www.europesays.com\/fi\/68479\/","title":{"rendered":"Iron Maidenin Adrian Smith puhuu kauniisti Nicko McBrainista: &#8221;H\u00e4n oli uskomaton&#8221;"},"content":{"rendered":"<p>Iron Maidenista on j\u00e4lleen kerran kirjoitettu kirja. Teoksen nimi on Seventh Son -hengess\u00e4 Infinite Dreams \u2013 The Official Visual History, ja Saksan <a href=\"https:\/\/youtu.be\/iP9pn_kGFfY?si=3_yPzbFAI9cuyt73\" rel=\"nofollow noopener\" target=\"_blank\">Metal Hammer<\/a> p\u00e4\u00e4tti haastatella kitaristi Adrian Smithi\u00e4 opuksen tiimoilta. Puhe k\u00e4\u00e4ntyi my\u00f6s Maidenin keikkamiehist\u00f6st\u00e4 hiljattain eronneeseen Nicko McBrainiin, jonka loppuaikojen ty\u00f6moraalille Smith nostaa hattua.<\/p>\n<p>\u201dNick oli tietysti valtavan t\u00e4rke\u00e4 osa Iron Maidenia. H\u00e4n on suuri persoonallisuus. Asiat eiv\u00e4t ole ilman h\u00e4nt\u00e4 entisell\u00e4\u00e4n. Se kaikki oli valitettavaa: h\u00e4n sai aivohalvauksen, eik\u00e4 h\u00e4n fyysisesti voinut asialle mit\u00e4\u00e4n. H\u00e4n todella yritti, ja me kaikki yritimme auttaa h\u00e4nt\u00e4\u201d, Smith kertoo ja jatkaa:<\/p>\n<p>\u201dLuulen, ett\u00e4 Maidenin rumpalin homma on fyysisesti erityisen vaativa pesti. Keikoilla t\u00e4ytyy pysty\u00e4 olemaan todella vahvasti etujalalla kahden tunnin ajan. Ja kyll\u00e4, h\u00e4n teki loistavaa ty\u00f6t\u00e4 muutamalla viimeisell\u00e4 kiertueella, se oli varsin uskomatonta \u2013 se oli kunniaksi h\u00e4nelle itselleen. H\u00e4n oli uskomaton vuosien ajan.\u201d<\/p>\n<p>\u201dMonet rakastivat h\u00e4nt\u00e4. No, me kaikki rakastimme h\u00e4nt\u00e4 \u2013 ja rakastamme yh\u00e4. H\u00e4n tulee aina olemaan osa b\u00e4ndi\u00e4, viel\u00e4 nytkin. Kaikki t\u00e4m\u00e4 on hyvin surullista. Simon [Dawson] on tullut kuvioihin, ja h\u00e4n tiet\u00e4\u00e4, miten t\u00e4rke\u00e4 osa Nick oli kaikkea. Mutta Nick antoi h\u00e4nelle siunauksensa ja toivotti h\u00e4nelle onnea. H\u00e4n sanoi minulle \u2013 keskustelen Nickin kanssa edelleen \u2013 h\u00e4n sanoi: \u2019Onnea matkaan kiertueelle\u2019 ja sellaista. H\u00e4n haluaa, ett\u00e4 b\u00e4ndi voi hyvin, koska h\u00e4n kokee olevansa edelleen osa t\u00e4t\u00e4 kaikkea, ja niinh\u00e4n h\u00e4n onkin.\u201d<\/p>\n","protected":false},"excerpt":{"rendered":"Iron Maidenista on j\u00e4lleen kerran kirjoitettu kirja. Teoksen nimi on Seventh Son -hengess\u00e4 Infinite Dreams \u2013 The Official&hellip;\n","protected":false},"author":2,"featured_media":68480,"comment_status":"","ping_status":"","sticky":false,"template":"","format":"standard","meta":{"footnotes":""},"categories":[132],"tags":[137,33,31,30,195,47,32,109],"class_list":{"0":"post-68479","1":"post","2":"type-post","3":"status-publish","4":"format-standard","5":"has-post-thumbnail","7":"category-musiikki","8":"tag-entertainment","9":"tag-fi","10":"tag-finland","11":"tag-finnish","12":"tag-music","13":"tag-musiikki","14":"tag-suomi","15":"tag-viihde"},"share_on_mastodon":{"url":"","error":""},"_links":{"self":[{"href":"https:\/\/www.europesays.com\/fi\/wp-json\/wp\/v2\/posts\/68479","targetHints":{"allow":["GET"]}}],"collection":[{"href":"https:\/\/www.europesays.com\/fi\/wp-json\/wp\/v2\/posts"}],"about":[{"href":"https:\/\/www.europesays.com\/fi\/wp-json\/wp\/v2\/types\/post"}],"author":[{"embeddable":true,"href":"https:\/\/www.europesays.com\/fi\/wp-json\/wp\/v2\/users\/2"}],"replies":[{"embeddable":true,"href":"https:\/\/www.europesays.com\/fi\/wp-json\/wp\/v2\/comments?post=68479"}],"version-history":[{"count":0,"href":"https:\/\/www.europesays.com\/fi\/wp-json\/wp\/v2\/posts\/68479\/revisions"}],"wp:featuredmedia":[{"embeddable":true,"href":"https:\/\/www.europesays.com\/fi\/wp-json\/wp\/v2\/media\/68480"}],"wp:attachment":[{"href":"https:\/\/www.europesays.com\/fi\/wp-json\/wp\/v2\/media?parent=68479"}],"wp:term":[{"taxonomy":"category","embeddable":true,"href":"https:\/\/www.europesays.com\/fi\/wp-json\/wp\/v2\/categories?post=68479"},{"taxonomy":"post_tag","embeddable":true,"href":"https:\/\/www.europesays.com\/fi\/wp-json\/wp\/v2\/tags?post=68479"}],"curies":[{"name":"wp","href":"https:\/\/api.w.org\/{rel}","templated":true}]}}