{"id":68556,"date":"2025-10-21T20:41:25","date_gmt":"2025-10-21T20:41:25","guid":{"rendered":"https:\/\/www.europesays.com\/fi\/68556\/"},"modified":"2025-10-21T20:41:25","modified_gmt":"2025-10-21T20:41:25","slug":"turvapuhelinten-laaja-toimintahairio-ohi-laitteet-toimivat-jalleen-normaalisti-uutissuomalainen","status":"publish","type":"post","link":"https:\/\/www.europesays.com\/fi\/68556\/","title":{"rendered":"Turvapuhelinten laaja toimintah\u00e4iri\u00f6 ohi, laitteet toimivat j\u00e4lleen normaalisti | Uutissuomalainen"},"content":{"rendered":"<p>Turvapuhelinten toiminnassa havaittu laaja h\u00e4iri\u00f6 on korjaantunut kaikilla hyvinvointialueilla, jotka eilen tiedottivat h\u00e4iri\u00f6st\u00e4.<\/p>\n<p>P\u00e4\u00e4osa h\u00e4iri\u00f6ist\u00e4 saatiin korjattua jo eilisiltana. Keski-Suomen hyvinvointialue kertoi my\u00f6h\u00e4\u00e4n perjantai-iltana h\u00e4iri\u00f6n koskevan viel\u00e4 muutamaa sataa asiakasta. Lauantaina hyvinvointialueen vastuualuejohtaja Tuija Koivisto kertoi STT:lle h\u00e4iri\u00f6n olevan alueella ohi.<\/p>\n<p>\u2013\u2009Aamun aikana tarkistettiin viel\u00e4 muutamia puhelimia. Ihan hetki sitten voitiin todeta, ett\u00e4 h\u00e4iri\u00f6 on kokonaan ohi, h\u00e4n kertoi STT:lle hieman ennen aamukymment\u00e4.<\/p>\n<p>Pohjois-Karjalan hyvinvointialueella tilannetta seurattiin niin ik\u00e4\u00e4n y\u00f6n yli sen varalta, ett\u00e4 kaikki varmasti toimii. Lauantaiaamuna hyvinvointialueen palvelujohtaja Hannele Komu vahvisti STT:lle h\u00e4iri\u00f6n olevan my\u00f6s Pohjois-Karjalassa ohi.<\/p>\n<p>Eilen illalla useat hyvinvointialueet tiedottivat laajoista h\u00e4iri\u00f6ist\u00e4 turvapuhelinten toiminnassa. Etel\u00e4-Karjalan, Etel\u00e4-Savon ja P\u00e4ij\u00e4t-H\u00e4meen hyvinvointialueet kertoivat jo perjantaina, ett\u00e4 h\u00e4iri\u00f6 on saatu korjattua.<\/p>\n<p>\t\t\t\tH\u00e4iri\u00f6 koski kaikkia Pohjoismaita<\/p>\n<p>H\u00e4iri\u00f6st\u00e4 tiedottaneiden hyvinvointialueiden turvapuhelinasiakkaita on yhteens\u00e4 ainakin yli 10\u2009000. H\u00e4iri\u00f6 johtui hyvinvointialueiden mukaan teleoperaattorin tietoliikenneongelmasta ja se koski kaikkia Pohjoismaita.<\/p>\n<p>Turvapuhelinten lis\u00e4ksi h\u00e4iri\u00f6 vaikutti puhelimiin mahdollisesti liitettyjen lis\u00e4laitteiden eli ovisensorin, liesivahdin ja palo- tai h\u00e4k\u00e4varoittimen toimintaan.<\/p>\n<p>Hyvinvointialueet kertoivat varmistaneensa turvapuhelinasiakkaidensa turvallisuuden h\u00e4iri\u00f6n aikana muun muassa soittamalla heille tai lis\u00e4\u00e4m\u00e4ll\u00e4 k\u00e4yntej\u00e4 heid\u00e4n luonaan.<\/p>\n<p>Turvapuhelimet ovat kotihoidossa esimerkiksi ik\u00e4\u00e4ntyneille tarjottavia apuv\u00e4lineit\u00e4, joiden avulla asiakas voi h\u00e4lytt\u00e4\u00e4 kodistaan apua vuorokauden ymp\u00e4ri. Turvapuhelimella asiakas <a href=\"https:\/\/www.hyvaks.fi\/palvelumme\/turva-auttamispalvelu\" rel=\"nofollow noopener\" target=\"_blank\">voi<\/a> pyyt\u00e4\u00e4 apua esimerkiksi kaaduttuaan tai saatuaan sairauskohtauksen. Turvapuhelimeen sis\u00e4ltyy turvapuhelinlaite ja h\u00e4lytysranneke.<\/p>\n","protected":false},"excerpt":{"rendered":"Turvapuhelinten toiminnassa havaittu laaja h\u00e4iri\u00f6 on korjaantunut kaikilla hyvinvointialueilla, jotka eilen tiedottivat h\u00e4iri\u00f6st\u00e4. P\u00e4\u00e4osa h\u00e4iri\u00f6ist\u00e4 saatiin korjattua jo&hellip;\n","protected":false},"author":2,"featured_media":68557,"comment_status":"","ping_status":"","sticky":false,"template":"","format":"standard","meta":{"footnotes":""},"categories":[86],"tags":[420,4509,33,31,30,421,2367,631,633,632,32,91,92,487,167],"class_list":{"0":"post-68556","1":"post","2":"type-post","3":"status-publish","4":"format-standard","5":"has-post-thumbnail","7":"category-laitteet","8":"tag-equipment","9":"tag-etela-karjalan-maakunta","10":"tag-fi","11":"tag-finland","12":"tag-finnish","13":"tag-laitteet","14":"tag-langaton-teknologia","15":"tag-matkapuhelimet-ja-mobiililaitteet","16":"tag-mobiiliteknologia","17":"tag-puhelin","18":"tag-suomi","19":"tag-technology","20":"tag-teknologia","21":"tag-teknologia-yleista","22":"tag-terveys"},"share_on_mastodon":{"url":"","error":""},"_links":{"self":[{"href":"https:\/\/www.europesays.com\/fi\/wp-json\/wp\/v2\/posts\/68556","targetHints":{"allow":["GET"]}}],"collection":[{"href":"https:\/\/www.europesays.com\/fi\/wp-json\/wp\/v2\/posts"}],"about":[{"href":"https:\/\/www.europesays.com\/fi\/wp-json\/wp\/v2\/types\/post"}],"author":[{"embeddable":true,"href":"https:\/\/www.europesays.com\/fi\/wp-json\/wp\/v2\/users\/2"}],"replies":[{"embeddable":true,"href":"https:\/\/www.europesays.com\/fi\/wp-json\/wp\/v2\/comments?post=68556"}],"version-history":[{"count":0,"href":"https:\/\/www.europesays.com\/fi\/wp-json\/wp\/v2\/posts\/68556\/revisions"}],"wp:featuredmedia":[{"embeddable":true,"href":"https:\/\/www.europesays.com\/fi\/wp-json\/wp\/v2\/media\/68557"}],"wp:attachment":[{"href":"https:\/\/www.europesays.com\/fi\/wp-json\/wp\/v2\/media?parent=68556"}],"wp:term":[{"taxonomy":"category","embeddable":true,"href":"https:\/\/www.europesays.com\/fi\/wp-json\/wp\/v2\/categories?post=68556"},{"taxonomy":"post_tag","embeddable":true,"href":"https:\/\/www.europesays.com\/fi\/wp-json\/wp\/v2\/tags?post=68556"}],"curies":[{"name":"wp","href":"https:\/\/api.w.org\/{rel}","templated":true}]}}