{"id":68572,"date":"2025-10-21T21:14:08","date_gmt":"2025-10-21T21:14:08","guid":{"rendered":"https:\/\/www.europesays.com\/fi\/68572\/"},"modified":"2025-10-21T21:14:08","modified_gmt":"2025-10-21T21:14:08","slug":"sisun-jatko-osassa-aatami-korpi-antaa-puna-armeijalle-isan-kadesta-mutta-yhdessa-kohtauksessa-jopa-herkistellaan-koti","status":"publish","type":"post","link":"https:\/\/www.europesays.com\/fi\/68572\/","title":{"rendered":"Sisun jatko-osassa Aatami Korpi antaa puna-armeijalle is\u00e4n k\u00e4dest\u00e4, mutta yhdess\u00e4 kohtauksessa jopa herkistell\u00e4\u00e4n &#8211; Koti"},"content":{"rendered":"<p>Natsit ovat vaihtuneet puna-armeijaan Sisu 2:ssa, mutta Aatamilla on yh\u00e4 yhdeks\u00e4n henke\u00e4.<\/p>\n<p><a class=\"ArticleImage_imageContainer__e0EST\" href=\"https:\/\/www.europesays.com\/fi\/wp-content\/uploads\/2025\/10\/BPYgrg84tfVndfl_1Uxa5qVxZ5k.jpg\"><img decoding=\"async\" src=\"https:\/\/www.europesays.com\/fi\/wp-content\/uploads\/2025\/10\/BPYgrg84tfVndfl_1Uxa5qVxZ5k.jpg\" alt=\"Sisu 2 tulee elokuvateattereihin 22.10. Kaukopartiomies Aatami Korpi (Jorma Tommila) kaivaa j\u00e4lleen sisun esille, kun muu ei auta.\" loading=\"lazy\"\/><\/a><\/p>\n<p>Sisu 2 tulee elokuvateattereihin 22.10. Kaukopartiomies Aatami Korpi (Jorma Tommila) kaivaa j\u00e4lleen sisun esille, kun muu ei auta.\u00a0Kuva: Sony Pictures<\/p>\n<p><img decoding=\"async\" src=\"https:\/\/www.europesays.com\/fi\/wp-content\/uploads\/2025\/10\/A4QJkshQmOnDc3-Xfbfqbwbgn5Q.png\" alt=\"\" loading=\"lazy\"\/><\/p>\n<p class=\"RichTextParagraph_richTextParagraph__Wxs3t undefined\">Ollaanpa rehellisi\u00e4. T\u00e4llaista elokuvaa ei olisi voitu tehd\u00e4 viel\u00e4 20 vuotta sitten, ja 10 vuotta sittenkin se olisi ollut ep\u00e4todenn\u00e4k\u00f6inen. <\/p>\n<p class=\"RichTextParagraph_richTextParagraph__Wxs3t undefined\">Sisu 2:ssa viholliskuva on vaihtunut natseista ven\u00e4l\u00e4isiin, joten mennein\u00e4 aikoina nootti olisi napsahtanut saman tien, ja voihan se tulla nytkin. Entinen kaukopartiomies Aatami Korpi (<strong id=\"strong-4feacc417ebdf5900de884c7c8f9f88f\">Jorma Tommila<\/strong>) suolaa pari vuotta sodan p\u00e4\u00e4ttymisen j\u00e4lkeen sellaisen kasan puna-armeijan sotilaita, ett\u00e4 toiseksi olisivat j\u00e4\u00e4neet <strong id=\"strong-39842628786a41ed6ffbb187d2d15f87\">Simo H\u00e4yh\u00e4 <\/strong>ja alikersantti Rokka.<\/p>\n<p class=\"RichTextParagraph_richTextParagraph__Wxs3t undefined\">Historiaa ylti\u00f6vapaasti tulkitseva ja toiminnan nimeen vannova ensimm\u00e4inen Sisu-elokuva valmistui 2022 ja nousi yll\u00e4tt\u00e4en hitiksi jopa ulkomailla. <\/p>\n<p class=\"RichTextParagraph_richTextParagraph__Wxs3t undefined\">Sisu 2:ssa sota on p\u00e4\u00e4ttynyt, ja Aatami p\u00e4\u00e4tt\u00e4\u00e4 hakea talonsa hirret Karjalasta aloittaakseen el\u00e4m\u00e4ns\u00e4 uudelleen.<\/p>\n<p class=\"RichTextParagraph_richTextParagraph__Wxs3t undefined\">Se ei puna-armeijan korkeille upseereille passaa, ja Korven hoitaminen pois p\u00e4ivilt\u00e4 annetaan teht\u00e4v\u00e4ksi vankilassa viruvalle vanhalle partisaanille (<strong id=\"strong-21ee8989873f61947d7641e17223dec4\">Stephen Lang<\/strong>). T\u00e4m\u00e4 oli sodan aikaan murhannut Aatamin perheen, ja suomalaissankarin tappamisesta on luvassa kansalaisluottamuksen palautus korkojen kera. <\/p>\n<p><a class=\"ArticleImage_imageContainer__e0EST\" href=\"https:\/\/www.europesays.com\/fi\/wp-content\/uploads\/2025\/10\/9PEGRxin1xy1YpGIvbns0v66mSY.jpg\"><img decoding=\"async\" src=\"https:\/\/www.europesays.com\/fi\/wp-content\/uploads\/2025\/10\/9PEGRxin1xy1YpGIvbns0v66mSY.jpg\" alt=\"Stephen Langin esitt\u00e4m\u00e4 partisaani n\u00e4ytt\u00e4\u00e4 k\u00e4dest\u00e4 pit\u00e4en, kuinka potilasta vied\u00e4\u00e4n saamaan jatko-hoitoa.\" loading=\"lazy\"\/><\/a><\/p>\n<p>Stephen Langin esitt\u00e4m\u00e4 partisaani n\u00e4ytt\u00e4\u00e4 k\u00e4dest\u00e4 pit\u00e4en, kuinka potilasta vied\u00e4\u00e4n saamaan jatko-hoitoa.\u00a0Kuva: Kristjan M\u00f5ru<\/p>\n<p class=\"RichTextParagraph_richTextParagraph__Wxs3t undefined\">Ohjaaja ja k\u00e4sikirjoittaja <strong id=\"strong-253c568c3c3151f557a9eb7ed79a9177\">Jalmari Helander <\/strong>toistaa menestyskaavaa esikoisosalle uskollisesti aina lopun v\u00e4lienselvittely\u00e4 my\u00f6ten, vain riivaaja ja aarre ovat vaihtuneet. Repliikkej\u00e4 on piirun verran enemm\u00e4n kuin mykk\u00e4elokuvissa, ja nekin pahis murahtelee ven\u00e4l\u00e4isvaikutteisella englannilla.<\/p>\n<p class=\"RichTextParagraph_richTextParagraph__Wxs3t undefined\">Sisu 2 on toimivaa action-viihdett\u00e4. Verta isket\u00e4\u00e4n niin ven\u00e4l\u00e4isist\u00e4 kuin itse Aatamistakin, eik\u00e4 yliampuviin kohtauksiin voi suhtautua vakavasti. Niihin on piilotettu komiikkaa, kuten tyylilajiin usein kuuluu.<\/p>\n<p class=\"Blockquote_text___ueE4\">P\u00e4\u00e4henkil\u00f6st\u00e4 kaivetaan herkempi puoli pieneksi toviksi.<\/p>\n<p class=\"RichTextParagraph_richTextParagraph__Wxs3t undefined\">Aatamista kaivetaan herkemp\u00e4\u00e4 puolta kohtauksessa, jossa h\u00e4n palaa vanhaan kotitaloonsa. Lautanen on j\u00e4\u00e4nyt p\u00f6yt\u00e4\u00e4n kesken ruokailun ja s\u00e4ngyt vaille petausta. Perheest\u00e4 muistuttaa kuva piirongin p\u00e4\u00e4ll\u00e4. T\u00e4ss\u00e4 n\u00e4hd\u00e4\u00e4n Tommilaa parhaimmillaan, sanoja ei tarvita ja tunteet n\u00e4kyv\u00e4t kasvoilta.<\/p>\n<p class=\"RichTextParagraph_richTextParagraph__Wxs3t undefined\">Syv\u00e4lliseksi ei ehdit\u00e4 sen pidemp\u00e4\u00e4n, mutta menih\u00e4n James Bondillakin herk\u00e4ksi heitt\u00e4ytymisess\u00e4 muutamia kymmeni\u00e4 vuosia.<\/p>\n<p class=\"RichTextParagraph_richTextParagraph__Wxs3t undefined\">Tuleville jatko-osille olisi ehk\u00e4 hyv\u00e4kin markkinarako ilman perustavanlaatuista ongelmaa. Mist\u00e4 l\u00f6ytyv\u00e4t uudet viholliset nyt, kun natsit ja puna-armeija on taltutettu?<\/p>\n<p>Sisu 2 elokuvateattereissa 22.10. l\u00e4htien.<\/p>\n","protected":false},"excerpt":{"rendered":"Natsit ovat vaihtuneet puna-armeijaan Sisu 2:ssa, mutta Aatamilla on yh\u00e4 yhdeks\u00e4n henke\u00e4. Sisu 2 tulee elokuvateattereihin 22.10. Kaukopartiomies&hellip;\n","protected":false},"author":2,"featured_media":68573,"comment_status":"","ping_status":"","sticky":false,"template":"","format":"standard","meta":{"footnotes":""},"categories":[131],"tags":[155,137,33,173,31,30,172,32,109],"class_list":{"0":"post-68572","1":"post","2":"type-post","3":"status-publish","4":"format-standard","5":"has-post-thumbnail","7":"category-elokuvat","8":"tag-elokuvat","9":"tag-entertainment","10":"tag-fi","11":"tag-film","12":"tag-finland","13":"tag-finnish","14":"tag-movies","15":"tag-suomi","16":"tag-viihde"},"share_on_mastodon":{"url":"","error":""},"_links":{"self":[{"href":"https:\/\/www.europesays.com\/fi\/wp-json\/wp\/v2\/posts\/68572","targetHints":{"allow":["GET"]}}],"collection":[{"href":"https:\/\/www.europesays.com\/fi\/wp-json\/wp\/v2\/posts"}],"about":[{"href":"https:\/\/www.europesays.com\/fi\/wp-json\/wp\/v2\/types\/post"}],"author":[{"embeddable":true,"href":"https:\/\/www.europesays.com\/fi\/wp-json\/wp\/v2\/users\/2"}],"replies":[{"embeddable":true,"href":"https:\/\/www.europesays.com\/fi\/wp-json\/wp\/v2\/comments?post=68572"}],"version-history":[{"count":0,"href":"https:\/\/www.europesays.com\/fi\/wp-json\/wp\/v2\/posts\/68572\/revisions"}],"wp:featuredmedia":[{"embeddable":true,"href":"https:\/\/www.europesays.com\/fi\/wp-json\/wp\/v2\/media\/68573"}],"wp:attachment":[{"href":"https:\/\/www.europesays.com\/fi\/wp-json\/wp\/v2\/media?parent=68572"}],"wp:term":[{"taxonomy":"category","embeddable":true,"href":"https:\/\/www.europesays.com\/fi\/wp-json\/wp\/v2\/categories?post=68572"},{"taxonomy":"post_tag","embeddable":true,"href":"https:\/\/www.europesays.com\/fi\/wp-json\/wp\/v2\/tags?post=68572"}],"curies":[{"name":"wp","href":"https:\/\/api.w.org\/{rel}","templated":true}]}}