{"id":68578,"date":"2025-10-21T21:20:20","date_gmt":"2025-10-21T21:20:20","guid":{"rendered":"https:\/\/www.europesays.com\/fi\/68578\/"},"modified":"2025-10-21T21:20:20","modified_gmt":"2025-10-21T21:20:20","slug":"r-kioskin-toimitusjohtaja-jopa-70-kioskia-voi-sulkeutua-muistatko-kun-kankaanpaassakin-oli-kaksi-ketjun-kioskia","status":"publish","type":"post","link":"https:\/\/www.europesays.com\/fi\/68578\/","title":{"rendered":"R-kioskin toimitusjohtaja: Jopa 70 kioskia voi sulkeutua \u2013 muistatko, kun Kankaanp\u00e4\u00e4ss\u00e4kin oli kaksi ketjun kioskia?"},"content":{"rendered":"<p>Liipasimella ovat nyt R-kioskit, jotka h\u00e4vi\u00e4v\u00e4t rahaa, sanoo toimitusjohtaja. Satakunnassa on t\u00e4ll\u00e4 hetkell\u00e4 19 R-kioskia.<\/p>\n<p>20.10. 20:00<\/p>\n<p class=\"article-body mb-nof-24 px-nof-16\">R-kioski aikoo harventaa verkostoaan kovalla k\u00e4dell\u00e4. Jopa joka viides kioski voidaan sulkea.<\/p>\n<p class=\"article-body mb-nof-24 px-nof-16\">Tavoitteena on p\u00e4\u00e4st\u00e4 eroon huonosti p\u00e4rj\u00e4\u00e4vist\u00e4 tappiollisista kioskeista.<\/p>\n<p class=\"article-body mb-nof-24 px-nof-16\">\u201dArviomme parhaillaan, kuinka monta kioskia meid\u00e4n on suljettava\u201d, sanoo R-kioskiketjun toimitusjohtaja <a class=\"article-personlink\" href=\"https:\/\/www.kankaanpaanseutu.fi\/haku\/?query=Niklas%20Lilius\" rel=\"nofollow noopener\" target=\"_blank\">Niklas Lilius<\/a>.<\/p>\n<p class=\"article-body mb-nof-24 px-nof-16\">P\u00e4\u00e4t\u00f6kset on tarkoitus tehd\u00e4 mahdollisimman pian.<\/p>\n","protected":false},"excerpt":{"rendered":"Liipasimella ovat nyt R-kioskit, jotka h\u00e4vi\u00e4v\u00e4t rahaa, sanoo toimitusjohtaja. Satakunnassa on t\u00e4ll\u00e4 hetkell\u00e4 19 R-kioskia. 20.10. 20:00 R-kioski&hellip;\n","protected":false},"author":2,"featured_media":68579,"comment_status":"","ping_status":"","sticky":false,"template":"","format":"standard","meta":{"footnotes":""},"categories":[76],"tags":[79,77,33,31,30,1510,32,78],"class_list":{"0":"post-68578","1":"post","2":"type-post","3":"status-publish","4":"format-standard","5":"has-post-thumbnail","7":"category-talous","8":"tag-business","9":"tag-economy","10":"tag-fi","11":"tag-finland","12":"tag-finnish","13":"tag-kankaanpaan-seutu","14":"tag-suomi","15":"tag-talous"},"share_on_mastodon":{"url":"","error":""},"_links":{"self":[{"href":"https:\/\/www.europesays.com\/fi\/wp-json\/wp\/v2\/posts\/68578","targetHints":{"allow":["GET"]}}],"collection":[{"href":"https:\/\/www.europesays.com\/fi\/wp-json\/wp\/v2\/posts"}],"about":[{"href":"https:\/\/www.europesays.com\/fi\/wp-json\/wp\/v2\/types\/post"}],"author":[{"embeddable":true,"href":"https:\/\/www.europesays.com\/fi\/wp-json\/wp\/v2\/users\/2"}],"replies":[{"embeddable":true,"href":"https:\/\/www.europesays.com\/fi\/wp-json\/wp\/v2\/comments?post=68578"}],"version-history":[{"count":0,"href":"https:\/\/www.europesays.com\/fi\/wp-json\/wp\/v2\/posts\/68578\/revisions"}],"wp:featuredmedia":[{"embeddable":true,"href":"https:\/\/www.europesays.com\/fi\/wp-json\/wp\/v2\/media\/68579"}],"wp:attachment":[{"href":"https:\/\/www.europesays.com\/fi\/wp-json\/wp\/v2\/media?parent=68578"}],"wp:term":[{"taxonomy":"category","embeddable":true,"href":"https:\/\/www.europesays.com\/fi\/wp-json\/wp\/v2\/categories?post=68578"},{"taxonomy":"post_tag","embeddable":true,"href":"https:\/\/www.europesays.com\/fi\/wp-json\/wp\/v2\/tags?post=68578"}],"curies":[{"name":"wp","href":"https:\/\/api.w.org\/{rel}","templated":true}]}}