{"id":68605,"date":"2025-10-21T22:09:07","date_gmt":"2025-10-21T22:09:07","guid":{"rendered":"https:\/\/www.europesays.com\/fi\/68605\/"},"modified":"2025-10-21T22:09:07","modified_gmt":"2025-10-21T22:09:07","slug":"olga-temonen-teki-paluun-someen-koskettava-julkaisu","status":"publish","type":"post","link":"https:\/\/www.europesays.com\/fi\/68605\/","title":{"rendered":"Olga Temonen teki paluun someen &#8211; koskettava julkaisu"},"content":{"rendered":"<p>Olga Temonen sai kaksi vuotta sitten pys\u00e4ytt\u00e4v\u00e4n diagnoosin. H\u00e4nell\u00e4 todettiin nelj\u00e4nnen asteen aivosy\u00f6p\u00e4, joka on asteikolla kaikista kohtalokkain.<\/p>\n<p>Olga ei kuitenkaan luovuttanut. H\u00e4n otti p\u00e4tk\u00e4n s\u00e4dehoitoa, mutta luopui siit\u00e4 ja siirtyi vaihtoehtoisempiin hoitoihin.<\/p>\n<p>Niit\u00e4 annettiin ulkomailla. N\u00e4yttelij\u00e4 matkasi muun muassa K\u00f6lniin useita kertoja, ja monesti tukena oli sisar. <\/p>\n<p>Sittemmin Olgan vointi on huonontunut. Asiasta kertoi pari viikkoa sitten Tuukka-mies, joka totesi, ett\u00e4 Olga joutuu k\u00e4ytt\u00e4m\u00e4\u00e4n turvallisuussyist\u00e4 liikkuessaan py\u00f6r\u00e4tuolia.<\/p>\n<p>Niin ik\u00e4\u00e4n Olgan puheentuotossa on ollut haasteita.<\/p>\n<p>Perhe on el\u00e4nyt kuitenkin toiveikkaita aikoja sen j\u00e4lkeen, kun Ranskassa p\u00e4\u00e4tettiin antaa nimenomaan Olgan kaltaiseen aivosy\u00f6p\u00e4\u00e4n monilla potilailla ratkaisevasti tehonnutta l\u00e4\u00e4kett\u00e4 my\u00f6s ulkomaalaisille ilmaiseksi.<\/p>\n<p>-T\u00e4m\u00e4 on viimeinen toivomme, kuvasi Tuukka tilannetta.<\/p>\n<p>Hanna Kinnunen muistaa Olgan vuosien takaa<\/p>\n<p>Olga on ollut somessa viime aikoina hiljaa. Viimeisin p\u00e4ivitys on liki kahden kuukauden takaa, kun Olga julkaisi h\u00e4nen ja Tuukan h\u00e4\u00e4kuvan. Teksti kuului: 17 vuotta Temosena.<\/p>\n<p>Nyt nainen on julkaissut kuvakollaasin nuoruuden aikaisista kuvistaan.<\/p>\n<p>Lue my\u00f6s: <a href=\"https:\/\/www.como.fi\/uutiset\/olga-temonen-elaa-nyt-jannittavia-aikoja-syopansa-kanssa\/\" title=\"Olga Temonen k\u00e4vi aivokuvauksessa\" class=\"underline-custom !font-montserrat !font-bold !underline-offset-4 !decoration-4 !decoration-red-600 !text-md\" rel=\"nofollow noopener\" target=\"_blank\">Olga Temonen k\u00e4vi aivokuvauksessa<\/a><\/p>\n<p>Teatteriharrastus on ollut n\u00e4yttelij\u00e4n el\u00e4m\u00e4ss\u00e4 l\u00e4sn\u00e4 jo varhain.<\/p>\n<p>-Nuori n\u00e4yttelij\u00e4n alku Joensuussa 1997, h\u00e4n kirjoittaa kuviensa yhteyteen.<\/p>\n<p>Salkkareista tuttu n\u00e4yttelij\u00e4 Hanna Kinnunen kommentoi p\u00e4ivityst\u00e4:<\/p>\n<p>-M\u00e4 muistan sut ekan kerran vuodelta 2004.  Oltiin samassa koe-esiintymisess\u00e4 Peacockissa. Sulla oli mielet\u00f6n pitk\u00e4 tumma tukka ja tosi kaunis katse sek\u00e4 hymy. Juteltiinkin ehk\u00e4 hetki Lintsin pihalla l\u00e4htiess\u00e4, ja sitten polut kohtasi Salkkareissa muutaman vuoden p\u00e4\u00e4st\u00e4. Upea olet! nainen kirjoittaa.<\/p>\n<p>-Terveiset t\u00e4\u00e4lt\u00e4 Joensuusta! Kun kuvia katsoo et ole muuttunut yht\u00e4\u00e4n. Voimia koko perheelle, er\u00e4s tsemppaa.<\/p>\n<p>Lue my\u00f6s: <a href=\"https:\/\/www.como.fi\/uutiset\/olga-temonen-ja-helga-tytar-videolla-tama-on-alkoholistiaidin-ja-tyttaren-tarina\/\" title=\"Olga Temonen ja Helga-tyt\u00e4r videolla \u2013 t\u00e4m\u00e4 on alkoholisti\u00e4idin ja tytt\u00e4ren tarina\" class=\"underline-custom !font-montserrat !font-bold !underline-offset-4 !decoration-4 !decoration-red-600 !text-md\" rel=\"nofollow noopener\" target=\"_blank\">Olga Temonen ja Helga-tyt\u00e4r videolla \u2013 t\u00e4m\u00e4 on alkoholisti\u00e4idin ja tytt\u00e4ren tarina<\/a><\/p>\n<p>Lue my\u00f6s: <a href=\"https:\/\/www.como.fi\/uutiset\/olga-temonen-julkaisi-kaunistelemattoman-videon-vuodestaan-syopataistelujen-keskella\/\" title=\"Olga Temonen julkaisi kaunistelemattoman videon vuodestaan sy\u00f6p\u00e4taistelujen keskell\u00e4\" class=\"underline-custom !font-montserrat !font-bold !underline-offset-4 !decoration-4 !decoration-red-600 !text-md\" rel=\"nofollow noopener\" target=\"_blank\">Olga Temonen julkaisi kaunistelemattoman videon vuodestaan sy\u00f6p\u00e4taistelujen keskell\u00e4<\/a><\/p>\n<p>Katso kuvakollaasi <strong><a href=\"https:\/\/www.instagram.com\/p\/DQE3RVNCnag\/?hl=fi&amp;img_index=1\" rel=\"nofollow noopener\" target=\"_blank\">t\u00e4st\u00e4 <\/a><\/strong>tai alta.<\/p>\n<p>Lue my\u00f6s: <a href=\"https:\/\/www.como.fi\/tilaa-comon-uutiskirje\/\" title=\"Tilaa Comon uutiskirje ja tied\u00e4t mist\u00e4 kahvitauolla puhutaan! Nappaa kotimaan tv-vinkit ja puheenaiheet suoraan s\u00e4hk\u00f6postiin t\u00e4st\u00e4.\" class=\"underline-custom !font-montserrat !font-bold !underline-offset-4 !decoration-4 !decoration-red-600 !text-md\" rel=\"nofollow noopener\" target=\"_blank\">Tilaa Comon uutiskirje ja tied\u00e4t mist\u00e4 kahvitauolla puhutaan! Nappaa kotimaan tv-vinkit ja puheenaiheet suoraan s\u00e4hk\u00f6postiin t\u00e4st\u00e4.<\/a><\/p>\n<p>\t\t\t\t<script async src=\"\/\/www.instagram.com\/embed.js\"><\/script><\/p>\n","protected":false},"excerpt":{"rendered":"Olga Temonen sai kaksi vuotta sitten pys\u00e4ytt\u00e4v\u00e4n diagnoosin. H\u00e4nell\u00e4 todettiin nelj\u00e4nnen asteen aivosy\u00f6p\u00e4, joka on asteikolla kaikista kohtalokkain.&hellip;\n","protected":false},"author":2,"featured_media":68606,"comment_status":"","ping_status":"","sticky":false,"template":"","format":"standard","meta":{"footnotes":""},"categories":[130],"tags":[137,33,31,30,3411,32,109],"class_list":{"0":"post-68605","1":"post","2":"type-post","3":"status-publish","4":"format-standard","5":"has-post-thumbnail","7":"category-viihde","8":"tag-entertainment","9":"tag-fi","10":"tag-finland","11":"tag-finnish","12":"tag-olga-temonen","13":"tag-suomi","14":"tag-viihde"},"share_on_mastodon":{"url":"","error":""},"_links":{"self":[{"href":"https:\/\/www.europesays.com\/fi\/wp-json\/wp\/v2\/posts\/68605","targetHints":{"allow":["GET"]}}],"collection":[{"href":"https:\/\/www.europesays.com\/fi\/wp-json\/wp\/v2\/posts"}],"about":[{"href":"https:\/\/www.europesays.com\/fi\/wp-json\/wp\/v2\/types\/post"}],"author":[{"embeddable":true,"href":"https:\/\/www.europesays.com\/fi\/wp-json\/wp\/v2\/users\/2"}],"replies":[{"embeddable":true,"href":"https:\/\/www.europesays.com\/fi\/wp-json\/wp\/v2\/comments?post=68605"}],"version-history":[{"count":0,"href":"https:\/\/www.europesays.com\/fi\/wp-json\/wp\/v2\/posts\/68605\/revisions"}],"wp:featuredmedia":[{"embeddable":true,"href":"https:\/\/www.europesays.com\/fi\/wp-json\/wp\/v2\/media\/68606"}],"wp:attachment":[{"href":"https:\/\/www.europesays.com\/fi\/wp-json\/wp\/v2\/media?parent=68605"}],"wp:term":[{"taxonomy":"category","embeddable":true,"href":"https:\/\/www.europesays.com\/fi\/wp-json\/wp\/v2\/categories?post=68605"},{"taxonomy":"post_tag","embeddable":true,"href":"https:\/\/www.europesays.com\/fi\/wp-json\/wp\/v2\/tags?post=68605"}],"curies":[{"name":"wp","href":"https:\/\/api.w.org\/{rel}","templated":true}]}}