{"id":68691,"date":"2025-10-22T00:43:08","date_gmt":"2025-10-22T00:43:08","guid":{"rendered":"https:\/\/www.europesays.com\/fi\/68691\/"},"modified":"2025-10-22T00:43:08","modified_gmt":"2025-10-22T00:43:08","slug":"23-vuotiaana-murhatusta-tejano-musiikin-kuningattaresta-kertova-dokumentti-kohta-netflixissa-traileri-julkaistu","status":"publish","type":"post","link":"https:\/\/www.europesays.com\/fi\/68691\/","title":{"rendered":"23-vuotiaana murhatusta &#8221;Tejano-musiikin kuningattaresta&#8221; kertova dokumentti kohta Netflixiss\u00e4 &#8211; Traileri julkaistu"},"content":{"rendered":"<p>Dokumenttielokuva Selena y Los Dinosista on julkaistu traileri.<\/p>\n<p>Leffa kertoo Selena y Los Dinos -yhtyeen laulaja <strong>Selena Quintanilla-P\u00e9rezin <\/strong>el\u00e4m\u00e4st\u00e4 ja perheest\u00e4. Elokuva esittelee Selenan paitsi supert\u00e4hten\u00e4, my\u00f6s siskona, tytt\u00e4ren\u00e4 ja vaimona.<\/p>\n<p>Lue my\u00f6s: <a href=\"https:\/\/www.episodi.fi\/uutiset\/yhdysvaltain-merijalkavaen-mukana-netflixin-uudesta-dokumenttisarjasta-julkaistiin-traileri\/\" title=\"Yhdysvaltain merijalkav\u00e4en mukana \u2013 Netflixin uudesta dokumenttisarjasta julkaistiin traileri\" class=\"underline-custom !font-montserrat !font-bold !underline-offset-4 !decoration-4 !decoration-episodi-blue !text-md\" rel=\"nofollow noopener\" target=\"_blank\">Yhdysvaltain merijalkav\u00e4en mukana \u2013 Netflixin uudesta dokumenttisarjasta julkaistiin traileri<\/a><\/p>\n<p>Lue my\u00f6s: <a href=\"https:\/\/www.episodi.fi\/uutiset\/neljan-vuoden-takainen-netflix-sarja-jarkyttaa-edelleen-katsojia\/\" title=\"Nelj\u00e4n vuoden takainen Netflix-sarja j\u00e4rkytt\u00e4\u00e4 edelleen katsojia\" class=\"underline-custom !font-montserrat !font-bold !underline-offset-4 !decoration-4 !decoration-episodi-blue !text-md\" rel=\"nofollow noopener\" target=\"_blank\">Nelj\u00e4n vuoden takainen Netflix-sarja j\u00e4rkytt\u00e4\u00e4 edelleen katsojia<\/a><\/p>\n<p>Quintanilla-P\u00e9rez murhattiin 31.3.1995 b\u00e4ndin faniklubin p\u00e4\u00e4llik\u00f6n ja Selenan boutique-kauppaa py\u00f6ritt\u00e4neen <strong>Yolanda Sald\u00edvarin<\/strong> toimesta. Murhan motiiviksi paljastui rahakiista. Selena oli vain 23-vuotias. Tapahtuma j\u00e4rkytti miljoonia faneja. Selena tunnetaan yh\u00e4 \u201dTejano-musiikin kuningattarena\u201d.<\/p>\n<p>Dokumentissa kerrotaan h\u00e4nen matkansa pienest\u00e4 kyl\u00e4st\u00e4 valtaviin stadionkeikkoihin. Ohjaajana toimii<strong> Isabel Castro<\/strong>, joka on tehnyt my\u00f6s Mija-elokuvan. Selena y Los Dinos voitti vuoden dokumenttielokuvan erikoispalkinnon Sundancen elokuvajuhlilla. <\/p>\n<p>Dokumentti julkaistaan Netflixiss\u00e4 17.11.2025.<\/p>\n<p><img loading=\"lazy\" decoding=\"async\" alt=\"YouTube video\" width=\"480\" height=\"360\" data-pin-nopin=\"true\" nopin=\"nopin\" class=\"perfmatters-lazy\" src=\"https:\/\/www.europesays.com\/fi\/wp-content\/uploads\/2025\/10\/1761093788_439_hqdefault.jpg\"\/><\/p>\n","protected":false},"excerpt":{"rendered":"Dokumenttielokuva Selena y Los Dinosista on julkaistu traileri. Leffa kertoo Selena y Los Dinos -yhtyeen laulaja Selena Quintanilla-P\u00e9rezin&hellip;\n","protected":false},"author":2,"featured_media":68692,"comment_status":"","ping_status":"","sticky":false,"template":"","format":"standard","meta":{"footnotes":""},"categories":[131],"tags":[155,137,33,173,31,30,172,217,15280,32,109],"class_list":{"0":"post-68691","1":"post","2":"type-post","3":"status-publish","4":"format-standard","5":"has-post-thumbnail","7":"category-elokuvat","8":"tag-elokuvat","9":"tag-entertainment","10":"tag-fi","11":"tag-film","12":"tag-finland","13":"tag-finnish","14":"tag-movies","15":"tag-netflix","16":"tag-selena-y-los-dinos","17":"tag-suomi","18":"tag-viihde"},"share_on_mastodon":{"url":"","error":""},"_links":{"self":[{"href":"https:\/\/www.europesays.com\/fi\/wp-json\/wp\/v2\/posts\/68691","targetHints":{"allow":["GET"]}}],"collection":[{"href":"https:\/\/www.europesays.com\/fi\/wp-json\/wp\/v2\/posts"}],"about":[{"href":"https:\/\/www.europesays.com\/fi\/wp-json\/wp\/v2\/types\/post"}],"author":[{"embeddable":true,"href":"https:\/\/www.europesays.com\/fi\/wp-json\/wp\/v2\/users\/2"}],"replies":[{"embeddable":true,"href":"https:\/\/www.europesays.com\/fi\/wp-json\/wp\/v2\/comments?post=68691"}],"version-history":[{"count":0,"href":"https:\/\/www.europesays.com\/fi\/wp-json\/wp\/v2\/posts\/68691\/revisions"}],"wp:featuredmedia":[{"embeddable":true,"href":"https:\/\/www.europesays.com\/fi\/wp-json\/wp\/v2\/media\/68692"}],"wp:attachment":[{"href":"https:\/\/www.europesays.com\/fi\/wp-json\/wp\/v2\/media?parent=68691"}],"wp:term":[{"taxonomy":"category","embeddable":true,"href":"https:\/\/www.europesays.com\/fi\/wp-json\/wp\/v2\/categories?post=68691"},{"taxonomy":"post_tag","embeddable":true,"href":"https:\/\/www.europesays.com\/fi\/wp-json\/wp\/v2\/tags?post=68691"}],"curies":[{"name":"wp","href":"https:\/\/api.w.org\/{rel}","templated":true}]}}