{"id":68711,"date":"2025-10-22T01:16:08","date_gmt":"2025-10-22T01:16:08","guid":{"rendered":"https:\/\/www.europesays.com\/fi\/68711\/"},"modified":"2025-10-22T01:16:08","modified_gmt":"2025-10-22T01:16:08","slug":"trumpin-nimitys-natsikohun-keskella","status":"publish","type":"post","link":"https:\/\/www.europesays.com\/fi\/68711\/","title":{"rendered":"Trumpin nimitys natsikohun keskell\u00e4"},"content":{"rendered":"<p>Paul Ingrassia on arvostellut ihmisoikeusaktivisti Martin Luther Kingia ja vaatinut useiden Yhdysvaltain kansallisten juhlap\u00e4ivien poistamista.<\/p>\n<p><img decoding=\"async\" class=\"image image-show image-preview\" src=\"https:\/\/www.europesays.com\/fi\/wp-content\/uploads\/2025\/10\/e5c7a923404bf19b3c51e67da4466bac23d708f3c5434b5313a4c02f411058b7.jpg\" alt=\"\"\/><img decoding=\"async\" class=\"image image-show\" src=\"https:\/\/www.europesays.com\/fi\/wp-content\/uploads\/2025\/10\/1761095768_849_e5c7a923404bf19b3c51e67da4466bac23d708f3c5434b5313a4c02f411058b7.jpg\" alt=\"\"\/><\/p>\n<p>Paul Ingrassia on joutunut natsikohun keskelle. EPA \/ AOP<\/p>\n<p class=\"paragraph\">Yhdysvaltain erityistarkastajaksi ehdotettu <strong>Paul Ingrassia<\/strong> on kertonut olevansa ajoittain \u201dnatsihenkinen\u201d, selvi\u00e4\u00e4 <a href=\"https:\/\/www.politico.com\/news\/2025\/10\/20\/paul-ingrassia-racist-text-messages-nazi-00613608?fbclid=IwY2xjawNk3iNleHRuA2FlbQIxMQABHin83V477RqRbeIxj-JIGTnUMa-_MSQK8bepcdsjnIkXxGJK7LG8h2fb3ctc_aem_FEYApzy-A8ClcgYmrXbfow\" target=\"_blank\" rel=\"noopener nofollow\">Politicon<\/a> n\u00e4kem\u00e4st\u00e4 viestinvaihdosta yksityisess\u00e4 ryhm\u00e4keskustelussa. Ingrassia on my\u00f6s ehdottanut ihmisoikeusaktivistin <strong>Martin Luther Kingin<\/strong> juhlap\u00e4iv\u00e4n poistamista.<\/p>\n<p class=\"paragraph\">\u2013 My\u00f6nn\u00e4n, ett\u00e4 minussa on ajoittain natsimaisia piirteit\u00e4, Ingrassia viestitti.<\/p>\n<p class=\"paragraph\">Ingrassia ty\u00f6skentelee Valkoisen talon yhteyshenkil\u00f6n\u00e4 Yhdysvaltain sis\u00e4isen turvallisuuden ministeri\u00f6ss\u00e4 (DHS). Yhdysvaltain presidentti <strong>Donald Trump<\/strong> on ehdottanut h\u00e4nt\u00e4 valvontaviraston johtajaksi.<\/p>\n<p class=\"paragraph\">Ingrassia esitti n\u00e4kemyksens\u00e4 tekstiviestiketjussa, jossa oli osallisena useita republikaanipuolueen j\u00e4seni\u00e4 ja vaikuttajia. Keskustelut k\u00e4ytiin vuosien 2023 ja 2024 aikana.<\/p>\n<p class=\"paragraph\">\u2013 MLK Jr. oli 1960-luvun <strong>George Floyd<\/strong>, ja h\u00e4nen juhlap\u00e4iv\u00e4ns\u00e4 pit\u00e4isi lopettaa ja heitt\u00e4\u00e4 se seitsem\u00e4nteen helvetin piiriin, jonne se kuuluu, Ingrassia sanoi.<\/p>\n<p class=\"paragraph\">\u2013 Jeesus Kristus, yksi keskustelijoista vastasi.<\/p>\n<p class=\"paragraph\">Ingrassia ehdotti my\u00f6s muun muassa orjuuden p\u00e4\u00e4ttymist\u00e4 juhlistavan Juneteenth-juhlap\u00e4iv\u00e4n poistamista kalenterista.<\/p>\n<p class=\"paragraph\">Kaksi ryhm\u00e4keskustelun osallistujaa antoi haastattelun Politicolle, joka on n\u00e4hnyt tekstiviestiketjun kokonaisuudessaan. Yksi l\u00e4hteist\u00e4 vahvisti, ett\u00e4 puhelinnumero kuuluu Ingrassialle.<\/p>\n<p class=\"paragraph\">Ingrassian asianajaja <strong>Edward Paltzik<\/strong> ei vahvistanut viestien aitoutta, mutta my\u00f6nsi, ett\u00e4 joidenkin Ingrassian l\u00e4hett\u00e4mien viestien tarkoituksena oli pilkata liberaaleja.<\/p>\n<p class=\"paragraph\">\u2013 N\u00e4ytt\u00e4\u00e4 silt\u00e4, ett\u00e4 n\u00e4it\u00e4 viestej\u00e4 on saatettu manipuloida tai asiayhteys on j\u00e4tetty niist\u00e4 pois, Paltzik sanoi lausunnossaan.<\/p>\n<p class=\"paragraph\">Paltzikin mukaan viestit olivat satiirista huumoria. Yksi viestiryhm\u00e4n j\u00e4senist\u00e4 kuitenkin kertoi Politicolle, ettei Ingrassian kommenttia \u201dnatsihenkisyydest\u00e4\u201d pidetty vitsin\u00e4.<\/p>\n<p>Nimitys peruttu<\/p>\n<p class=\"paragraph\">Yhdysvaltain senaatin republikaanijohtaja <strong>John Thune<\/strong> <a href=\"https:\/\/www.politico.com\/live-updates\/2025\/10\/21\/congress\/john-thune-paul-ingrassia-hearing-00616569\" target=\"_blank\" rel=\"noopener nofollow\">vaati<\/a> Trumpin hallintoa perumaan Ingrassian nimityksen valvontaviraston johtoon. On harvinaista, ett\u00e4 republikaanit kyseenalaistavat Trumpin ehdotuksia.<\/p>\n<p class=\"paragraph\">My\u00f6s republikaanisenaattori <strong>Nick Scott<\/strong> kertoi maanantaina, ettei h\u00e4n tue Ingrassian nimityst\u00e4.<\/p>\n<p class=\"paragraph\">Tiistaina Ingrassia kertoi <a href=\"https:\/\/x.com\/PaulIngrassia\/status\/1980770237130608774\" target=\"_blank\" rel=\"noopener nofollow\">viestipalvelu X:ss\u00e4<\/a> vet\u00e4ytyv\u00e4ns\u00e4 kuulemisesta, koska h\u00e4nell\u00e4 ei omien sanojensa mukaan ole tarpeeksi republikaanien \u00e4\u00e4ni\u00e4 takanaan.<\/p>\n<p class=\"paragraph\">Yhdysvaltain senaatin turvallisuus- ja hallintoasioiden valiokunnan oli m\u00e4\u00e4r\u00e4 pit\u00e4\u00e4 kuuleminen Ingrassian nimityksest\u00e4 torstaina. Valiokunnan puheenjohtaja <strong>Rand Paul<\/strong> kielt\u00e4ytyi vastaamasta Politicolle, j\u00e4rjestet\u00e4\u00e4nk\u00f6 kuulemistilaisuus suunnitellusti. Paulin mukaan valiokunnassa odotettiin Valkoisen talon linjausta asiaan.<\/p>\n<p class=\"paragraph\">Ingrassia on 30-vuotias asianajaja ja entinen oikeistolaisen podcastin juontaja. Reutersin mukaan h\u00e4n tuki Trumpin pyrkimyksi\u00e4 kumota vuoden 2020 vaalitappio. Trumpin toisen presidenttikauden aikana Ingrassia on toiminut sis\u00e4isen turvallisuuden ministeri\u00f6n lis\u00e4ksi oikeusministeri\u00f6ss\u00e4.<\/p>\n<p class=\"paragraph\">Lokakuun alkupuolella <a href=\"https:\/\/www.politico.com\/news\/2025\/10\/09\/ingrassia-trump-harassment-dhs-00596545\" target=\"_blank\" rel=\"noopener nofollow\">Politico raportoi<\/a>, ett\u00e4 Ingrassiaa on syytetty seksuaalisesta h\u00e4irinn\u00e4st\u00e4, mink\u00e4 vuoksi h\u00e4n on ollut tutkinnan kohteena sis\u00e4isen turvallisuuden ministeri\u00f6ss\u00e4.<\/p>\n","protected":false},"excerpt":{"rendered":"Paul Ingrassia on arvostellut ihmisoikeusaktivisti Martin Luther Kingia ja vaatinut useiden Yhdysvaltain kansallisten juhlap\u00e4ivien poistamista. Paul Ingrassia on&hellip;\n","protected":false},"author":2,"featured_media":68712,"comment_status":"","ping_status":"","sticky":false,"template":"","format":"standard","meta":{"footnotes":""},"categories":[14],"tags":[35,22,23,26,27,33,31,30,17,24,25,28,29,15,18,21,142,637,144,32,19,20,56,16,59,60,61,143,751],"class_list":{"0":"post-68711","1":"post","2":"type-post","3":"status-publish","4":"format-standard","5":"has-post-thumbnail","7":"category-ulkomaat","8":"tag-24h","9":"tag-breaking-news","10":"tag-breakingnews","11":"tag-featured-news","12":"tag-featurednews","13":"tag-fi","14":"tag-finland","15":"tag-finnish","16":"tag-headlines","17":"tag-latest-news","18":"tag-latestnews","19":"tag-main-news","20":"tag-mainnews","21":"tag-news","22":"tag-otsikot","23":"tag-paauutiset","24":"tag-poliitikot","25":"tag-politiikka","26":"tag-presidentti","27":"tag-suomi","28":"tag-top-stories","29":"tag-topstories","30":"tag-ulkomaat","31":"tag-uutiset","32":"tag-world","33":"tag-world-news","34":"tag-worldnews","35":"tag-yhdysvaltain-politiikka","36":"tag-yhdysvaltalaiset-poliitikot"},"share_on_mastodon":{"url":"","error":""},"_links":{"self":[{"href":"https:\/\/www.europesays.com\/fi\/wp-json\/wp\/v2\/posts\/68711","targetHints":{"allow":["GET"]}}],"collection":[{"href":"https:\/\/www.europesays.com\/fi\/wp-json\/wp\/v2\/posts"}],"about":[{"href":"https:\/\/www.europesays.com\/fi\/wp-json\/wp\/v2\/types\/post"}],"author":[{"embeddable":true,"href":"https:\/\/www.europesays.com\/fi\/wp-json\/wp\/v2\/users\/2"}],"replies":[{"embeddable":true,"href":"https:\/\/www.europesays.com\/fi\/wp-json\/wp\/v2\/comments?post=68711"}],"version-history":[{"count":0,"href":"https:\/\/www.europesays.com\/fi\/wp-json\/wp\/v2\/posts\/68711\/revisions"}],"wp:featuredmedia":[{"embeddable":true,"href":"https:\/\/www.europesays.com\/fi\/wp-json\/wp\/v2\/media\/68712"}],"wp:attachment":[{"href":"https:\/\/www.europesays.com\/fi\/wp-json\/wp\/v2\/media?parent=68711"}],"wp:term":[{"taxonomy":"category","embeddable":true,"href":"https:\/\/www.europesays.com\/fi\/wp-json\/wp\/v2\/categories?post=68711"},{"taxonomy":"post_tag","embeddable":true,"href":"https:\/\/www.europesays.com\/fi\/wp-json\/wp\/v2\/tags?post=68711"}],"curies":[{"name":"wp","href":"https:\/\/api.w.org\/{rel}","templated":true}]}}