{"id":68713,"date":"2025-10-22T01:17:08","date_gmt":"2025-10-22T01:17:08","guid":{"rendered":"https:\/\/www.europesays.com\/fi\/68713\/"},"modified":"2025-10-22T01:17:08","modified_gmt":"2025-10-22T01:17:08","slug":"nyt-putosi-pakkaselle-syksyn-ennatys-uusiksi-iltalehti","status":"publish","type":"post","link":"https:\/\/www.europesays.com\/fi\/68713\/","title":{"rendered":"Nyt putosi pakkaselle \u2013 Syksyn enn\u00e4tys uusiksi &#8211; Iltalehti"},"content":{"rendered":"<ol>\n<li><a href=\"https:\/\/news.google.com\/rss\/articles\/CBMif0FVX3lxTFA3RDk5VmV3NUlYVE9rUjUxdFh4cDl0NXlrMjdOOVNtMGNpSEktSEdrM2tZbTJ0a0RaMDVGNWxCd0xLTlE0bXJ3cXlBVWx2OHNsRzY2bmFnbEZGTlFsNmItemFxMFBKbk90VUIyMnhOamJYZUJmNVdFcFhtMWFFNUk?oc=5\" target=\"_blank\" rel=\"nofollow noopener\">Nyt putosi pakkaselle \u2013 Syksyn enn\u00e4tys uusiksi<\/a>&nbsp;&nbsp;Iltalehti<\/li>\n<li><a href=\"https:\/\/news.google.com\/rss\/articles\/CBMiUkFVX3lxTE1vTWp1cmhzS0hiQjNCSHY0eWI4Z1cyc1dIbXloenVhSE1nRW1xWDZHWTZmZmpoT2JrTmo1eVZCSVR1UmVscGdkT2FnbFpEY19fYXc?oc=5\" target=\"_blank\" rel=\"nofollow noopener\">Y\u00f6 oli Lapissa kylm\u00e4<\/a>&nbsp;&nbsp;Yle<\/li>\n<li><a href=\"https:\/\/news.google.com\/rss\/articles\/CBMiWkFVX3lxTE00MnBCSUNKWENOeVhYTHcxb0xKY1ptM19qaklpUzAtRWxWaE9XU2k4WWxGN2ctdXhsZFpoUmUyaUFlaGtJT0ZuNl9oeDFLSFlwdmQxMUlPV0UtZw?oc=5\" target=\"_blank\" rel=\"nofollow noopener\">S\u00e4\u00e4 | Etel\u00e4ss\u00e4kin on y\u00f6ll\u00e4 pakkasta: tiet voivat olla liukkaita aamulla<\/a>&nbsp;&nbsp;HS.fi<\/li>\n<li><a href=\"https:\/\/news.google.com\/rss\/articles\/CBMiVkFVX3lxTE15RHJHaHNxdU9FcS1yUzlZZWxEcDVjNmFmQ0IxNUZHZ0RHbXNXaV9TVlRYZ21oRkVUQW52QkVpeWdNa0FweWY5X2Y0S0FidHduQmZXSEln?oc=5\" target=\"_blank\" rel=\"nofollow noopener\">Tiet voivat olla osassa maata viel\u00e4 aamulla liukkaita \u2013 s\u00e4\u00e4 alkaa kuitenkin alkuviikosta l\u00e4mmet\u00e4<\/a>&nbsp;&nbsp;Etel\u00e4-Suomen Sanomat<\/li>\n<li><a href=\"https:\/\/news.google.com\/rss\/articles\/CBMiqAFBVV95cUxObWJkM3BTTXZzNVR5UFFRZUVpRHVBcW85bThlcHhSUXEzMGdrSFBsUWFOMC1sQW1QRmF5aXZFcVFBY3hVS1ZxUGtIUnB0ZVFFeDd2WW95SHdZS0NCTFptWFhIQmc3XzFVcnRRdHo0VHhKOEtJQ2ROSEpYaHlqbTFnLWNzUXk4Z19BZEpwS01WWEE5UmRGZGZVRFhxYTJPbjQ5Tmtqa2ZKWjg?oc=5\" target=\"_blank\" rel=\"nofollow noopener\">Varoitus liikenteeseen: N\u00e4ill\u00e4 alueilla ajokeli muuttuu huonoksi<\/a>&nbsp;&nbsp;Verkkouutiset<\/li>\n<\/ol>\n","protected":false},"excerpt":{"rendered":"Nyt putosi pakkaselle \u2013 Syksyn enn\u00e4tys uusiksi&nbsp;&nbsp;Iltalehti Y\u00f6 oli Lapissa kylm\u00e4&nbsp;&nbsp;Yle S\u00e4\u00e4 | Etel\u00e4ss\u00e4kin on y\u00f6ll\u00e4 pakkasta: tiet&hellip;\n","protected":false},"author":2,"featured_media":68714,"comment_status":"","ping_status":"","sticky":false,"template":"","format":"standard","meta":{"footnotes":""},"categories":[12],"tags":[35,10303,22,23,26,27,33,31,30,17,713,24,25,28,29,715,15,18,21,710,714,32,19,20,16],"class_list":{"0":"post-68713","1":"post","2":"type-post","3":"status-publish","4":"format-standard","5":"has-post-thumbnail","7":"category-suomi","8":"tag-24h","9":"tag-aikajakson-saa","10":"tag-breaking-news","11":"tag-breakingnews","12":"tag-featured-news","13":"tag-featurednews","14":"tag-fi","15":"tag-finland","16":"tag-finnish","17":"tag-headlines","18":"tag-lampotila-saa","19":"tag-latest-news","20":"tag-latestnews","21":"tag-main-news","22":"tag-mainnews","23":"tag-meteorologia","24":"tag-news","25":"tag-otsikot","26":"tag-paauutiset","27":"tag-saa","28":"tag-saaennustus","29":"tag-suomi","30":"tag-top-stories","31":"tag-topstories","32":"tag-uutiset"},"share_on_mastodon":{"url":"","error":""},"_links":{"self":[{"href":"https:\/\/www.europesays.com\/fi\/wp-json\/wp\/v2\/posts\/68713","targetHints":{"allow":["GET"]}}],"collection":[{"href":"https:\/\/www.europesays.com\/fi\/wp-json\/wp\/v2\/posts"}],"about":[{"href":"https:\/\/www.europesays.com\/fi\/wp-json\/wp\/v2\/types\/post"}],"author":[{"embeddable":true,"href":"https:\/\/www.europesays.com\/fi\/wp-json\/wp\/v2\/users\/2"}],"replies":[{"embeddable":true,"href":"https:\/\/www.europesays.com\/fi\/wp-json\/wp\/v2\/comments?post=68713"}],"version-history":[{"count":0,"href":"https:\/\/www.europesays.com\/fi\/wp-json\/wp\/v2\/posts\/68713\/revisions"}],"wp:featuredmedia":[{"embeddable":true,"href":"https:\/\/www.europesays.com\/fi\/wp-json\/wp\/v2\/media\/68714"}],"wp:attachment":[{"href":"https:\/\/www.europesays.com\/fi\/wp-json\/wp\/v2\/media?parent=68713"}],"wp:term":[{"taxonomy":"category","embeddable":true,"href":"https:\/\/www.europesays.com\/fi\/wp-json\/wp\/v2\/categories?post=68713"},{"taxonomy":"post_tag","embeddable":true,"href":"https:\/\/www.europesays.com\/fi\/wp-json\/wp\/v2\/tags?post=68713"}],"curies":[{"name":"wp","href":"https:\/\/api.w.org\/{rel}","templated":true}]}}