{"id":68717,"date":"2025-10-22T01:23:20","date_gmt":"2025-10-22T01:23:20","guid":{"rendered":"https:\/\/www.europesays.com\/fi\/68717\/"},"modified":"2025-10-22T01:23:20","modified_gmt":"2025-10-22T01:23:20","slug":"vesistotutkimus-yllatti-suviseurat-ei-roskannut-tana-vuonna-lopella-kanta-hame","status":"publish","type":"post","link":"https:\/\/www.europesays.com\/fi\/68717\/","title":{"rendered":"Vesist\u00f6tutkimus yll\u00e4tti: Suviseurat ei roskannut t\u00e4n\u00e4 vuonna Lopella | Kanta-H\u00e4me"},"content":{"rendered":"<p class=\"aw-1gybjub aw-5vja16 ghpEtB kjanFo yle__article__paragraph\">Lopen kunta halusi selvitt\u00e4\u00e4, miten Suviseurat vaikutti R\u00e4ysk\u00e4l\u00e4n alueen l\u00e4heisyydess\u00e4 sijaitsevien vesist\u00f6jen tilaan.<\/p>\n<p><img decoding=\"async\" alt=\"suviseurat kyltti ja autoja asuntovanut per\u00e4ss\u00e4.\" src=\"https:\/\/www.europesays.com\/fi\/wp-content\/uploads\/2025\/10\/39-1485717685bdb164f8f0.jpeg\" class=\"aw-1l9m598 hKVVvP\"\/><\/p>\n<p>Avaa kuvien katselu<\/p>\n<p>Suviseurat j\u00e4rjestettiin t\u00e4n\u00e4 vuonna Lopella R\u00e4ysk\u00e4l\u00e4n lentokent\u00e4n alueella. Arkistokuva. Kuva: Ville V\u00e4lim\u00e4ki \/ Yle<\/p>\n<p class=\"aw-1gybjub aw-1p7kakr ghpEtB jtovHP yle__article__paragraph\">Suviseurojen vaikutukset j\u00e4iv\u00e4t t\u00e4n\u00e4 kes\u00e4n\u00e4 odotettua pienemmiksi Lopella. T\u00e4m\u00e4 k\u00e4y ilmi tutkimuksesta, jossa otettiin vesin\u00e4ytteit\u00e4 seura-alueen ymp\u00e4rist\u00f6ss\u00e4 olevista vesist\u00f6ist\u00e4.<\/p>\n<p class=\"aw-1gybjub aw-1p7kakr ghpEtB jtovHP yle__article__paragraph\">Petojokea koskevat n\u00e4ytteet otettiin tierummun purkuputken l\u00e4htev\u00e4st\u00e4 p\u00e4\u00e4st\u00e4 ja Keski-Pompun n\u00e4ytteet suolammen reunasta. Iso-Melkuttimen n\u00e4ytteet otettiin uimarannan l\u00e4hettyvilt\u00e4 ja S\u00e4rkij\u00e4rven n\u00e4ytteet R\u00e4ysk\u00e4l\u00e4n lentokent\u00e4n kiitoradan p\u00e4\u00e4dyst\u00e4.<\/p>\n<p class=\"aw-1gybjub aw-1p7kakr ghpEtB jtovHP yle__article__paragraph\">Vesin\u00e4ytteiden mukaan Suviseuroista ei aiheutunut mit\u00e4\u00e4n selkeit\u00e4 vaikutuksia pintavesien laatuun. N\u00e4ytteenottajat havaitsivat vesist\u00f6jen l\u00e4heisyydess\u00e4 jonkin verran yksitt\u00e4isi\u00e4 roskia, mutta ei varsinaista roskaantumista.<\/p>\n<p>Suviseurat panosti ehk\u00e4isyyn<\/p>\n<p class=\"aw-1gybjub aw-1p7kakr ghpEtB jtovHP yle__article__paragraph\">Lopen ymp\u00e4rist\u00f6p\u00e4\u00e4llikk\u00f6 <strong class=\"aw-ak79eh KyCXm yle__article__strong\">Sonja Lahtinen<\/strong> kertoo, ett\u00e4 h\u00e4n ei saanut t\u00e4n\u00e4 kes\u00e4n\u00e4 j\u00e4rjestetyn tapahtuman aikana yht\u00e4\u00e4n palautetta. Sen sijaan edellisten Suviseurojen aikana kuntalaisilta tuli yhteydenottoja runsaasti.<\/p>\n<p class=\"aw-1gybjub aw-1p7kakr ghpEtB jtovHP yle__article__paragraph\">\u2013 T\u00e4m\u00e4 viittaa siihen, ett\u00e4 asukkaat olisivat todenn\u00e4k\u00f6isesti ilmoittaneet nytkin havainnoistaan, mik\u00e4li roskaantumista olisi esiintynyt. Seuraorganisaatio n\u00e4ytti my\u00f6s panostaneen roskaantumisen ehk\u00e4isyyn merkitt\u00e4v\u00e4sti aiempaa enemm\u00e4n, Lahtinen kertoo.<\/p>\n<p class=\"aw-1gybjub aw-1p7kakr ghpEtB jtovHP yle__article__paragraph\">Ensimm\u00e4iset, niin sanotut alkutason n\u00e4ytteet otettiin jo ennen Suviseuroja eli 17. kes\u00e4kuuta. Seuraavat n\u00e4ytteet otettiin 2. ja 15. hein\u00e4kuuta.<\/p>\n<p class=\"aw-1gybjub aw-1p7kakr ghpEtB jtovHP yle__article__paragraph\">N\u00e4ytteist\u00e4 analysoitiin monia asioita, kuten happipitoisuus, kokonaisfosfori, l\u00e4mp\u00f6kestoiset kolimuotoiset bakteerit, suolistoper\u00e4iset enterokokit ja E. coli -bakteerit.<\/p>\n","protected":false},"excerpt":{"rendered":"Lopen kunta halusi selvitt\u00e4\u00e4, miten Suviseurat vaikutti R\u00e4ysk\u00e4l\u00e4n alueen l\u00e4heisyydess\u00e4 sijaitsevien vesist\u00f6jen tilaan. Avaa kuvien katselu Suviseurat j\u00e4rjestettiin&hellip;\n","protected":false},"author":2,"featured_media":68718,"comment_status":"","ping_status":"","sticky":false,"template":"","format":"standard","meta":{"footnotes":""},"categories":[113],"tags":[3266,446,33,31,30,1794,13116,118,32,15283,119,15282,872,447],"class_list":{"0":"post-68717","1":"post","2":"type-post","3":"status-publish","4":"format-standard","5":"has-post-thumbnail","7":"category-ymparisto","8":"tag-bakteerit","9":"tag-environment","10":"tag-fi","11":"tag-finland","12":"tag-finnish","13":"tag-kanta-hame","14":"tag-loppi","15":"tag-science","16":"tag-suomi","17":"tag-suviseurat","18":"tag-tiede","19":"tag-vesinaytteet","20":"tag-vesistot","21":"tag-ymparisto"},"share_on_mastodon":{"url":"","error":""},"_links":{"self":[{"href":"https:\/\/www.europesays.com\/fi\/wp-json\/wp\/v2\/posts\/68717","targetHints":{"allow":["GET"]}}],"collection":[{"href":"https:\/\/www.europesays.com\/fi\/wp-json\/wp\/v2\/posts"}],"about":[{"href":"https:\/\/www.europesays.com\/fi\/wp-json\/wp\/v2\/types\/post"}],"author":[{"embeddable":true,"href":"https:\/\/www.europesays.com\/fi\/wp-json\/wp\/v2\/users\/2"}],"replies":[{"embeddable":true,"href":"https:\/\/www.europesays.com\/fi\/wp-json\/wp\/v2\/comments?post=68717"}],"version-history":[{"count":0,"href":"https:\/\/www.europesays.com\/fi\/wp-json\/wp\/v2\/posts\/68717\/revisions"}],"wp:featuredmedia":[{"embeddable":true,"href":"https:\/\/www.europesays.com\/fi\/wp-json\/wp\/v2\/media\/68718"}],"wp:attachment":[{"href":"https:\/\/www.europesays.com\/fi\/wp-json\/wp\/v2\/media?parent=68717"}],"wp:term":[{"taxonomy":"category","embeddable":true,"href":"https:\/\/www.europesays.com\/fi\/wp-json\/wp\/v2\/categories?post=68717"},{"taxonomy":"post_tag","embeddable":true,"href":"https:\/\/www.europesays.com\/fi\/wp-json\/wp\/v2\/tags?post=68717"}],"curies":[{"name":"wp","href":"https:\/\/api.w.org\/{rel}","templated":true}]}}